{"id":814,"date":"2018-03-01T08:07:49","date_gmt":"2018-03-01T07:07:49","guid":{"rendered":"http:\/\/cgfm.fr\/cgfmwp\/?p=814"},"modified":"2019-08-22T22:00:29","modified_gmt":"2019-08-22T20:00:29","slug":"trail-hivernal-de-la-haute-moselotte","status":"publish","type":"post","link":"https:\/\/cgfm.fr\/cgfmwp\/trail-hivernal-de-la-haute-moselotte\/","title":{"rendered":"Trail hivernal de la Haute Moselotte"},"content":{"rendered":"<p><a href=\"https:\/\/cgfm.fr\/cgfmwp\/wp-content\/uploads\/2018\/02\/affiche.png\"><img loading=\"lazy\" decoding=\"async\" class=\"alignnone wp-image-828\" src=\"https:\/\/cgfm.fr\/cgfmwp\/wp-content\/uploads\/2018\/02\/affiche-300x69.png\" alt=\"\" width=\"526\" height=\"121\" srcset=\"https:\/\/cgfm.fr\/cgfmwp\/wp-content\/uploads\/2018\/02\/affiche-300x69.png 300w, https:\/\/cgfm.fr\/cgfmwp\/wp-content\/uploads\/2018\/02\/affiche-768x177.png 768w, https:\/\/cgfm.fr\/cgfmwp\/wp-content\/uploads\/2018\/02\/affiche.png 967w\" sizes=\"auto, (max-width: 526px) 100vw, 526px\" \/><\/a><\/p>\n<p><strong>Voila le retour des 4 mousquetaires pour ce d\u00e9but de saison 2018\u00a0<\/strong><\/p>\n<blockquote><p>Nos quatre membres inscrit sur le 42 km avec ses 2000 d\u00e9nivel\u00e9s positifs ont commencer l&rsquo;ann\u00e9e parmi les 269 inscrits pour 231 arrivants\/class\u00e9s de cette belle \u00e9preuve.<\/p><\/blockquote>\n<p>Tous pr\u00e9sents \u00e0 l&rsquo;arriv\u00e9e avec plus ou moins de difficult\u00e9s dans le classement suivant au g\u00e9n\u00e9ral et par cat\u00e9gorie:<\/p>\n<figure id=\"attachment_825\" aria-describedby=\"caption-attachment-825\" style=\"width: 599px\" class=\"wp-caption alignnone\"><a href=\"https:\/\/cgfm.fr\/cgfmwp\/wp-content\/uploads\/2018\/02\/Fred-2.jpg\"><img loading=\"lazy\" decoding=\"async\" class=\"wp-image-825\" src=\"https:\/\/cgfm.fr\/cgfmwp\/wp-content\/uploads\/2018\/02\/Fred-2-300x200.jpg\" alt=\"\" width=\"599\" height=\"399\" srcset=\"https:\/\/cgfm.fr\/cgfmwp\/wp-content\/uploads\/2018\/02\/Fred-2-300x200.jpg 300w, https:\/\/cgfm.fr\/cgfmwp\/wp-content\/uploads\/2018\/02\/Fred-2-768x512.jpg 768w, https:\/\/cgfm.fr\/cgfmwp\/wp-content\/uploads\/2018\/02\/Fred-2-1024x683.jpg 1024w, https:\/\/cgfm.fr\/cgfmwp\/wp-content\/uploads\/2018\/02\/Fred-2.jpg 1878w\" sizes=\"auto, (max-width: 599px) 100vw, 599px\" \/><\/a><figcaption id=\"caption-attachment-825\" class=\"wp-caption-text\">Frederic : 57eme en 05:17:45 et 16eme V1 H<\/figcaption><\/figure>\n<blockquote>\n<div class=\"gmail_extra\">\n<div class=\"gmail_quote\">\n<blockquote class=\"gmail_quote\">\n<div>\n<div class=\"m_3705169470197957859m_6097057421678829214moz-forward-container\">\n<p><span style=\"font-size: xx-small;\"><b style=\"font-size: xx-small;\">\u00ab\u00a0Je suis content de ma course car j&rsquo;ai accumul\u00e9 beaucoup de kilom\u00e8tres les semaines pr\u00e9c\u00e9dentes,\u00a0\u00bb le temps \u00e9tait superbe et on a eu droit \u00e0 une belle neige sur presque tout le parcours, ce <\/b><span style=\"font-size: xx-small;\"><b>Trail<\/b><\/span><b style=\"font-size: xx-small;\">\u00a0reste magique et constitue un bon test de l&rsquo;\u00e9tat de forme en d\u00e9but de saison<\/b><\/span><\/p>\n<\/div>\n<\/div>\n<\/blockquote>\n<\/div>\n<\/div>\n<\/blockquote>\n<figure id=\"attachment_826\" aria-describedby=\"caption-attachment-826\" style=\"width: 590px\" class=\"wp-caption alignnone\"><a href=\"https:\/\/cgfm.fr\/cgfmwp\/wp-content\/uploads\/2018\/02\/Sam-2.jpg\"><img loading=\"lazy\" decoding=\"async\" class=\"wp-image-826\" src=\"https:\/\/cgfm.fr\/cgfmwp\/wp-content\/uploads\/2018\/02\/Sam-2-300x200.jpg\" alt=\"\" width=\"590\" height=\"393\" srcset=\"https:\/\/cgfm.fr\/cgfmwp\/wp-content\/uploads\/2018\/02\/Sam-2-300x200.jpg 300w, https:\/\/cgfm.fr\/cgfmwp\/wp-content\/uploads\/2018\/02\/Sam-2-768x512.jpg 768w, https:\/\/cgfm.fr\/cgfmwp\/wp-content\/uploads\/2018\/02\/Sam-2-1024x682.jpg 1024w, https:\/\/cgfm.fr\/cgfmwp\/wp-content\/uploads\/2018\/02\/Sam-2.jpg 1850w\" sizes=\"auto, (max-width: 590px) 100vw, 590px\" \/><\/a><figcaption id=\"caption-attachment-826\" class=\"wp-caption-text\">Samuel : 95eme en 05:45:42et 28eme V1H<\/figcaption><\/figure>\n<p>(Nous attendons les commentaires de Sam)<\/p>\n<figure id=\"attachment_821\" aria-describedby=\"caption-attachment-821\" style=\"width: 563px\" class=\"wp-caption alignnone\"><a href=\"https:\/\/cgfm.fr\/cgfmwp\/wp-content\/uploads\/2018\/02\/Eric.jpg\"><img loading=\"lazy\" decoding=\"async\" class=\"wp-image-821\" src=\"https:\/\/cgfm.fr\/cgfmwp\/wp-content\/uploads\/2018\/02\/Eric-300x200.jpg\" alt=\"\" width=\"563\" height=\"375\" srcset=\"https:\/\/cgfm.fr\/cgfmwp\/wp-content\/uploads\/2018\/02\/Eric-300x200.jpg 300w, https:\/\/cgfm.fr\/cgfmwp\/wp-content\/uploads\/2018\/02\/Eric-768x512.jpg 768w, https:\/\/cgfm.fr\/cgfmwp\/wp-content\/uploads\/2018\/02\/Eric-1024x683.jpg 1024w, https:\/\/cgfm.fr\/cgfmwp\/wp-content\/uploads\/2018\/02\/Eric.jpg 1874w\" sizes=\"auto, (max-width: 563px) 100vw, 563px\" \/><\/a><figcaption id=\"caption-attachment-821\" class=\"wp-caption-text\">Eric : 97eme en 05:48:37 et 9eme VH2<\/figcaption><\/figure>\n<p><em><strong>\u00ab\u00a0Pour ma part ce Trail a \u00e9t\u00e9 bien g\u00e9r\u00e9, en vue de mon objectif\u00a0\u00bb tranquille du d\u00e9but \u00e0 la fin\u00a0 avec juste une petite erreur d&rsquo;aiguillage mais sans grande cons\u00e9quence.\u00a0<\/strong><\/em><em><strong>En tout cas ce Trail reste magnifique par son parcours pas facile mais aussi par ses points de vue ce jour-l\u00e0 avec un soleil magnifique <\/strong><strong>Nous \u00e9tions au-dessus des nuages&#8230;.splendides paysages malgr\u00e9 le froid\u00a0<\/strong> (- 3 degr\u00e9s au d\u00e9part 7 h du mat.)<\/em><\/p>\n<figure id=\"attachment_823\" aria-describedby=\"caption-attachment-823\" style=\"width: 597px\" class=\"wp-caption alignnone\"><a href=\"https:\/\/cgfm.fr\/cgfmwp\/wp-content\/uploads\/2018\/02\/Michael-2.jpg\"><img loading=\"lazy\" decoding=\"async\" class=\"wp-image-823\" src=\"https:\/\/cgfm.fr\/cgfmwp\/wp-content\/uploads\/2018\/02\/Michael-2-300x200.jpg\" alt=\"\" width=\"597\" height=\"398\" srcset=\"https:\/\/cgfm.fr\/cgfmwp\/wp-content\/uploads\/2018\/02\/Michael-2-300x200.jpg 300w, https:\/\/cgfm.fr\/cgfmwp\/wp-content\/uploads\/2018\/02\/Michael-2-768x511.jpg 768w, https:\/\/cgfm.fr\/cgfmwp\/wp-content\/uploads\/2018\/02\/Michael-2-1024x681.jpg 1024w, https:\/\/cgfm.fr\/cgfmwp\/wp-content\/uploads\/2018\/02\/Michael-2.jpg 1868w\" sizes=\"auto, (max-width: 597px) 100vw, 597px\" \/><\/a><figcaption id=\"caption-attachment-823\" class=\"wp-caption-text\">Michael : 145eme en 06:26:43 et 77eme SEH<\/figcaption><\/figure>\n<p><em><strong>\u00ab\u00a0Il y a des jours avec et des jours sans\u00a0\u00bb<br \/>\nEn d\u00e9butant malade, je partais pour un jour sans. Dans ces moment-l\u00e0, la victoire est simplement d\u2019arriver \u00e0 la fin, peu importe le temps.\u00a0<\/strong><\/em><strong><em>En esp\u00e9rant \u00eatre en forme pour la prochaine\u00a0<\/em><\/strong><\/p>\n<p>&nbsp;<\/p>\n","protected":false},"excerpt":{"rendered":"<p>Voila le retour des 4 mousquetaires pour ce d\u00e9but de saison 2018\u00a0 Nos quatre membres inscrit sur le 42 km avec ses 2000 d\u00e9nivel\u00e9s positifs ont commencer l&rsquo;ann\u00e9e parmi les 269 inscrits pour 231 arrivants\/class\u00e9s de cette belle \u00e9preuve. Tous pr\u00e9sents \u00e0 l&rsquo;arriv\u00e9e avec plus ou moins de difficult\u00e9s dans le classement suivant au g\u00e9n\u00e9ral &hellip; <\/p>\n<p class=\"link-more\"><a href=\"https:\/\/cgfm.fr\/cgfmwp\/trail-hivernal-de-la-haute-moselotte\/\" class=\"more-link\">Lire la suite de<span class=\"screen-reader-text\">\u00ab\u00a0Trail hivernal de la Haute Moselotte\u00a0\u00bb<\/span><\/a><\/p>\n","protected":false},"author":3,"featured_media":0,"comment_status":"open","ping_status":"open","sticky":false,"template":"","format":"standard","meta":{"footnotes":""},"categories":[6],"tags":[],"class_list":["post-814","post","type-post","status-publish","format-standard","hentry","category-les-resultats-des-cegefemienemiens"],"_links":{"self":[{"href":"https:\/\/cgfm.fr\/cgfmwp\/wp-json\/wp\/v2\/posts\/814","targetHints":{"allow":["GET"]}}],"collection":[{"href":"https:\/\/cgfm.fr\/cgfmwp\/wp-json\/wp\/v2\/posts"}],"about":[{"href":"https:\/\/cgfm.fr\/cgfmwp\/wp-json\/wp\/v2\/types\/post"}],"author":[{"embeddable":true,"href":"https:\/\/cgfm.fr\/cgfmwp\/wp-json\/wp\/v2\/users\/3"}],"replies":[{"embeddable":true,"href":"https:\/\/cgfm.fr\/cgfmwp\/wp-json\/wp\/v2\/comments?post=814"}],"version-history":[{"count":0,"href":"https:\/\/cgfm.fr\/cgfmwp\/wp-json\/wp\/v2\/posts\/814\/revisions"}],"wp:attachment":[{"href":"https:\/\/cgfm.fr\/cgfmwp\/wp-json\/wp\/v2\/media?parent=814"}],"wp:term":[{"taxonomy":"category","embeddable":true,"href":"https:\/\/cgfm.fr\/cgfmwp\/wp-json\/wp\/v2\/categories?post=814"},{"taxonomy":"post_tag","embeddable":true,"href":"https:\/\/cgfm.fr\/cgfmwp\/wp-json\/wp\/v2\/tags?post=814"}],"curies":[{"name":"wp","href":"https:\/\/api.w.org\/{rel}","templated":true}]}}