{"id":807,"date":"2017-12-28T15:10:00","date_gmt":"2017-12-28T14:10:00","guid":{"rendered":"http:\/\/cgfm.fr\/cgfmwp\/?p=807"},"modified":"2019-08-22T22:02:04","modified_gmt":"2019-08-22T20:02:04","slug":"saison-2018","status":"publish","type":"post","link":"https:\/\/cgfm.fr\/cgfmwp\/saison-2018\/","title":{"rendered":"Saison 2018"},"content":{"rendered":"<blockquote><p><a href=\"https:\/\/cgfm.fr\/cgfmwp\/wp-content\/uploads\/2017\/12\/saison-2018.jpg\"><img loading=\"lazy\" decoding=\"async\" class=\"alignnone wp-image-812\" src=\"https:\/\/cgfm.fr\/cgfmwp\/wp-content\/uploads\/2017\/12\/saison-2018-300x123.jpg\" alt=\"\" width=\"444\" height=\"182\" srcset=\"https:\/\/cgfm.fr\/cgfmwp\/wp-content\/uploads\/2017\/12\/saison-2018-300x123.jpg 300w, https:\/\/cgfm.fr\/cgfmwp\/wp-content\/uploads\/2017\/12\/saison-2018-768x314.jpg 768w, https:\/\/cgfm.fr\/cgfmwp\/wp-content\/uploads\/2017\/12\/saison-2018.jpg 868w\" sizes=\"auto, (max-width: 444px) 100vw, 444px\" \/><\/a><\/p>\n<p><strong>C&rsquo;est avec plaisir que nous validons la date officielle de la reprise de nos entra\u00eenements pour la saison 2018.<\/strong><\/p>\n<p>Nous vous invitons donc \u00e0 rejoindre les vestiaires du club le <strong>mercredi 10 janvier \u00e0 18h30<\/strong> pour la premi\u00e8re sortie de la nouvelle saison qui nous le souhaitons confirmera encore le dynamisme de notre groupe.<\/p><\/blockquote>\n<figure id=\"attachment_811\" aria-describedby=\"caption-attachment-811\" style=\"width: 454px\" class=\"wp-caption alignnone\"><a href=\"https:\/\/cgfm.fr\/cgfmwp\/wp-content\/uploads\/2017\/12\/CGFM-VESIAIRES-2.png\"><img loading=\"lazy\" decoding=\"async\" class=\"wp-image-811\" src=\"https:\/\/cgfm.fr\/cgfmwp\/wp-content\/uploads\/2017\/12\/CGFM-VESIAIRES-2-300x158.png\" alt=\"\" width=\"454\" height=\"239\" srcset=\"https:\/\/cgfm.fr\/cgfmwp\/wp-content\/uploads\/2017\/12\/CGFM-VESIAIRES-2-300x158.png 300w, https:\/\/cgfm.fr\/cgfmwp\/wp-content\/uploads\/2017\/12\/CGFM-VESIAIRES-2-768x404.png 768w, https:\/\/cgfm.fr\/cgfmwp\/wp-content\/uploads\/2017\/12\/CGFM-VESIAIRES-2-1024x538.png 1024w, https:\/\/cgfm.fr\/cgfmwp\/wp-content\/uploads\/2017\/12\/CGFM-VESIAIRES-2.png 1273w\" sizes=\"auto, (max-width: 454px) 100vw, 454px\" \/><\/a><figcaption id=\"caption-attachment-811\" class=\"wp-caption-text\">Stade Pierre De Coubertin Entr\u00e9e foot Mulhouse<\/figcaption><\/figure>\n<figure id=\"attachment_808\" aria-describedby=\"caption-attachment-808\" style=\"width: 454px\" class=\"wp-caption alignnone\"><a href=\"https:\/\/cgfm.fr\/cgfmwp\/wp-content\/uploads\/2017\/12\/CGFM-VESIAIRES.png\"><img loading=\"lazy\" decoding=\"async\" class=\"wp-image-808\" src=\"https:\/\/cgfm.fr\/cgfmwp\/wp-content\/uploads\/2017\/12\/CGFM-VESIAIRES-300x115.png\" alt=\"\" width=\"454\" height=\"174\" srcset=\"https:\/\/cgfm.fr\/cgfmwp\/wp-content\/uploads\/2017\/12\/CGFM-VESIAIRES-300x115.png 300w, https:\/\/cgfm.fr\/cgfmwp\/wp-content\/uploads\/2017\/12\/CGFM-VESIAIRES-768x293.png 768w, https:\/\/cgfm.fr\/cgfmwp\/wp-content\/uploads\/2017\/12\/CGFM-VESIAIRES-1024x391.png 1024w, https:\/\/cgfm.fr\/cgfmwp\/wp-content\/uploads\/2017\/12\/CGFM-VESIAIRES.png 1737w\" sizes=\"auto, (max-width: 454px) 100vw, 454px\" \/><\/a><figcaption id=\"caption-attachment-808\" class=\"wp-caption-text\">Stade Pierre De Coubertin Entr\u00e9e foot Mulhouse<\/figcaption><\/figure>\n<blockquote><p>Notre nouveau pr\u00e9sident ainsi que l&rsquo;ensemble du comit\u00e9 vous remercient d&rsquo;avoir choisi le CGFM pour pratiquer cette passion commune et restent \u00e0 votre enti\u00e8re disposition pour vous apporter conseils et \u00e9coute tout au long de cette nouvelle saison.<\/p><\/blockquote>\n","protected":false},"excerpt":{"rendered":"<p>C&rsquo;est avec plaisir que nous validons la date officielle de la reprise de nos entra\u00eenements pour la saison 2018. Nous vous invitons donc \u00e0 rejoindre les vestiaires du club le mercredi 10 janvier \u00e0 18h30 pour la premi\u00e8re sortie de la nouvelle saison qui nous le souhaitons confirmera encore le dynamisme de notre groupe. Notre &hellip; <\/p>\n<p class=\"link-more\"><a href=\"https:\/\/cgfm.fr\/cgfmwp\/saison-2018\/\" class=\"more-link\">Lire la suite de<span class=\"screen-reader-text\">\u00ab\u00a0Saison 2018\u00a0\u00bb<\/span><\/a><\/p>\n","protected":false},"author":3,"featured_media":0,"comment_status":"open","ping_status":"open","sticky":false,"template":"","format":"standard","meta":{"footnotes":""},"categories":[18],"tags":[],"class_list":["post-807","post","type-post","status-publish","format-standard","hentry","category-infos"],"_links":{"self":[{"href":"https:\/\/cgfm.fr\/cgfmwp\/wp-json\/wp\/v2\/posts\/807","targetHints":{"allow":["GET"]}}],"collection":[{"href":"https:\/\/cgfm.fr\/cgfmwp\/wp-json\/wp\/v2\/posts"}],"about":[{"href":"https:\/\/cgfm.fr\/cgfmwp\/wp-json\/wp\/v2\/types\/post"}],"author":[{"embeddable":true,"href":"https:\/\/cgfm.fr\/cgfmwp\/wp-json\/wp\/v2\/users\/3"}],"replies":[{"embeddable":true,"href":"https:\/\/cgfm.fr\/cgfmwp\/wp-json\/wp\/v2\/comments?post=807"}],"version-history":[{"count":0,"href":"https:\/\/cgfm.fr\/cgfmwp\/wp-json\/wp\/v2\/posts\/807\/revisions"}],"wp:attachment":[{"href":"https:\/\/cgfm.fr\/cgfmwp\/wp-json\/wp\/v2\/media?parent=807"}],"wp:term":[{"taxonomy":"category","embeddable":true,"href":"https:\/\/cgfm.fr\/cgfmwp\/wp-json\/wp\/v2\/categories?post=807"},{"taxonomy":"post_tag","embeddable":true,"href":"https:\/\/cgfm.fr\/cgfmwp\/wp-json\/wp\/v2\/tags?post=807"}],"curies":[{"name":"wp","href":"https:\/\/api.w.org\/{rel}","templated":true}]}}