{"id":799,"date":"2017-11-27T09:32:24","date_gmt":"2017-11-27T08:32:24","guid":{"rendered":"http:\/\/cgfm.fr\/cgfmwp\/?p=799"},"modified":"2020-01-13T18:45:18","modified_gmt":"2020-01-13T17:45:18","slug":"course-ou-marche-pour-le-telethon-a-bruebach-le-10-decembre-2017","status":"publish","type":"post","link":"https:\/\/cgfm.fr\/cgfmwp\/course-ou-marche-pour-le-telethon-a-bruebach-le-10-decembre-2017\/","title":{"rendered":"Course ou Marche pour le Telethon \u00e0 Bruebach le 10 D\u00e9cembre 2017"},"content":{"rendered":"<p><a href=\"https:\/\/cgfm.fr\/cgfmwp\/wp-content\/uploads\/2017\/11\/telethon-Bruebach.png\"><img loading=\"lazy\" decoding=\"async\" class=\"size-medium wp-image-800 alignleft\" src=\"https:\/\/cgfm.fr\/cgfmwp\/wp-content\/uploads\/2017\/11\/telethon-Bruebach-211x300.png\" alt=\"\" width=\"211\" height=\"300\" srcset=\"https:\/\/cgfm.fr\/cgfmwp\/wp-content\/uploads\/2017\/11\/telethon-Bruebach-211x300.png 211w, https:\/\/cgfm.fr\/cgfmwp\/wp-content\/uploads\/2017\/11\/telethon-Bruebach.png 395w\" sizes=\"auto, (max-width: 211px) 100vw, 211px\" \/><\/a><\/p>\n<p><strong>Chaussez vos baskets pour le d\u00e9fi organis\u00e9 par L\u2019OMSAP de Bruebach au profit\u00a0du t\u00e9l\u00e9thon le 10 d\u00e9cembre.<\/strong><\/p>\n<p>Une boucle de 700m est propos\u00e9e, chacun pouvant courir ou marcher \u00e0 son rythme, et un parcours VTT de 25 Km.<\/p>\n<p>R\u00e9compense pour la personne qui fera le plus de tour\u00a0!<\/p>\n<p>&nbsp;<\/p>\n","protected":false},"excerpt":{"rendered":"<p>Chaussez vos baskets pour le d\u00e9fi organis\u00e9 par L\u2019OMSAP de Bruebach au profit\u00a0du t\u00e9l\u00e9thon le 10 d\u00e9cembre. Une boucle de 700m est propos\u00e9e, chacun pouvant courir ou marcher \u00e0 son rythme, et un parcours VTT de 25 Km. R\u00e9compense pour la personne qui fera le plus de tour\u00a0! &nbsp;<\/p>\n","protected":false},"author":3,"featured_media":0,"comment_status":"open","ping_status":"open","sticky":false,"template":"","format":"standard","meta":{"footnotes":""},"categories":[24],"tags":[],"class_list":["post-799","post","type-post","status-publish","format-standard","hentry","category-benevolat-courses-caricatives"],"_links":{"self":[{"href":"https:\/\/cgfm.fr\/cgfmwp\/wp-json\/wp\/v2\/posts\/799","targetHints":{"allow":["GET"]}}],"collection":[{"href":"https:\/\/cgfm.fr\/cgfmwp\/wp-json\/wp\/v2\/posts"}],"about":[{"href":"https:\/\/cgfm.fr\/cgfmwp\/wp-json\/wp\/v2\/types\/post"}],"author":[{"embeddable":true,"href":"https:\/\/cgfm.fr\/cgfmwp\/wp-json\/wp\/v2\/users\/3"}],"replies":[{"embeddable":true,"href":"https:\/\/cgfm.fr\/cgfmwp\/wp-json\/wp\/v2\/comments?post=799"}],"version-history":[{"count":0,"href":"https:\/\/cgfm.fr\/cgfmwp\/wp-json\/wp\/v2\/posts\/799\/revisions"}],"wp:attachment":[{"href":"https:\/\/cgfm.fr\/cgfmwp\/wp-json\/wp\/v2\/media?parent=799"}],"wp:term":[{"taxonomy":"category","embeddable":true,"href":"https:\/\/cgfm.fr\/cgfmwp\/wp-json\/wp\/v2\/categories?post=799"},{"taxonomy":"post_tag","embeddable":true,"href":"https:\/\/cgfm.fr\/cgfmwp\/wp-json\/wp\/v2\/tags?post=799"}],"curies":[{"name":"wp","href":"https:\/\/api.w.org\/{rel}","templated":true}]}}