{"id":795,"date":"2017-11-27T09:25:10","date_gmt":"2017-11-27T08:25:10","guid":{"rendered":"http:\/\/cgfm.fr\/cgfmwp\/?p=795"},"modified":"2020-01-13T18:45:37","modified_gmt":"2020-01-13T17:45:37","slug":"trail-telethon-de-buhl-dimanche-3-decembre-2017","status":"publish","type":"post","link":"https:\/\/cgfm.fr\/cgfmwp\/trail-telethon-de-buhl-dimanche-3-decembre-2017\/","title":{"rendered":"Trail Telethon de Buhl Dimanche 3 Decembre 2017"},"content":{"rendered":"<p><a href=\"https:\/\/cgfm.fr\/cgfmwp\/wp-content\/uploads\/2017\/11\/telethon-Buhl.png\"><img loading=\"lazy\" decoding=\"async\" class=\"size-medium wp-image-797 alignleft\" src=\"https:\/\/cgfm.fr\/cgfmwp\/wp-content\/uploads\/2017\/11\/telethon-Buhl-227x300.png\" alt=\"\" width=\"227\" height=\"300\" srcset=\"https:\/\/cgfm.fr\/cgfmwp\/wp-content\/uploads\/2017\/11\/telethon-Buhl-227x300.png 227w, https:\/\/cgfm.fr\/cgfmwp\/wp-content\/uploads\/2017\/11\/telethon-Buhl.png 551w\" sizes=\"auto, (max-width: 227px) 100vw, 227px\" \/><\/a>LA MJC de Buhl organise \u00a0son 1er trail \u00a0au\u00a0b\u00e9n\u00e9fice\u00a0du t\u00e9l\u00e9thon le 3 d\u00e9cembre prochain. \u00a0L&rsquo;occasion pourquoi pas de faire une sympathique\u00a0sortie dominicale en groupe \u00ab\u00a0CGFM\u00a0\u00bb<\/p>\n<p>Deux parcours sont propos\u00e9s, chacun pouvant courir \u00e0 son rythme :<\/p>\n<p>9 km\/208 de D+\u00a0 et 15 km\/477 de D+<\/p>\n<p>Alors \u00a0si le c\u0153ur vous en dit et que vos belles gambettes muscl\u00e9es le souhaitent\u00a0rendez-vous sur la ligne de d\u00e9part le 3 d\u00e9cembre \u00e0 10h \u00a0&#x1f60a;<\/p>\n<p><a href=\"https:\/\/cgfm.fr\/cgfmwp\/wp-content\/uploads\/2017\/11\/renseignements-trail-telethon-Buhl-2017.pdf\">renseignements-trail-telethon Buhl 2017<\/a><\/p>\n","protected":false},"excerpt":{"rendered":"<p>LA MJC de Buhl organise \u00a0son 1er trail \u00a0au\u00a0b\u00e9n\u00e9fice\u00a0du t\u00e9l\u00e9thon le 3 d\u00e9cembre prochain. \u00a0L&rsquo;occasion pourquoi pas de faire une sympathique\u00a0sortie dominicale en groupe \u00ab\u00a0CGFM\u00a0\u00bb Deux parcours sont propos\u00e9s, chacun pouvant courir \u00e0 son rythme : 9 km\/208 de D+\u00a0 et 15 km\/477 de D+ Alors \u00a0si le c\u0153ur vous en dit et que vos &hellip; <\/p>\n<p class=\"link-more\"><a href=\"https:\/\/cgfm.fr\/cgfmwp\/trail-telethon-de-buhl-dimanche-3-decembre-2017\/\" class=\"more-link\">Lire la suite de<span class=\"screen-reader-text\">\u00ab\u00a0Trail Telethon de Buhl Dimanche 3 Decembre 2017\u00a0\u00bb<\/span><\/a><\/p>\n","protected":false},"author":3,"featured_media":0,"comment_status":"open","ping_status":"open","sticky":false,"template":"","format":"standard","meta":{"footnotes":""},"categories":[24],"tags":[],"class_list":["post-795","post","type-post","status-publish","format-standard","hentry","category-benevolat-courses-caricatives"],"_links":{"self":[{"href":"https:\/\/cgfm.fr\/cgfmwp\/wp-json\/wp\/v2\/posts\/795","targetHints":{"allow":["GET"]}}],"collection":[{"href":"https:\/\/cgfm.fr\/cgfmwp\/wp-json\/wp\/v2\/posts"}],"about":[{"href":"https:\/\/cgfm.fr\/cgfmwp\/wp-json\/wp\/v2\/types\/post"}],"author":[{"embeddable":true,"href":"https:\/\/cgfm.fr\/cgfmwp\/wp-json\/wp\/v2\/users\/3"}],"replies":[{"embeddable":true,"href":"https:\/\/cgfm.fr\/cgfmwp\/wp-json\/wp\/v2\/comments?post=795"}],"version-history":[{"count":0,"href":"https:\/\/cgfm.fr\/cgfmwp\/wp-json\/wp\/v2\/posts\/795\/revisions"}],"wp:attachment":[{"href":"https:\/\/cgfm.fr\/cgfmwp\/wp-json\/wp\/v2\/media?parent=795"}],"wp:term":[{"taxonomy":"category","embeddable":true,"href":"https:\/\/cgfm.fr\/cgfmwp\/wp-json\/wp\/v2\/categories?post=795"},{"taxonomy":"post_tag","embeddable":true,"href":"https:\/\/cgfm.fr\/cgfmwp\/wp-json\/wp\/v2\/tags?post=795"}],"curies":[{"name":"wp","href":"https:\/\/api.w.org\/{rel}","templated":true}]}}