{"id":761,"date":"2017-11-21T13:58:58","date_gmt":"2017-11-21T12:58:58","guid":{"rendered":"http:\/\/cgfm.fr\/cgfmwp\/?p=761"},"modified":"2019-08-24T09:59:01","modified_gmt":"2019-08-24T07:59:01","slug":"sortie-club-2017-4-epreuves-12-podium","status":"publish","type":"post","link":"https:\/\/cgfm.fr\/cgfmwp\/sortie-club-2017-4-epreuves-12-podium\/","title":{"rendered":"Sortie Club 2017 &#8211; 4 \u00e9preuves \/ 12 podium &#8230;"},"content":{"rendered":"<blockquote><p><strong>Comme chaque ann\u00e9e notre Club a pris la clef des champs afin de participer \u00e0 un \u00e9v\u00e9nement sportif national.<\/strong><\/p><\/blockquote>\n<p><a href=\"https:\/\/cgfm.fr\/cgfmwp\/wp-content\/uploads\/2017\/11\/affiche-sorie-club-2017.jpg\"><img loading=\"lazy\" decoding=\"async\" class=\"size-medium wp-image-764 alignleft\" src=\"https:\/\/cgfm.fr\/cgfmwp\/wp-content\/uploads\/2017\/11\/affiche-sorie-club-2017-211x300.jpg\" alt=\"\" width=\"211\" height=\"300\" srcset=\"https:\/\/cgfm.fr\/cgfmwp\/wp-content\/uploads\/2017\/11\/affiche-sorie-club-2017-211x300.jpg 211w, https:\/\/cgfm.fr\/cgfmwp\/wp-content\/uploads\/2017\/11\/affiche-sorie-club-2017-768x1090.jpg 768w, https:\/\/cgfm.fr\/cgfmwp\/wp-content\/uploads\/2017\/11\/affiche-sorie-club-2017-722x1024.jpg 722w, https:\/\/cgfm.fr\/cgfmwp\/wp-content\/uploads\/2017\/11\/affiche-sorie-club-2017.jpg 1708w\" sizes=\"auto, (max-width: 211px) 100vw, 211px\" \/><\/a><strong>Au programme de cette\u00a0 \u00e9dition 2017 &#8211;\u00a0 Le Trail du Haut Clunysois<\/strong> \u00e9preuve qualificative pour l&rsquo;UMB permettant au choix de parcourir de 5 a 69 km dans la campagne vallonn\u00e9e de cette belle r\u00e9gion de Bourgogne.<\/p>\n<p>Mais ne vous fiez pas aux apparences&#8230; ces petites collines vous rappellent\u00a0vite que le Trail est et reste une discipline de r\u00e9sistance aux changements d&rsquo;allures et que ces \u00e9preuves de faible altitude sont des briseuses de jambes&#8230;<\/p>\n<p><a href=\"https:\/\/cgfm.fr\/cgfmwp\/wp-content\/uploads\/2017\/11\/CGFM17-094.jpg\"><img loading=\"lazy\" decoding=\"async\" class=\"alignnone wp-image-770\" src=\"https:\/\/cgfm.fr\/cgfmwp\/wp-content\/uploads\/2017\/11\/CGFM17-094-300x208.jpg\" alt=\"\" width=\"464\" height=\"322\" srcset=\"https:\/\/cgfm.fr\/cgfmwp\/wp-content\/uploads\/2017\/11\/CGFM17-094-300x208.jpg 300w, https:\/\/cgfm.fr\/cgfmwp\/wp-content\/uploads\/2017\/11\/CGFM17-094-768x532.jpg 768w, https:\/\/cgfm.fr\/cgfmwp\/wp-content\/uploads\/2017\/11\/CGFM17-094-1024x710.jpg 1024w\" sizes=\"auto, (max-width: 464px) 100vw, 464px\" \/><\/a><\/p>\n<p>C&rsquo;est donc dans la joie et la bonne humeur que nos 9 f\u00e9minine et nos 17 repr\u00e9sentants masculins se sont pr\u00e9sent\u00e9s sur les diff\u00e9rentes \u00e9preuves au programme de cette journ\u00e9e ensoleill\u00e9e de d\u00e9but d\u2019automne avec la ferme intention de faire briller au plus haut les couleurs de notre club.<\/p>\n<p><a href=\"https:\/\/cgfm.fr\/cgfmwp\/wp-content\/uploads\/2017\/11\/20171020_183958-e1510175798420.jpg\"><img loading=\"lazy\" decoding=\"async\" class=\"wp-image-791 alignright\" src=\"https:\/\/cgfm.fr\/cgfmwp\/wp-content\/uploads\/2017\/11\/20171020_183958-e1510175798420-169x300.jpg\" alt=\"\" width=\"157\" height=\"279\" srcset=\"https:\/\/cgfm.fr\/cgfmwp\/wp-content\/uploads\/2017\/11\/20171020_183958-e1510175798420-169x300.jpg 169w, https:\/\/cgfm.fr\/cgfmwp\/wp-content\/uploads\/2017\/11\/20171020_183958-e1510175798420-768x1365.jpg 768w, https:\/\/cgfm.fr\/cgfmwp\/wp-content\/uploads\/2017\/11\/20171020_183958-e1510175798420-576x1024.jpg 576w, https:\/\/cgfm.fr\/cgfmwp\/wp-content\/uploads\/2017\/11\/20171020_183958-e1510175798420.jpg 1836w\" sizes=\"auto, (max-width: 157px) 100vw, 157px\" \/><\/a><\/p>\n<p><a href=\"https:\/\/cgfm.fr\/cgfmwp\/wp-content\/uploads\/2017\/11\/DSC06570-d\u00e9part-15km.jpg\"><img loading=\"lazy\" decoding=\"async\" class=\" wp-image-772 alignleft\" src=\"https:\/\/cgfm.fr\/cgfmwp\/wp-content\/uploads\/2017\/11\/DSC06570-d\u00e9part-15km-300x225.jpg\" alt=\"\" width=\"473\" height=\"354\" srcset=\"https:\/\/cgfm.fr\/cgfmwp\/wp-content\/uploads\/2017\/11\/DSC06570-d\u00e9part-15km-300x225.jpg 300w, https:\/\/cgfm.fr\/cgfmwp\/wp-content\/uploads\/2017\/11\/DSC06570-d\u00e9part-15km-768x576.jpg 768w, https:\/\/cgfm.fr\/cgfmwp\/wp-content\/uploads\/2017\/11\/DSC06570-d\u00e9part-15km.jpg 1024w\" sizes=\"auto, (max-width: 473px) 100vw, 473px\" \/><\/a><\/p>\n<p>&nbsp;<\/p>\n<p>&nbsp;<\/p>\n<p><a href=\"https:\/\/cgfm.fr\/cgfmwp\/wp-content\/uploads\/2017\/11\/CGFM17-009.jpg\">Et au passage d\u2019inaugurer nos toutes nouvelles tenues\u00a0<img loading=\"lazy\" decoding=\"async\" class=\"alignnone wp-image-773\" src=\"https:\/\/cgfm.fr\/cgfmwp\/wp-content\/uploads\/2017\/11\/CGFM17-009-300x201.jpg\" alt=\"\" width=\"472\" height=\"316\" srcset=\"https:\/\/cgfm.fr\/cgfmwp\/wp-content\/uploads\/2017\/11\/CGFM17-009-300x201.jpg 300w, https:\/\/cgfm.fr\/cgfmwp\/wp-content\/uploads\/2017\/11\/CGFM17-009-768x514.jpg 768w, https:\/\/cgfm.fr\/cgfmwp\/wp-content\/uploads\/2017\/11\/CGFM17-009-1024x685.jpg 1024w\" sizes=\"auto, (max-width: 472px) 100vw, 472px\" \/><\/a><\/p>\n<p>Belle motivation et grosse performance de <strong><em>Francis, Jean Luc, Fadma, Estelle, Yolande, et Gerard\u00a0<\/em><\/strong> qui se placent tous sur la plus haute marche du podium dans leur cat\u00e9gorie respective.<\/p>\n<p><a href=\"https:\/\/cgfm.fr\/cgfmwp\/wp-content\/uploads\/2017\/11\/Victory_podium.png\"><img loading=\"lazy\" decoding=\"async\" class=\"alignnone wp-image-768\" src=\"https:\/\/cgfm.fr\/cgfmwp\/wp-content\/uploads\/2017\/11\/Victory_podium-300x225.png\" alt=\"\" width=\"452\" height=\"339\" srcset=\"https:\/\/cgfm.fr\/cgfmwp\/wp-content\/uploads\/2017\/11\/Victory_podium-300x225.png 300w, https:\/\/cgfm.fr\/cgfmwp\/wp-content\/uploads\/2017\/11\/Victory_podium-768x576.png 768w, https:\/\/cgfm.fr\/cgfmwp\/wp-content\/uploads\/2017\/11\/Victory_podium-1024x768.png 1024w, https:\/\/cgfm.fr\/cgfmwp\/wp-content\/uploads\/2017\/11\/Victory_podium.png 1600w\" sizes=\"auto, (max-width: 452px) 100vw, 452px\" \/><\/a><\/p>\n<figure id=\"attachment_775\" aria-describedby=\"caption-attachment-775\" style=\"width: 459px\" class=\"wp-caption alignnone\"><a href=\"https:\/\/cgfm.fr\/cgfmwp\/wp-content\/uploads\/2017\/11\/CGFM17-018.jpg\"><img loading=\"lazy\" decoding=\"async\" class=\"wp-image-775\" src=\"https:\/\/cgfm.fr\/cgfmwp\/wp-content\/uploads\/2017\/11\/CGFM17-018-300x292.jpg\" alt=\"\" width=\"459\" height=\"447\" srcset=\"https:\/\/cgfm.fr\/cgfmwp\/wp-content\/uploads\/2017\/11\/CGFM17-018-300x292.jpg 300w, https:\/\/cgfm.fr\/cgfmwp\/wp-content\/uploads\/2017\/11\/CGFM17-018-768x747.jpg 768w, https:\/\/cgfm.fr\/cgfmwp\/wp-content\/uploads\/2017\/11\/CGFM17-018-1024x996.jpg 1024w\" sizes=\"auto, (max-width: 459px) 100vw, 459px\" \/><\/a><figcaption id=\"caption-attachment-775\" class=\"wp-caption-text\">1e V4H sur 15 KM:\u00a0FRANCIS<\/figcaption><\/figure>\n<figure id=\"attachment_776\" aria-describedby=\"caption-attachment-776\" style=\"width: 460px\" class=\"wp-caption alignnone\"><a href=\"https:\/\/cgfm.fr\/cgfmwp\/wp-content\/uploads\/2017\/11\/CGFM17-017-Copie.jpg\"><img loading=\"lazy\" decoding=\"async\" class=\"wp-image-776\" src=\"https:\/\/cgfm.fr\/cgfmwp\/wp-content\/uploads\/2017\/11\/CGFM17-017-Copie-255x300.jpg\" alt=\"\" width=\"460\" height=\"541\" srcset=\"https:\/\/cgfm.fr\/cgfmwp\/wp-content\/uploads\/2017\/11\/CGFM17-017-Copie-255x300.jpg 255w, https:\/\/cgfm.fr\/cgfmwp\/wp-content\/uploads\/2017\/11\/CGFM17-017-Copie-768x904.jpg 768w, https:\/\/cgfm.fr\/cgfmwp\/wp-content\/uploads\/2017\/11\/CGFM17-017-Copie-870x1024.jpg 870w, https:\/\/cgfm.fr\/cgfmwp\/wp-content\/uploads\/2017\/11\/CGFM17-017-Copie.jpg 1007w\" sizes=\"auto, (max-width: 460px) 100vw, 460px\" \/><\/a><figcaption id=\"caption-attachment-776\" class=\"wp-caption-text\">1e V3F sur 15 KM:\u00a0FADMA<\/figcaption><\/figure>\n<figure id=\"attachment_777\" aria-describedby=\"caption-attachment-777\" style=\"width: 459px\" class=\"wp-caption alignnone\"><a href=\"https:\/\/cgfm.fr\/cgfmwp\/wp-content\/uploads\/2017\/11\/CGFM17-022-Copie.jpg\"><img loading=\"lazy\" decoding=\"async\" class=\"wp-image-777\" src=\"https:\/\/cgfm.fr\/cgfmwp\/wp-content\/uploads\/2017\/11\/CGFM17-022-Copie-300x279.jpg\" alt=\"\" width=\"459\" height=\"427\" srcset=\"https:\/\/cgfm.fr\/cgfmwp\/wp-content\/uploads\/2017\/11\/CGFM17-022-Copie-300x279.jpg 300w, https:\/\/cgfm.fr\/cgfmwp\/wp-content\/uploads\/2017\/11\/CGFM17-022-Copie-768x714.jpg 768w, https:\/\/cgfm.fr\/cgfmwp\/wp-content\/uploads\/2017\/11\/CGFM17-022-Copie-1024x952.jpg 1024w, https:\/\/cgfm.fr\/cgfmwp\/wp-content\/uploads\/2017\/11\/CGFM17-022-Copie.jpg 1829w\" sizes=\"auto, (max-width: 459px) 100vw, 459px\" \/><\/a><figcaption id=\"caption-attachment-777\" class=\"wp-caption-text\">1e V3H\u00a0 sur 15 KM:\u00a0 JEAN-LUC<\/figcaption><\/figure>\n<figure id=\"attachment_778\" aria-describedby=\"caption-attachment-778\" style=\"width: 458px\" class=\"wp-caption alignnone\"><a href=\"https:\/\/cgfm.fr\/cgfmwp\/wp-content\/uploads\/2017\/11\/CGFM17-037.jpg\"><img loading=\"lazy\" decoding=\"async\" class=\"wp-image-778\" src=\"https:\/\/cgfm.fr\/cgfmwp\/wp-content\/uploads\/2017\/11\/CGFM17-037-300x201.jpg\" alt=\"\" width=\"458\" height=\"307\" srcset=\"https:\/\/cgfm.fr\/cgfmwp\/wp-content\/uploads\/2017\/11\/CGFM17-037-300x201.jpg 300w, https:\/\/cgfm.fr\/cgfmwp\/wp-content\/uploads\/2017\/11\/CGFM17-037-768x514.jpg 768w, https:\/\/cgfm.fr\/cgfmwp\/wp-content\/uploads\/2017\/11\/CGFM17-037-1024x685.jpg 1024w\" sizes=\"auto, (max-width: 458px) 100vw, 458px\" \/><\/a><figcaption id=\"caption-attachment-778\" class=\"wp-caption-text\">1e V3 F sur 5 KM:\u00a0 YOLANDE<\/figcaption><\/figure>\n<figure id=\"attachment_779\" aria-describedby=\"caption-attachment-779\" style=\"width: 457px\" class=\"wp-caption alignnone\"><a href=\"https:\/\/cgfm.fr\/cgfmwp\/wp-content\/uploads\/2017\/11\/CGFM17-039.jpg\"><img loading=\"lazy\" decoding=\"async\" class=\"wp-image-779\" src=\"https:\/\/cgfm.fr\/cgfmwp\/wp-content\/uploads\/2017\/11\/CGFM17-039-300x201.jpg\" alt=\"\" width=\"457\" height=\"306\" srcset=\"https:\/\/cgfm.fr\/cgfmwp\/wp-content\/uploads\/2017\/11\/CGFM17-039-300x201.jpg 300w, https:\/\/cgfm.fr\/cgfmwp\/wp-content\/uploads\/2017\/11\/CGFM17-039-768x514.jpg 768w, https:\/\/cgfm.fr\/cgfmwp\/wp-content\/uploads\/2017\/11\/CGFM17-039-1024x685.jpg 1024w\" sizes=\"auto, (max-width: 457px) 100vw, 457px\" \/><\/a><figcaption id=\"caption-attachment-779\" class=\"wp-caption-text\">1e V3 H sur 5 km: GERARD<\/figcaption><\/figure>\n<figure id=\"attachment_780\" aria-describedby=\"caption-attachment-780\" style=\"width: 458px\" class=\"wp-caption alignnone\"><a href=\"https:\/\/cgfm.fr\/cgfmwp\/wp-content\/uploads\/2017\/11\/CGFM17-024.jpg\"><img loading=\"lazy\" decoding=\"async\" class=\"wp-image-780 \" src=\"https:\/\/cgfm.fr\/cgfmwp\/wp-content\/uploads\/2017\/11\/CGFM17-024-300x199.jpg\" alt=\"\" width=\"458\" height=\"304\" srcset=\"https:\/\/cgfm.fr\/cgfmwp\/wp-content\/uploads\/2017\/11\/CGFM17-024-300x199.jpg 300w, https:\/\/cgfm.fr\/cgfmwp\/wp-content\/uploads\/2017\/11\/CGFM17-024-768x508.jpg 768w, https:\/\/cgfm.fr\/cgfmwp\/wp-content\/uploads\/2017\/11\/CGFM17-024-1024x678.jpg 1024w\" sizes=\"auto, (max-width: 458px) 100vw, 458px\" \/><\/a><figcaption id=\"caption-attachment-780\" class=\"wp-caption-text\">1e V2 F sur 5 KM: ESTELLE<\/figcaption><\/figure>\n<blockquote><p>Gros efforts et belles performances pour nos participants sur<strong>\u00a0\u00ab\u00a0la 28 Bornes\u00a0\u00bb<\/strong>\u00a0avec une tr\u00e8s belle\u00a0<strong>2e Place pour SEB<\/strong> dans sa cat\u00e9gorie (10e au g\u00e9n\u00e9ral sur 120 participants) suivi de tr\u00e8s pr\u00e8s par<strong> Laurent <\/strong>et<strong> Thomas<\/strong> respectivement 4e et 6e de leur cat\u00e9gorie et 11e et 12e au g\u00e9n\u00e9ral.<\/p>\n<p><a href=\"https:\/\/cgfm.fr\/cgfmwp\/wp-content\/uploads\/2017\/11\/DSC06566a-d\u00e9part-28km-Copie.jpg\"><img loading=\"lazy\" decoding=\"async\" class=\"alignnone wp-image-783\" src=\"https:\/\/cgfm.fr\/cgfmwp\/wp-content\/uploads\/2017\/11\/DSC06566a-d\u00e9part-28km-Copie-201x300.jpg\" alt=\"\" width=\"253\" height=\"378\" srcset=\"https:\/\/cgfm.fr\/cgfmwp\/wp-content\/uploads\/2017\/11\/DSC06566a-d\u00e9part-28km-Copie-201x300.jpg 201w, https:\/\/cgfm.fr\/cgfmwp\/wp-content\/uploads\/2017\/11\/DSC06566a-d\u00e9part-28km-Copie.jpg 364w\" sizes=\"auto, (max-width: 253px) 100vw, 253px\" \/><\/a><a href=\"https:\/\/cgfm.fr\/cgfmwp\/wp-content\/uploads\/2017\/11\/DSC06565a-d\u00e9part-28km-Copie.jpg\"><img loading=\"lazy\" decoding=\"async\" class=\"alignnone wp-image-784\" src=\"https:\/\/cgfm.fr\/cgfmwp\/wp-content\/uploads\/2017\/11\/DSC06565a-d\u00e9part-28km-Copie-159x300.jpg\" alt=\"\" width=\"200\" height=\"379\" srcset=\"https:\/\/cgfm.fr\/cgfmwp\/wp-content\/uploads\/2017\/11\/DSC06565a-d\u00e9part-28km-Copie-159x300.jpg 159w, https:\/\/cgfm.fr\/cgfmwp\/wp-content\/uploads\/2017\/11\/DSC06565a-d\u00e9part-28km-Copie.jpg 333w\" sizes=\"auto, (max-width: 200px) 100vw, 200px\" \/><\/a><\/p>\n<p><a href=\"https:\/\/cgfm.fr\/cgfmwp\/wp-content\/uploads\/2017\/11\/DSC06567-d\u00e9part-28km-Copie.jpg\"><img loading=\"lazy\" decoding=\"async\" class=\"wp-image-786 alignleft\" src=\"https:\/\/cgfm.fr\/cgfmwp\/wp-content\/uploads\/2017\/11\/DSC06567-d\u00e9part-28km-Copie-156x300.jpg\" alt=\"\" width=\"197\" height=\"379\" srcset=\"https:\/\/cgfm.fr\/cgfmwp\/wp-content\/uploads\/2017\/11\/DSC06567-d\u00e9part-28km-Copie-156x300.jpg 156w, https:\/\/cgfm.fr\/cgfmwp\/wp-content\/uploads\/2017\/11\/DSC06567-d\u00e9part-28km-Copie.jpg 215w\" sizes=\"auto, (max-width: 197px) 100vw, 197px\" \/><\/a><\/p>\n<p>&nbsp;<\/p>\n<p>&nbsp;<\/p>\n<p>A l&rsquo;arriv\u00e9e apr\u00e8s 2h50 d\u2019effort <strong>Michel<\/strong> se classe 57e au g\u00e9n\u00e9ral suivi par <strong>Rodolphe<\/strong> qui termine cette belle \u00e9preuve 90e apr\u00e8s 3h09 d\u2019effort&#8230; et de souffrance.<\/p>\n<p>&nbsp;<\/p>\n<p>&nbsp;<\/p>\n<p>&nbsp;<\/p>\n<p>&nbsp;<\/p>\n<p><a href=\"https:\/\/cgfm.fr\/cgfmwp\/wp-content\/uploads\/2017\/11\/Eric.png\"><img loading=\"lazy\" decoding=\"async\" class=\"wp-image-788 alignright\" src=\"https:\/\/cgfm.fr\/cgfmwp\/wp-content\/uploads\/2017\/11\/Eric-157x300.png\" alt=\"\" width=\"165\" height=\"315\" srcset=\"https:\/\/cgfm.fr\/cgfmwp\/wp-content\/uploads\/2017\/11\/Eric-157x300.png 157w, https:\/\/cgfm.fr\/cgfmwp\/wp-content\/uploads\/2017\/11\/Eric.png 240w\" sizes=\"auto, (max-width: 165px) 100vw, 165px\" \/><\/a><\/p><\/blockquote>\n<p>&nbsp;<\/p>\n<p><strong>Sur le \u00ab\u00a0MARATRAIL\u00a0\u00bb et ses 51 km Eric<\/strong> notre unique repr\u00e9sentant sur la distance termine cette \u00e9preuve d&rsquo;endurance par un <strong>podium dans sa cat\u00e9gorie<\/strong><\/p>\n<p><strong>2e VETERAN 2 H<\/strong> et une tr\u00e8s honorable 27e place au g\u00e9n\u00e9ral en bouclant le parcours en 5h52&Prime;.<\/p>\n<p>&nbsp;<\/p>\n<p>&nbsp;<\/p>\n<p>&nbsp;<\/p>\n<p>&nbsp;<\/p>\n<p>&nbsp;<\/p>\n","protected":false},"excerpt":{"rendered":"<p>Comme chaque ann\u00e9e notre Club a pris la clef des champs afin de participer \u00e0 un \u00e9v\u00e9nement sportif national. Au programme de cette\u00a0 \u00e9dition 2017 &#8211;\u00a0 Le Trail du Haut Clunysois \u00e9preuve qualificative pour l&rsquo;UMB permettant au choix de parcourir de 5 a 69 km dans la campagne vallonn\u00e9e de cette belle r\u00e9gion de Bourgogne. &hellip; <\/p>\n<p class=\"link-more\"><a href=\"https:\/\/cgfm.fr\/cgfmwp\/sortie-club-2017-4-epreuves-12-podium\/\" class=\"more-link\">Lire la suite de<span class=\"screen-reader-text\">\u00ab\u00a0Sortie Club 2017 &#8211; 4 \u00e9preuves \/ 12 podium &#8230;\u00a0\u00bb<\/span><\/a><\/p>\n","protected":false},"author":3,"featured_media":0,"comment_status":"open","ping_status":"open","sticky":false,"template":"","format":"standard","meta":{"footnotes":""},"categories":[23],"tags":[],"class_list":["post-761","post","type-post","status-publish","format-standard","hentry","category-un-weekend-de-depaysement"],"_links":{"self":[{"href":"https:\/\/cgfm.fr\/cgfmwp\/wp-json\/wp\/v2\/posts\/761","targetHints":{"allow":["GET"]}}],"collection":[{"href":"https:\/\/cgfm.fr\/cgfmwp\/wp-json\/wp\/v2\/posts"}],"about":[{"href":"https:\/\/cgfm.fr\/cgfmwp\/wp-json\/wp\/v2\/types\/post"}],"author":[{"embeddable":true,"href":"https:\/\/cgfm.fr\/cgfmwp\/wp-json\/wp\/v2\/users\/3"}],"replies":[{"embeddable":true,"href":"https:\/\/cgfm.fr\/cgfmwp\/wp-json\/wp\/v2\/comments?post=761"}],"version-history":[{"count":0,"href":"https:\/\/cgfm.fr\/cgfmwp\/wp-json\/wp\/v2\/posts\/761\/revisions"}],"wp:attachment":[{"href":"https:\/\/cgfm.fr\/cgfmwp\/wp-json\/wp\/v2\/media?parent=761"}],"wp:term":[{"taxonomy":"category","embeddable":true,"href":"https:\/\/cgfm.fr\/cgfmwp\/wp-json\/wp\/v2\/categories?post=761"},{"taxonomy":"post_tag","embeddable":true,"href":"https:\/\/cgfm.fr\/cgfmwp\/wp-json\/wp\/v2\/tags?post=761"}],"curies":[{"name":"wp","href":"https:\/\/api.w.org\/{rel}","templated":true}]}}