{"id":733,"date":"2017-08-18T14:27:47","date_gmt":"2017-08-18T12:27:47","guid":{"rendered":"http:\/\/cgfm.fr\/cgfmwp\/?p=733"},"modified":"2019-08-24T10:00:20","modified_gmt":"2019-08-24T08:00:20","slug":"les-courses-du-jura-alsacien-ferrette-dimanche-13-aout-2017","status":"publish","type":"post","link":"https:\/\/cgfm.fr\/cgfmwp\/les-courses-du-jura-alsacien-ferrette-dimanche-13-aout-2017\/","title":{"rendered":"Les Courses du Jura Alsacien  Ferrette &#8211; Dimanche 13 Ao\u00fbt 2017"},"content":{"rendered":"<p><a href=\"https:\/\/cgfm.fr\/cgfmwp\/wp-content\/uploads\/2017\/08\/ferrette-visuel-principal.png\"><img loading=\"lazy\" decoding=\"async\" class=\"alignnone wp-image-734\" src=\"https:\/\/cgfm.fr\/cgfmwp\/wp-content\/uploads\/2017\/08\/ferrette-visuel-principal-300x108.png\" alt=\"\" width=\"833\" height=\"300\" srcset=\"https:\/\/cgfm.fr\/cgfmwp\/wp-content\/uploads\/2017\/08\/ferrette-visuel-principal-300x108.png 300w, https:\/\/cgfm.fr\/cgfmwp\/wp-content\/uploads\/2017\/08\/ferrette-visuel-principal-768x277.png 768w, https:\/\/cgfm.fr\/cgfmwp\/wp-content\/uploads\/2017\/08\/ferrette-visuel-principal-1024x369.png 1024w, https:\/\/cgfm.fr\/cgfmwp\/wp-content\/uploads\/2017\/08\/ferrette-visuel-principal.png 1585w\" sizes=\"auto, (max-width: 833px) 100vw, 833px\" \/><\/a><\/p>\n<blockquote><p><strong>Deux courses et dix de nos membres pour cette magnifique journ\u00e9e\u00a0<\/strong><\/p><\/blockquote>\n<div id=\"cc-m-11033255825\" class=\"j-module n j-header \">\n<h2 id=\"cc-m-header-11033255825\" class=\"\">Le Trail d\u00e9couverte<\/h2>\n<\/div>\n<div id=\"cc-m-11033255925\" class=\"j-module n j-text \">\n<blockquote><p>Superbe\u00a0<a title=\"Le Trail D\u00e9couverte\" href=\"https:\/\/www.coursesdeferrette.com\/les-courses\/le-trail-d%C3%A9couverte\/\">parcours de 15 km<\/a>\u00a0pour 570 m de d\u00e9nivel\u00e9 autour de la cit\u00e9 des Comtes.<\/p><\/blockquote>\n<div class=\"cc-m-hgrid-column last\">\n<div id=\"cc-matrix-3070206725\">\n<div id=\"cc-m-11033256025\" class=\"j-module n j-header \">\n<h2 id=\"cc-m-header-11033255825\" class=\"\">Le Trail de 32 km<\/h2>\n<\/div>\n<div id=\"cc-m-11033256125\" class=\"j-module n j-text \">\n<blockquote><p>Ce\u00a0<a title=\"La Trail 31,5 km\" href=\"https:\/\/www.coursesdeferrette.com\/les-courses\/le-trail-32-km\/\">Trail\u00a0de 32 km<\/a>\u00a0pour 1160 m de d\u00e9nivel\u00e9 traverse le massif du Jura alsacien en passant par des sites pittoresques dont l&rsquo;All\u00e9e des H\u00eatres, la faille de la Grotte des Nains et le ch\u00e2teau de Ferrette.<\/p>\n<p><strong>Les r\u00e9sultats par \u00e9preuve:<\/strong><\/p><\/blockquote>\n<ul>\n<li style=\"text-align: left;\"><strong>Nos 7 membres Sur le Trail d\u00e9couverte de 15 Km<\/strong><\/li>\n<\/ul>\n<\/div>\n<div id=\"cc-m-11033256125\" class=\"j-module n j-text \">\n<div class=\"mceTemp\">\n<p><a href=\"https:\/\/cgfm.fr\/cgfmwp\/wp-content\/uploads\/2017\/08\/Laurent-1.jpg\"><img loading=\"lazy\" decoding=\"async\" class=\"wp-image-738 \" src=\"https:\/\/cgfm.fr\/cgfmwp\/wp-content\/uploads\/2017\/08\/Laurent-1-184x300.jpg\" alt=\"\" width=\"194\" height=\"316\" srcset=\"https:\/\/cgfm.fr\/cgfmwp\/wp-content\/uploads\/2017\/08\/Laurent-1-184x300.jpg 184w, https:\/\/cgfm.fr\/cgfmwp\/wp-content\/uploads\/2017\/08\/Laurent-1.jpg 298w\" sizes=\"auto, (max-width: 194px) 100vw, 194px\" \/><\/a><\/p>\n<p>Laurent Woelfl 71e en 1h25 mn<em>\u00a0<\/em><\/p>\n<\/div>\n<div class=\"mceTemp\">\n<p><a href=\"https:\/\/cgfm.fr\/cgfmwp\/wp-content\/uploads\/2017\/08\/Michel.jpg\"><img loading=\"lazy\" decoding=\"async\" class=\"wp-image-739\" src=\"https:\/\/cgfm.fr\/cgfmwp\/wp-content\/uploads\/2017\/08\/Michel-203x300.jpg\" alt=\"\" width=\"196\" height=\"290\" srcset=\"https:\/\/cgfm.fr\/cgfmwp\/wp-content\/uploads\/2017\/08\/Michel-203x300.jpg 203w, https:\/\/cgfm.fr\/cgfmwp\/wp-content\/uploads\/2017\/08\/Michel.jpg 385w\" sizes=\"auto, (max-width: 196px) 100vw, 196px\" \/><\/a><\/p>\n<p>Michel Weber 100e en 1h28mn<\/p>\n<\/div>\n<div class=\"mceTemp\">\n<p><a href=\"https:\/\/cgfm.fr\/cgfmwp\/wp-content\/uploads\/2017\/08\/Marc-antoine.jpg\"><img loading=\"lazy\" decoding=\"async\" class=\"wp-image-740 size-medium\" src=\"https:\/\/cgfm.fr\/cgfmwp\/wp-content\/uploads\/2017\/08\/Marc-antoine-200x300.jpg\" alt=\"\" width=\"200\" height=\"300\" srcset=\"https:\/\/cgfm.fr\/cgfmwp\/wp-content\/uploads\/2017\/08\/Marc-antoine-200x300.jpg 200w, https:\/\/cgfm.fr\/cgfmwp\/wp-content\/uploads\/2017\/08\/Marc-antoine.jpg 512w\" sizes=\"auto, (max-width: 200px) 100vw, 200px\" \/><\/a><\/p>\n<p>Marc-Antoine Hammerer 104e en 1h29mn<\/p>\n<\/div>\n<div class=\"mceTemp\">\n<p><a href=\"https:\/\/cgfm.fr\/cgfmwp\/wp-content\/uploads\/2017\/08\/Severine.jpg\"><img loading=\"lazy\" decoding=\"async\" class=\"wp-image-741 size-medium\" src=\"https:\/\/cgfm.fr\/cgfmwp\/wp-content\/uploads\/2017\/08\/Severine-200x300.jpg\" alt=\"\" width=\"200\" height=\"300\" srcset=\"https:\/\/cgfm.fr\/cgfmwp\/wp-content\/uploads\/2017\/08\/Severine-200x300.jpg 200w, https:\/\/cgfm.fr\/cgfmwp\/wp-content\/uploads\/2017\/08\/Severine.jpg 512w\" sizes=\"auto, (max-width: 200px) 100vw, 200px\" \/><\/a><\/p>\n<p>Severine N&rsquo;nokura 199e en 1h 42mn<\/p>\n<\/div>\n<div class=\"mceTemp\">\n<p><a href=\"https:\/\/cgfm.fr\/cgfmwp\/wp-content\/uploads\/2017\/08\/Sophie.jpg\"><img loading=\"lazy\" decoding=\"async\" class=\"wp-image-742 size-medium\" src=\"https:\/\/cgfm.fr\/cgfmwp\/wp-content\/uploads\/2017\/08\/Sophie-200x300.jpg\" alt=\"\" width=\"200\" height=\"300\" srcset=\"https:\/\/cgfm.fr\/cgfmwp\/wp-content\/uploads\/2017\/08\/Sophie-200x300.jpg 200w, https:\/\/cgfm.fr\/cgfmwp\/wp-content\/uploads\/2017\/08\/Sophie.jpg 512w\" sizes=\"auto, (max-width: 200px) 100vw, 200px\" \/><\/a><\/p>\n<p>Sophie Erhart 235e en 1 h48 mn<\/p>\n<\/div>\n<div class=\"mceTemp\">\n<p><a href=\"https:\/\/cgfm.fr\/cgfmwp\/wp-content\/uploads\/2017\/08\/Sarah.jpg\"><img loading=\"lazy\" decoding=\"async\" class=\"wp-image-743 size-medium\" src=\"https:\/\/cgfm.fr\/cgfmwp\/wp-content\/uploads\/2017\/08\/Sarah-200x300.jpg\" alt=\"\" width=\"200\" height=\"300\" srcset=\"https:\/\/cgfm.fr\/cgfmwp\/wp-content\/uploads\/2017\/08\/Sarah-200x300.jpg 200w, https:\/\/cgfm.fr\/cgfmwp\/wp-content\/uploads\/2017\/08\/Sarah.jpg 512w\" sizes=\"auto, (max-width: 200px) 100vw, 200px\" \/><\/a><\/p>\n<p>Sarah Hirth 247e en 1h51 mn<\/p>\n<\/div>\n<div class=\"mceTemp\">\n<p><a href=\"https:\/\/cgfm.fr\/cgfmwp\/wp-content\/uploads\/2017\/08\/Sylvie.jpg\"><img loading=\"lazy\" decoding=\"async\" class=\"wp-image-744 size-medium\" src=\"https:\/\/cgfm.fr\/cgfmwp\/wp-content\/uploads\/2017\/08\/Sylvie-200x300.jpg\" alt=\"\" width=\"200\" height=\"300\" srcset=\"https:\/\/cgfm.fr\/cgfmwp\/wp-content\/uploads\/2017\/08\/Sylvie-200x300.jpg 200w, https:\/\/cgfm.fr\/cgfmwp\/wp-content\/uploads\/2017\/08\/Sylvie.jpg 512w\" sizes=\"auto, (max-width: 200px) 100vw, 200px\" \/><\/a><\/p>\n<p>Sylvie Munch 328e en 2h25 mn<\/p>\n<\/div>\n<p><a href=\"https:\/\/cgfm.fr\/cgfmwp\/wp-content\/uploads\/2017\/04\/podium.png\"><img loading=\"lazy\" decoding=\"async\" class=\"wp-image-533 alignleft\" src=\"https:\/\/cgfm.fr\/cgfmwp\/wp-content\/uploads\/2017\/04\/podium.png\" alt=\"\" width=\"82\" height=\"111\" \/><\/a><\/p>\n<p>A noter la tr\u00e8s belle performance\u00a0(accompagnant ces parents membres pour le \u00ab\u00a0fun\u00a0\u00bb) de<\/p>\n<p><strong>N&rsquo;noruka Simon<\/strong> 137e en 1 h 34 et <strong>premier dans la cat\u00e9gorie cadet\u00a0<\/strong><\/p>\n<p>&nbsp;<\/p>\n<p><strong>Nos 3 membres Sur le Trail de 32 Km<\/strong><\/p>\n<div class=\"mceTemp\">\n<p><a href=\"https:\/\/cgfm.fr\/cgfmwp\/wp-content\/uploads\/2017\/08\/Michael-loeil-pas-tres-frais-....jpg\"><img loading=\"lazy\" decoding=\"async\" class=\"wp-image-745 size-medium\" src=\"https:\/\/cgfm.fr\/cgfmwp\/wp-content\/uploads\/2017\/08\/Michael-loeil-pas-tres-frais-...-200x300.jpg\" alt=\"\" width=\"200\" height=\"300\" srcset=\"https:\/\/cgfm.fr\/cgfmwp\/wp-content\/uploads\/2017\/08\/Michael-loeil-pas-tres-frais-...-200x300.jpg 200w, https:\/\/cgfm.fr\/cgfmwp\/wp-content\/uploads\/2017\/08\/Michael-loeil-pas-tres-frais-....jpg 512w\" sizes=\"auto, (max-width: 200px) 100vw, 200px\" \/><\/a><\/p>\n<p>Michael\u00a0\u00a0 56e en 3 h17 mn<\/p>\n<\/div>\n<figure id=\"attachment_746\" aria-describedby=\"caption-attachment-746\" style=\"width: 200px\" class=\"wp-caption alignnone\"><a href=\"https:\/\/cgfm.fr\/cgfmwp\/wp-content\/uploads\/2017\/08\/Eric.jpg\"><img loading=\"lazy\" decoding=\"async\" class=\"wp-image-746 size-medium\" src=\"https:\/\/cgfm.fr\/cgfmwp\/wp-content\/uploads\/2017\/08\/Eric-200x300.jpg\" alt=\"\" width=\"200\" height=\"300\" srcset=\"https:\/\/cgfm.fr\/cgfmwp\/wp-content\/uploads\/2017\/08\/Eric-200x300.jpg 200w, https:\/\/cgfm.fr\/cgfmwp\/wp-content\/uploads\/2017\/08\/Eric.jpg 512w\" sizes=\"auto, (max-width: 200px) 100vw, 200px\" \/><\/a><figcaption id=\"caption-attachment-746\" class=\"wp-caption-text\">Eric 67e en 3h20 mn<\/figcaption><\/figure>\n<figure id=\"attachment_434\" aria-describedby=\"caption-attachment-434\" style=\"width: 200px\" class=\"wp-caption alignnone\"><a href=\"https:\/\/cgfm.fr\/cgfmwp\/wp-content\/uploads\/2017\/02\/sam-1.jpg\"><img loading=\"lazy\" decoding=\"async\" class=\"wp-image-434\" src=\"https:\/\/cgfm.fr\/cgfmwp\/wp-content\/uploads\/2017\/02\/sam-1-300x200.jpg\" alt=\"\" width=\"200\" height=\"133\" srcset=\"https:\/\/cgfm.fr\/cgfmwp\/wp-content\/uploads\/2017\/02\/sam-1-300x200.jpg 300w, https:\/\/cgfm.fr\/cgfmwp\/wp-content\/uploads\/2017\/02\/sam-1-768x512.jpg 768w, https:\/\/cgfm.fr\/cgfmwp\/wp-content\/uploads\/2017\/02\/sam-1-1024x683.jpg 1024w, https:\/\/cgfm.fr\/cgfmwp\/wp-content\/uploads\/2017\/02\/sam-1.jpg 1920w\" sizes=\"auto, (max-width: 200px) 100vw, 200px\" \/><\/a><figcaption id=\"caption-attachment-434\" class=\"wp-caption-text\">Sam 122e en 3h59 mn<\/figcaption><\/figure>\n<p>&nbsp;<\/p>\n<\/div>\n<div id=\"cc-m-11035246925\" class=\"j-module n j-sharebuttons \"><\/div>\n<\/div>\n<\/div>\n<div class=\"cc-m-hgrid-overlay\" data-display=\"cms-only\"><\/div>\n<\/div>\n","protected":false},"excerpt":{"rendered":"<p>Deux courses et dix de nos membres pour cette magnifique journ\u00e9e\u00a0 Le Trail d\u00e9couverte Superbe\u00a0parcours de 15 km\u00a0pour 570 m de d\u00e9nivel\u00e9 autour de la cit\u00e9 des Comtes. Le Trail de 32 km Ce\u00a0Trail\u00a0de 32 km\u00a0pour 1160 m de d\u00e9nivel\u00e9 traverse le massif du Jura alsacien en passant par des sites pittoresques dont l&rsquo;All\u00e9e des &hellip; <\/p>\n<p class=\"link-more\"><a href=\"https:\/\/cgfm.fr\/cgfmwp\/les-courses-du-jura-alsacien-ferrette-dimanche-13-aout-2017\/\" class=\"more-link\">Lire la suite de<span class=\"screen-reader-text\">\u00ab\u00a0Les Courses du Jura Alsacien  Ferrette &#8211; Dimanche 13 Ao\u00fbt 2017\u00a0\u00bb<\/span><\/a><\/p>\n","protected":false},"author":3,"featured_media":0,"comment_status":"open","ping_status":"open","sticky":false,"template":"","format":"standard","meta":{"footnotes":""},"categories":[6],"tags":[],"class_list":["post-733","post","type-post","status-publish","format-standard","hentry","category-les-resultats-des-cegefemienemiens"],"_links":{"self":[{"href":"https:\/\/cgfm.fr\/cgfmwp\/wp-json\/wp\/v2\/posts\/733","targetHints":{"allow":["GET"]}}],"collection":[{"href":"https:\/\/cgfm.fr\/cgfmwp\/wp-json\/wp\/v2\/posts"}],"about":[{"href":"https:\/\/cgfm.fr\/cgfmwp\/wp-json\/wp\/v2\/types\/post"}],"author":[{"embeddable":true,"href":"https:\/\/cgfm.fr\/cgfmwp\/wp-json\/wp\/v2\/users\/3"}],"replies":[{"embeddable":true,"href":"https:\/\/cgfm.fr\/cgfmwp\/wp-json\/wp\/v2\/comments?post=733"}],"version-history":[{"count":0,"href":"https:\/\/cgfm.fr\/cgfmwp\/wp-json\/wp\/v2\/posts\/733\/revisions"}],"wp:attachment":[{"href":"https:\/\/cgfm.fr\/cgfmwp\/wp-json\/wp\/v2\/media?parent=733"}],"wp:term":[{"taxonomy":"category","embeddable":true,"href":"https:\/\/cgfm.fr\/cgfmwp\/wp-json\/wp\/v2\/categories?post=733"},{"taxonomy":"post_tag","embeddable":true,"href":"https:\/\/cgfm.fr\/cgfmwp\/wp-json\/wp\/v2\/tags?post=733"}],"curies":[{"name":"wp","href":"https:\/\/api.w.org\/{rel}","templated":true}]}}