{"id":723,"date":"2017-08-18T13:13:18","date_gmt":"2017-08-18T11:13:18","guid":{"rendered":"http:\/\/cgfm.fr\/cgfmwp\/?p=723"},"modified":"2019-08-24T10:01:40","modified_gmt":"2019-08-24T08:01:40","slug":"saison-20172018-entrainement-et-vestiaires","status":"publish","type":"post","link":"https:\/\/cgfm.fr\/cgfmwp\/saison-20172018-entrainement-et-vestiaires\/","title":{"rendered":"SAISON 2017\/2018 Entrainement et vestiaires"},"content":{"rendered":"<blockquote><p><strong>la reprise du club<\/strong> CGFM avec vestiaires ouverts se fera le <strong>mercredi 16 Ao\u00fbt<\/strong> 2017 !!!<\/p>\n<p><a href=\"https:\/\/cgfm.fr\/cgfmwp\/wp-content\/uploads\/2017\/08\/ob_cc645b_comparatif-entre-entrainement-velo.jpg\"><img loading=\"lazy\" decoding=\"async\" class=\"size-medium wp-image-729 alignleft\" src=\"https:\/\/cgfm.fr\/cgfmwp\/wp-content\/uploads\/2017\/08\/ob_cc645b_comparatif-entre-entrainement-velo-227x300.jpg\" alt=\"\" width=\"227\" height=\"300\" srcset=\"https:\/\/cgfm.fr\/cgfmwp\/wp-content\/uploads\/2017\/08\/ob_cc645b_comparatif-entre-entrainement-velo-227x300.jpg 227w, https:\/\/cgfm.fr\/cgfmwp\/wp-content\/uploads\/2017\/08\/ob_cc645b_comparatif-entre-entrainement-velo.jpg 319w\" sizes=\"auto, (max-width: 227px) 100vw, 227px\" \/><\/a><\/p>\n<p><strong>Horaires inchang\u00e9s<\/strong> 18 h &#8211; 18h15 aux vestiaires pour un <strong>d\u00e9part a 18 h 30 .<\/strong><\/p>\n<p>&nbsp;<\/p>\n<p>&nbsp;<\/p>\n<p>Alors que vous soyez ou pas en vacances &#8230;. <strong>a vos baskets pour une nouvelle saison de plaisir et de convivialit\u00e9s sportives !<\/strong><\/p><\/blockquote>\n","protected":false},"excerpt":{"rendered":"<p>la reprise du club CGFM avec vestiaires ouverts se fera le mercredi 16 Ao\u00fbt 2017 !!! Horaires inchang\u00e9s 18 h &#8211; 18h15 aux vestiaires pour un d\u00e9part a 18 h 30 . &nbsp; &nbsp; Alors que vous soyez ou pas en vacances &#8230;. a vos baskets pour une nouvelle saison de plaisir et de convivialit\u00e9s &hellip; <\/p>\n<p class=\"link-more\"><a href=\"https:\/\/cgfm.fr\/cgfmwp\/saison-20172018-entrainement-et-vestiaires\/\" class=\"more-link\">Lire la suite de<span class=\"screen-reader-text\">\u00ab\u00a0SAISON 2017\/2018 Entrainement et vestiaires\u00a0\u00bb<\/span><\/a><\/p>\n","protected":false},"author":3,"featured_media":0,"comment_status":"open","ping_status":"open","sticky":false,"template":"","format":"standard","meta":{"footnotes":""},"categories":[18],"tags":[],"class_list":["post-723","post","type-post","status-publish","format-standard","hentry","category-infos"],"_links":{"self":[{"href":"https:\/\/cgfm.fr\/cgfmwp\/wp-json\/wp\/v2\/posts\/723","targetHints":{"allow":["GET"]}}],"collection":[{"href":"https:\/\/cgfm.fr\/cgfmwp\/wp-json\/wp\/v2\/posts"}],"about":[{"href":"https:\/\/cgfm.fr\/cgfmwp\/wp-json\/wp\/v2\/types\/post"}],"author":[{"embeddable":true,"href":"https:\/\/cgfm.fr\/cgfmwp\/wp-json\/wp\/v2\/users\/3"}],"replies":[{"embeddable":true,"href":"https:\/\/cgfm.fr\/cgfmwp\/wp-json\/wp\/v2\/comments?post=723"}],"version-history":[{"count":0,"href":"https:\/\/cgfm.fr\/cgfmwp\/wp-json\/wp\/v2\/posts\/723\/revisions"}],"wp:attachment":[{"href":"https:\/\/cgfm.fr\/cgfmwp\/wp-json\/wp\/v2\/media?parent=723"}],"wp:term":[{"taxonomy":"category","embeddable":true,"href":"https:\/\/cgfm.fr\/cgfmwp\/wp-json\/wp\/v2\/categories?post=723"},{"taxonomy":"post_tag","embeddable":true,"href":"https:\/\/cgfm.fr\/cgfmwp\/wp-json\/wp\/v2\/tags?post=723"}],"curies":[{"name":"wp","href":"https:\/\/api.w.org\/{rel}","templated":true}]}}