{"id":721,"date":"2017-08-10T15:07:52","date_gmt":"2017-08-10T13:07:52","guid":{"rendered":"http:\/\/cgfm.fr\/cgfmwp\/?p=721"},"modified":"2019-08-24T10:02:14","modified_gmt":"2019-08-24T08:02:14","slug":"le-cgfm-au-sommet-de-lizoard","status":"publish","type":"post","link":"https:\/\/cgfm.fr\/cgfmwp\/le-cgfm-au-sommet-de-lizoard\/","title":{"rendered":"Le CGFM au sommet de l\u2019Izoard"},"content":{"rendered":"<blockquote><p><strong>Le 16 juillet, Francis a voulu f\u00eater son anniversaire (70 printemps) \u00a0sur l\u2019\u00e9tape du tour 2017 qui partait de Brian\u00e7on pour rejoindre le sommet du col mythique de l\u2019Izoard.<\/strong><\/p>\n<p><a href=\"https:\/\/cgfm.fr\/cgfmwp\/wp-content\/uploads\/2017\/08\/1029903-profiletapebrianconizoard.jpg\"><img loading=\"lazy\" decoding=\"async\" class=\"alignnone wp-image-725\" src=\"https:\/\/cgfm.fr\/cgfmwp\/wp-content\/uploads\/2017\/08\/1029903-profiletapebrianconizoard-300x150.jpg\" alt=\"\" width=\"474\" height=\"237\" srcset=\"https:\/\/cgfm.fr\/cgfmwp\/wp-content\/uploads\/2017\/08\/1029903-profiletapebrianconizoard-300x150.jpg 300w, https:\/\/cgfm.fr\/cgfmwp\/wp-content\/uploads\/2017\/08\/1029903-profiletapebrianconizoard-768x384.jpg 768w, https:\/\/cgfm.fr\/cgfmwp\/wp-content\/uploads\/2017\/08\/1029903-profiletapebrianconizoard.jpg 900w\" sizes=\"auto, (max-width: 474px) 100vw, 474px\" \/><\/a><br \/>\nIl a entra\u00een\u00e9 Fr\u00e9d\u00e9ric dans cette belle aventure qui avait \u00e0 c\u0153ur de trinquer avec Francis d\u00e8s l\u2019arriv\u00e9e franchie.<br \/>\n<strong>Cette journ\u00e9e restera pour Francis et Fr\u00e9d\u00e9ric un grand moment de sport et d\u2019\u00e9motions<\/strong> gr\u00e2ce \u00e0 un parcours exigeant, des paysages \u00e0 couper le souffle et une ambiance extraordinaire.<\/p>\n<p><a href=\"https:\/\/cgfm.fr\/cgfmwp\/wp-content\/uploads\/2017\/08\/P1000041.jpg\"><img loading=\"lazy\" decoding=\"async\" class=\"alignnone wp-image-724\" src=\"https:\/\/cgfm.fr\/cgfmwp\/wp-content\/uploads\/2017\/08\/P1000041-300x225.jpg\" alt=\"\" width=\"439\" height=\"329\" srcset=\"https:\/\/cgfm.fr\/cgfmwp\/wp-content\/uploads\/2017\/08\/P1000041-300x225.jpg 300w, https:\/\/cgfm.fr\/cgfmwp\/wp-content\/uploads\/2017\/08\/P1000041.jpg 480w\" sizes=\"auto, (max-width: 439px) 100vw, 439px\" \/><\/a><\/p>\n<p><strong>Un grand bravo \u00e0 Francis<\/strong> qui nous prouve encore \u00e0 tous le dynamisme de nos membres dans de nombreux secteurs sportifs et que l&rsquo;age n\u2019arr\u00eate pas les plus t\u00e9m\u00e9raire.<\/p><\/blockquote>\n","protected":false},"excerpt":{"rendered":"<p>Le 16 juillet, Francis a voulu f\u00eater son anniversaire (70 printemps) \u00a0sur l\u2019\u00e9tape du tour 2017 qui partait de Brian\u00e7on pour rejoindre le sommet du col mythique de l\u2019Izoard. Il a entra\u00een\u00e9 Fr\u00e9d\u00e9ric dans cette belle aventure qui avait \u00e0 c\u0153ur de trinquer avec Francis d\u00e8s l\u2019arriv\u00e9e franchie. Cette journ\u00e9e restera pour Francis et Fr\u00e9d\u00e9ric &hellip; <\/p>\n<p class=\"link-more\"><a href=\"https:\/\/cgfm.fr\/cgfmwp\/le-cgfm-au-sommet-de-lizoard\/\" class=\"more-link\">Lire la suite de<span class=\"screen-reader-text\">\u00ab\u00a0Le CGFM au sommet de l\u2019Izoard\u00a0\u00bb<\/span><\/a><\/p>\n","protected":false},"author":3,"featured_media":0,"comment_status":"open","ping_status":"open","sticky":false,"template":"","format":"standard","meta":{"footnotes":""},"categories":[6],"tags":[],"class_list":["post-721","post","type-post","status-publish","format-standard","hentry","category-les-resultats-des-cegefemienemiens"],"_links":{"self":[{"href":"https:\/\/cgfm.fr\/cgfmwp\/wp-json\/wp\/v2\/posts\/721","targetHints":{"allow":["GET"]}}],"collection":[{"href":"https:\/\/cgfm.fr\/cgfmwp\/wp-json\/wp\/v2\/posts"}],"about":[{"href":"https:\/\/cgfm.fr\/cgfmwp\/wp-json\/wp\/v2\/types\/post"}],"author":[{"embeddable":true,"href":"https:\/\/cgfm.fr\/cgfmwp\/wp-json\/wp\/v2\/users\/3"}],"replies":[{"embeddable":true,"href":"https:\/\/cgfm.fr\/cgfmwp\/wp-json\/wp\/v2\/comments?post=721"}],"version-history":[{"count":0,"href":"https:\/\/cgfm.fr\/cgfmwp\/wp-json\/wp\/v2\/posts\/721\/revisions"}],"wp:attachment":[{"href":"https:\/\/cgfm.fr\/cgfmwp\/wp-json\/wp\/v2\/media?parent=721"}],"wp:term":[{"taxonomy":"category","embeddable":true,"href":"https:\/\/cgfm.fr\/cgfmwp\/wp-json\/wp\/v2\/categories?post=721"},{"taxonomy":"post_tag","embeddable":true,"href":"https:\/\/cgfm.fr\/cgfmwp\/wp-json\/wp\/v2\/tags?post=721"}],"curies":[{"name":"wp","href":"https:\/\/api.w.org\/{rel}","templated":true}]}}