{"id":7167,"date":"2026-05-01T09:07:35","date_gmt":"2026-05-01T07:07:35","guid":{"rendered":"https:\/\/cgfm.fr\/cgfmwp\/?p=7167"},"modified":"2026-05-01T09:07:35","modified_gmt":"2026-05-01T07:07:35","slug":"trail-du-mont-ventoux-championnat-de-france-trail-2026","status":"publish","type":"post","link":"https:\/\/cgfm.fr\/cgfmwp\/trail-du-mont-ventoux-championnat-de-france-trail-2026\/","title":{"rendered":"Trail du Mont Ventoux Championnat de France trail 2026"},"content":{"rendered":"<p><a href=\"https:\/\/cgfm.fr\/cgfmwp\/wp-content\/uploads\/2026\/04\/home_2026.jpg\"><img loading=\"lazy\" decoding=\"async\" class=\"alignnone size-medium wp-image-7169\" src=\"https:\/\/cgfm.fr\/cgfmwp\/wp-content\/uploads\/2026\/04\/home_2026-300x194.jpg\" alt=\"\" width=\"300\" height=\"194\" srcset=\"https:\/\/cgfm.fr\/cgfmwp\/wp-content\/uploads\/2026\/04\/home_2026-300x194.jpg 300w, https:\/\/cgfm.fr\/cgfmwp\/wp-content\/uploads\/2026\/04\/home_2026-1024x664.jpg 1024w, https:\/\/cgfm.fr\/cgfmwp\/wp-content\/uploads\/2026\/04\/home_2026.jpg 2000w\" sizes=\"auto, (max-width: 300px) 100vw, 300px\" \/><\/a><\/p>\n<p><span style=\"color: #ff6600;\"><strong>Cette Ann\u00e9e 2026 le Mont Ventoux a \u00e9t\u00e9 choisi pour \u00eatre une \u00e9tape des championnats de France de trail .<\/strong><\/span><\/p>\n<p>&nbsp;<\/p>\n<p><a href=\"https:\/\/cgfm.fr\/cgfmwp\/wp-content\/uploads\/2026\/04\/trail-ventoux-open-live-1-1024x683-1.webp\"><img loading=\"lazy\" decoding=\"async\" class=\"alignnone size-medium wp-image-7175\" src=\"https:\/\/cgfm.fr\/cgfmwp\/wp-content\/uploads\/2026\/04\/trail-ventoux-open-live-1-1024x683-1-300x200.webp\" alt=\"\" width=\"300\" height=\"200\" srcset=\"https:\/\/cgfm.fr\/cgfmwp\/wp-content\/uploads\/2026\/04\/trail-ventoux-open-live-1-1024x683-1-300x200.webp 300w, https:\/\/cgfm.fr\/cgfmwp\/wp-content\/uploads\/2026\/04\/trail-ventoux-open-live-1-1024x683-1.webp 1024w\" sizes=\"auto, (max-width: 300px) 100vw, 300px\" \/><\/a><\/p>\n<p>&nbsp;<\/p>\n<p><span style=\"color: #0000ff;\"><strong><span style=\"color: #000000;\">2\u00a0 repr\u00e9sentants cgfm y etait qualifi\u00e9s sur les 2 \u00e9preuves diff\u00e9rentes\u00a0 :<\/span> <span style=\"color: #ff00ff;\">Carole C.<\/span><span style=\"color: #000000;\"> sur le format long et<\/span><span style=\"color: #3366ff;\"> Marco C .<\/span> <span style=\"color: #000000;\">sur le format court .<\/span><\/strong><\/span><\/p>\n<p>&nbsp;<\/p>\n<p>Voici le commentaire de Carole :<\/p>\n<p>&nbsp;<\/p>\n<p><a href=\"https:\/\/cgfm.fr\/cgfmwp\/wp-content\/uploads\/2026\/04\/2e1139a8-ddf0-4a30-ae8a-0e6d18ab305e_AEA5E313-3596-4EFD-B694-F66C8E0E5CD1.jpg\"><img loading=\"lazy\" decoding=\"async\" class=\"alignnone size-medium wp-image-7168\" src=\"https:\/\/cgfm.fr\/cgfmwp\/wp-content\/uploads\/2026\/04\/2e1139a8-ddf0-4a30-ae8a-0e6d18ab305e_AEA5E313-3596-4EFD-B694-F66C8E0E5CD1-225x300.jpg\" alt=\"\" width=\"225\" height=\"300\" srcset=\"https:\/\/cgfm.fr\/cgfmwp\/wp-content\/uploads\/2026\/04\/2e1139a8-ddf0-4a30-ae8a-0e6d18ab305e_AEA5E313-3596-4EFD-B694-F66C8E0E5CD1-225x300.jpg 225w, https:\/\/cgfm.fr\/cgfmwp\/wp-content\/uploads\/2026\/04\/2e1139a8-ddf0-4a30-ae8a-0e6d18ab305e_AEA5E313-3596-4EFD-B694-F66C8E0E5CD1.jpg 240w\" sizes=\"auto, (max-width: 225px) 100vw, 225px\" \/><\/a><\/p>\n<blockquote>\n<div dir=\"ltr\">\n<blockquote>\n<div dir=\"ltr\">\n<div dir=\"ltr\">\n<h5 dir=\"ltr\">Mont Ventoux. Championnat de France trail long- 50km\/2600m de d\u00e9nivel\u00e9. 8 h21min\/ 4 \u00e8me M4F<\/h5>\n<p>&nbsp;<\/p>\n<\/div>\n<\/div>\n<\/blockquote>\n<\/div>\n<\/blockquote>\n<div dir=\"ltr\">\n<div dir=\"ltr\">\n<div dir=\"ltr\">\n<h5><em>Suite \u00e0 ma participation au trail du Petit Ballon, j\u2019apprends \u00e0 ma grande surprise que mon temps (ajust\u00e9 par cat\u00e9gorie) me permet de participer au championnat de France de trail long pr\u00e9vu 4 semaines plus tard au Mont Ventoux. <\/em><\/h5>\n<h5><em>Merci \u00e0 Marco et Clara\u00a0pour m\u2019avoir alert\u00e9e. Apr\u00e8s quelques minutes de r\u00e9flexion me voil\u00e0 inscrite, avec quelques heures plus tard de gros doutes\u2026 pas le temps pour une pr\u00e9paration sp\u00e9cifique\u2026<\/em><\/h5>\n<h5><em>Merci beaucoup \u00e0 Bernard<\/em><em><img loading=\"lazy\" decoding=\"async\" class=\"\" src=\"https:\/\/th.bing.com\/th\/id\/R.05af0ef8bc5c03a8837bcf91b920a6d6?rik=S6BSxxHAVY%2feow&amp;riu=http%3a%2f%2fsylvia0333.s.y.pic.centerblog.net%2fsoleil_merci.gif&amp;ehk=ZxQ8eStr7wOoP3M6gmdIJEV6OsPfNb0y0cdkc%2brB8eA%3d&amp;risl=&amp;pid=ImgRaw&amp;r=0\" alt=\"Merci Smiley Anim\u00e9 Free: Cheer Happy Thumb Up Emoji Innocent Emoji\" width=\"48\" height=\"41\" \/><\/em><em>pour ses encouragements \u00e0 y participer. Au final aucun regret, enchant\u00e9e par l\u2019exp\u00e9rience: de magnifiques paysages tout au long du parcours.<\/em><\/h5>\n<h5><em> D\u00e9part 7h30 de B\u00e9douin: SAS Elite accueilli en VIP, peloton \u00e0 l\u2019arri\u00e8re similaire \u00e0 un trail classique, bonne ambiance, pas de tension, seule diff\u00e9rence un dossard cat\u00e9gorie rajout\u00e9 dans le dos ce qui m\u2019enl\u00e8ve de la pression.<\/em><\/h5>\n<h5><em> C\u2019est parti pour 50km et 2600 m de d\u00e9nivel\u00e9. Les pr\u00e9visions m\u00e9t\u00e9orologiques sont tr\u00e8s mauvaises et pourtant dans l\u2019ensemble au final seront convenables: beaucoup de vent, des kilom\u00e8tres de neige\u2026.sur un faux plat, du soleil, des points de vue superbes tout au long du parcours, des chemins tr\u00e8s caillouteux, de la roche, des falaises, de la for\u00eat.. en bref on passe d\u2019un environnement \u00e0 l\u2019autre, tr\u00e8s vari\u00e9 en quelques heures\u2026<\/em><\/h5>\n<h5><em> Le profil annonce une grande mont\u00e9e et une longue descente, en fait la descente est faite d\u2019une succession de mont\u00e9es et de descentes, passages en flanc de falaises ressemblant parfois presque \u00e0 des grottes.<\/em><\/h5>\n<h5><em> Il est difficile de beaucoup acc\u00e9l\u00e9rer dans les descentes d\u00fb \u00e0 la technicit\u00e9, trop risqu\u00e9, je me rappelle les mots d\u2019Eric: \u00ab soit prudente, ce n\u2019est pas ton objectif de l\u2019ann\u00e9e \u00bb, il me faut sur les 10 derniers kilom\u00e8tres beaucoup de concentration. <\/em><\/h5>\n<h5><em>Malgr\u00e9 cela je fais quand m\u00eame une belle chute \u00e0 4km de l\u2019arriv\u00e9e sans trop de dommages et ai le plaisir de retrouver de bonnes sensations musculaires pour parcourir les deux derniers kilom\u00e8tres jusqu\u2019\u00e0 l\u2019arriv\u00e9e.<\/em><\/h5>\n<h5><em>Je suis venue par curiosit\u00e9 et pour gagner en exp\u00e9rience, objectif rempli. Le voyage en vaut la peine. \u00c9merveill\u00e9e par ces beaux paysages<a href=\"https:\/\/cgfm.fr\/cgfmwp\/wp-content\/uploads\/2025\/03\/1f929.png\"><img loading=\"lazy\" decoding=\"async\" class=\"alignnone wp-image-6534\" src=\"https:\/\/cgfm.fr\/cgfmwp\/wp-content\/uploads\/2025\/03\/1f929-300x300.png\" alt=\"\" width=\"46\" height=\"46\" srcset=\"https:\/\/cgfm.fr\/cgfmwp\/wp-content\/uploads\/2025\/03\/1f929-300x300.png 300w, https:\/\/cgfm.fr\/cgfmwp\/wp-content\/uploads\/2025\/03\/1f929-150x150.png 150w, https:\/\/cgfm.fr\/cgfmwp\/wp-content\/uploads\/2025\/03\/1f929.png 512w\" sizes=\"auto, (max-width: 46px) 100vw, 46px\" \/><\/a>, j\u2019ai beaucoup pens\u00e9 \u00e0 mes co\u00e9quipi\u00e8res et co\u00e9quipiers du CGFM pendant cette aventure. Recommandations +++ <\/em><\/h5>\n<h5><em>Et une petite pens\u00e9e particuli\u00e8re pour Marco avec son impressionnant chrono et toute sa pr\u00e9paration. Gros bravo\u2026<a href=\"https:\/\/cgfm.fr\/cgfmwp\/wp-content\/uploads\/2024\/07\/giphy.gif\"><img loading=\"lazy\" decoding=\"async\" class=\"alignnone wp-image-6226\" src=\"https:\/\/cgfm.fr\/cgfmwp\/wp-content\/uploads\/2024\/07\/giphy.gif\" alt=\"\" width=\"40\" height=\"40\" \/><\/a>Retour avec pleins de souvenirs\u2026R\u00e9cup\u00e9ration rapide.<\/em><\/h5>\n<\/div>\n<p>Carole .<\/p>\n<\/div>\n<\/div>\n<p>&nbsp;<\/p>\n<p>&nbsp;<\/p>\n<p>***************************************<\/p>\n<p>&nbsp;<\/p>\n<p>&nbsp;<\/p>\n<p>&nbsp;<\/p>\n<p>Et maintenant le commentaire de Marco :<\/p>\n<p>&nbsp;<\/p>\n<p><a href=\"https:\/\/cgfm.fr\/cgfmwp\/wp-content\/uploads\/2026\/04\/image3-1.jpeg\"><img loading=\"lazy\" decoding=\"async\" class=\"alignnone size-medium wp-image-7212\" src=\"https:\/\/cgfm.fr\/cgfmwp\/wp-content\/uploads\/2026\/04\/image3-1-225x300.jpeg\" alt=\"\" width=\"225\" height=\"300\" srcset=\"https:\/\/cgfm.fr\/cgfmwp\/wp-content\/uploads\/2026\/04\/image3-1-225x300.jpeg 225w, https:\/\/cgfm.fr\/cgfmwp\/wp-content\/uploads\/2026\/04\/image3-1-768x1024.jpeg 768w, https:\/\/cgfm.fr\/cgfmwp\/wp-content\/uploads\/2026\/04\/image3-1.jpeg 1440w\" sizes=\"auto, (max-width: 225px) 100vw, 225px\" \/><\/a><\/p>\n<h5><em>Le Championnat de France de trail court 2026 \u00e9tait mon grand objectif de la saison. Apr\u00e8s une belle qualification d\u00e9but mars sur le circuit des Grands Crus, j\u2019ai eu la chance de d\u00e9crocher mon ticket pour me mesurer aux meilleurs traileurs fran\u00e7ais.<\/em><\/h5>\n<h5><em>Je partage ce week\u2011end intense avec une superbe \u00e9quipe du Mulhouse Illberg Athl\u00e9tisme (MIA)<a href=\"https:\/\/cgfm.fr\/cgfmwp\/wp-content\/uploads\/2026\/04\/image0-1.jpeg\"><img loading=\"lazy\" decoding=\"async\" class=\"alignnone wp-image-7211\" src=\"https:\/\/cgfm.fr\/cgfmwp\/wp-content\/uploads\/2026\/04\/image0-1-300x200.jpeg\" alt=\"\" width=\"98\" height=\"65\" srcset=\"https:\/\/cgfm.fr\/cgfmwp\/wp-content\/uploads\/2026\/04\/image0-1-300x200.jpeg 300w, https:\/\/cgfm.fr\/cgfmwp\/wp-content\/uploads\/2026\/04\/image0-1-1024x683.jpeg 1024w, https:\/\/cgfm.fr\/cgfmwp\/wp-content\/uploads\/2026\/04\/image0-1.jpeg 1920w\" sizes=\"auto, (max-width: 98px) 100vw, 98px\" \/><\/a>, que j\u2019ai eu le plaisir de rejoindre pour vivre pleinement cet \u00e9v\u00e9nement. Une quinzaine d\u2019athl\u00e8tes \u00e9taient engag\u00e9s sur les formats court et long.<\/em><\/h5>\n<h5><em>Contrairement au format long, qui monte jusqu\u2019au sommet du Ventoux avec de la neige au programme, le format court \u00e9volue autour de 1000 m d\u2019altitude, avec un encha\u00eenement de bosses courtes mais tr\u00e8s raides, bien connues pour casser les jambes. <\/em><\/h5>\n<h5><em>Sur ce type de parcours, la gestion de l\u2019effort est primordiale, notamment pour conserver de l\u2019\u00e9nergie dans les derni\u00e8res mont\u00e9es.<\/em><\/h5>\n<h5><em> Ma strat\u00e9gie \u00e9tait donc claire\u202f: ma\u00eetriser les 18 premiers kilom\u00e8tres, sur un trac\u00e9 exigeant de 29 km et 1400 m de d\u00e9nivel\u00e9 positif.<\/em><\/h5>\n<h5><em>Le d\u00e9part est donn\u00e9 \u00e0 9h30, au c\u0153ur du village de B\u00e9doin. L\u2019ambiance est d\u00e9j\u00e0 incroyable.<\/em><\/h5>\n<h5><em><a href=\"https:\/\/cgfm.fr\/cgfmwp\/wp-content\/uploads\/2026\/04\/image1-scaled.jpeg\"><img loading=\"lazy\" decoding=\"async\" class=\"alignnone size-medium wp-image-7213\" src=\"https:\/\/cgfm.fr\/cgfmwp\/wp-content\/uploads\/2026\/04\/image1-225x300.jpeg\" alt=\"\" width=\"225\" height=\"300\" srcset=\"https:\/\/cgfm.fr\/cgfmwp\/wp-content\/uploads\/2026\/04\/image1-225x300.jpeg 225w, https:\/\/cgfm.fr\/cgfmwp\/wp-content\/uploads\/2026\/04\/image1-768x1024.jpeg 768w, https:\/\/cgfm.fr\/cgfmwp\/wp-content\/uploads\/2026\/04\/image1-2000x2667.jpeg 2000w, https:\/\/cgfm.fr\/cgfmwp\/wp-content\/uploads\/2026\/04\/image1-scaled.jpeg 1920w\" sizes=\"auto, (max-width: 225px) 100vw, 225px\" \/><\/a><\/em><\/h5>\n<h5><em>D\u00e8s les premi\u00e8res secondes, je fr\u00f4le la chute\u202f: un groupe tombe juste devant moi, provoquant un v\u00e9ritable effet domino. Le rythme est extr\u00eamement \u00e9lev\u00e9 et la moindre erreur peut co\u00fbter cher.<\/em><\/h5>\n<h5><em>Les 4 premiers kilom\u00e8tres, plut\u00f4t roulants, me permettent de me placer avant l\u2019entr\u00e9e dans les premiers singles et les premi\u00e8res ascensions. <\/em><\/h5>\n<h5><em>Tr\u00e8s vite, le terrain devient technique, typique du sud de la France et du Ventoux\u202f: beaucoup de cailloux, de racines et des appuis fuyants.<\/em><\/h5>\n<h5><em> <a href=\"https:\/\/cgfm.fr\/cgfmwp\/wp-content\/uploads\/2026\/04\/image2-scaled.jpeg\"><img loading=\"lazy\" decoding=\"async\" class=\"alignnone size-medium wp-image-7210\" src=\"https:\/\/cgfm.fr\/cgfmwp\/wp-content\/uploads\/2026\/04\/image2-200x300.jpeg\" alt=\"\" width=\"200\" height=\"300\" srcset=\"https:\/\/cgfm.fr\/cgfmwp\/wp-content\/uploads\/2026\/04\/image2-200x300.jpeg 200w, https:\/\/cgfm.fr\/cgfmwp\/wp-content\/uploads\/2026\/04\/image2-683x1024.jpeg 683w, https:\/\/cgfm.fr\/cgfmwp\/wp-content\/uploads\/2026\/04\/image2-2000x3000.jpeg 2000w, https:\/\/cgfm.fr\/cgfmwp\/wp-content\/uploads\/2026\/04\/image2-scaled.jpeg 1707w\" sizes=\"auto, (max-width: 200px) 100vw, 200px\" \/><\/a><\/em><br \/>\n<em>Heureusement, le vent, tr\u00e8s violent la veille lors des courses Open, s\u2019est largement calm\u00e9 ce dimanche.<\/em><\/h5>\n<h5><em>Je g\u00e8re mon effort comme pr\u00e9vu sur les 18 premiers kilom\u00e8tres, malgr\u00e9 deux grosses bosses qui commencent d\u00e9j\u00e0 \u00e0 faire mal aux jambes. Je sais qu\u2019une longue descente tr\u00e8s technique arrive ensuite, un terrain qui me convient particuli\u00e8rement et sur lequel je peux esp\u00e9rer refaire du terrain. Sur ces 4 km de descente, je l\u00e2che tout\u202f: les sensations sont bonnes et je remonte \u00e9norm\u00e9ment de coureurs, probablement une soixantaine de places.<\/em><\/h5>\n<h5><em>Tout au long du parcours, l\u2019ambiance est exceptionnelle<\/em><em>Les spectateurs sont nombreux, pr\u00e9sents d\u00e8s que le terrain le permet, et leurs encouragements font un bien fou.<\/em><\/h5>\n<h5><\/h5>\n<h5><em>J\u2019aborde ensuite les trois derni\u00e8res bosses en restant concentr\u00e9 et r\u00e9gulier. Peu \u00e0 peu, le terrain s\u2019adoucit\u202f: me voil\u00e0 dans les vignes et les oliviers, l\u2019arriv\u00e9e se rapproche. Une derni\u00e8re relance \u00e0 travers une carri\u00e8re d\u2019ocres vient pimenter le final, parce que ce n\u2019\u00e9tait visiblement pas encore assez dur, il faut aussi ajouter la variable sable. Puis arrive la derni\u00e8re mont\u00e9e, avant la descente vers le centre de B\u00e9doin.<\/em><\/h5>\n<h5><\/h5>\n<h5><em>Les derniers m\u00e8tres sont magiques\u202f: applaudissements<\/em><em><a href=\"https:\/\/cgfm.fr\/cgfmwp\/wp-content\/uploads\/2023\/03\/230___clapping-hands.png\"><img loading=\"lazy\" decoding=\"async\" class=\"alignnone wp-image-4656\" src=\"https:\/\/cgfm.fr\/cgfmwp\/wp-content\/uploads\/2023\/03\/230___clapping-hands-300x158.png\" alt=\"\" width=\"40\" height=\"21\" srcset=\"https:\/\/cgfm.fr\/cgfmwp\/wp-content\/uploads\/2023\/03\/230___clapping-hands-300x158.png 300w, https:\/\/cgfm.fr\/cgfmwp\/wp-content\/uploads\/2023\/03\/230___clapping-hands.png 600w\" sizes=\"auto, (max-width: 40px) 100vw, 40px\" \/><\/a><\/em><em><a href=\"https:\/\/cgfm.fr\/cgfmwp\/wp-content\/uploads\/2023\/03\/230___clapping-hands.png\"><img loading=\"lazy\" decoding=\"async\" class=\"alignnone wp-image-4656\" src=\"https:\/\/cgfm.fr\/cgfmwp\/wp-content\/uploads\/2023\/03\/230___clapping-hands-300x158.png\" alt=\"\" width=\"50\" height=\"27\" srcset=\"https:\/\/cgfm.fr\/cgfmwp\/wp-content\/uploads\/2023\/03\/230___clapping-hands-300x158.png 300w, https:\/\/cgfm.fr\/cgfmwp\/wp-content\/uploads\/2023\/03\/230___clapping-hands.png 600w\" sizes=\"auto, (max-width: 50px) 100vw, 50px\" \/><\/a><\/em><em><a href=\"https:\/\/cgfm.fr\/cgfmwp\/wp-content\/uploads\/2023\/03\/230___clapping-hands.png\"><img loading=\"lazy\" decoding=\"async\" class=\"alignnone wp-image-4656\" src=\"https:\/\/cgfm.fr\/cgfmwp\/wp-content\/uploads\/2023\/03\/230___clapping-hands-300x158.png\" alt=\"\" width=\"45\" height=\"24\" srcset=\"https:\/\/cgfm.fr\/cgfmwp\/wp-content\/uploads\/2023\/03\/230___clapping-hands-300x158.png 300w, https:\/\/cgfm.fr\/cgfmwp\/wp-content\/uploads\/2023\/03\/230___clapping-hands.png 600w\" sizes=\"auto, (max-width: 45px) 100vw, 45px\" \/><\/a><\/em><em>, cloches, une ambiance digne du Tour de France.<\/em><\/h5>\n<h5><em> Je franchis la ligne en 2h56, les quadriceps en feu, mais avec un immense plaisir et une grande fiert\u00e9 d\u2019avoir termin\u00e9 cette course.<\/em><\/h5>\n<h5><em>2h56, 571\u1d49 sur 1324 class\u00e9s\u202f: la densit\u00e9 et le niveau \u00e9taient extr\u00eamement \u00e9lev\u00e9s. <\/em><\/h5>\n<h5><em>Le vainqueur boucle le parcours en 2 heures, impressionnant<img loading=\"lazy\" decoding=\"async\" class=\"\" src=\"https:\/\/static.vecteezy.com\/ti\/vecteur-libre\/p2\/8734721-surpris-emoticone-smiley-gratuit-vectoriel.jpg\" alt=\"smiley \u00e9motic\u00f4ne surpris 8734721 Art vectoriel chez Vecteezy\" width=\"32\" height=\"32\" \/>, mais c\u2019est \u00e7a, les Championnats de France. Je suis profond\u00e9ment heureux <a href=\"https:\/\/cgfm.fr\/cgfmwp\/wp-content\/uploads\/2025\/12\/2aaa8b355bbc9be7026a28c1f3726f93.jpg\"><img loading=\"lazy\" decoding=\"async\" class=\"alignnone wp-image-7026\" src=\"https:\/\/cgfm.fr\/cgfmwp\/wp-content\/uploads\/2025\/12\/2aaa8b355bbc9be7026a28c1f3726f93-300x300.jpg\" alt=\"\" width=\"43\" height=\"43\" srcset=\"https:\/\/cgfm.fr\/cgfmwp\/wp-content\/uploads\/2025\/12\/2aaa8b355bbc9be7026a28c1f3726f93-300x300.jpg 300w, https:\/\/cgfm.fr\/cgfmwp\/wp-content\/uploads\/2025\/12\/2aaa8b355bbc9be7026a28c1f3726f93-150x150.jpg 150w, https:\/\/cgfm.fr\/cgfmwp\/wp-content\/uploads\/2025\/12\/2aaa8b355bbc9be7026a28c1f3726f93.jpg 474w\" sizes=\"auto, (max-width: 43px) 100vw, 43px\" \/><\/a>d\u2019avoir pu y participer et d\u2019avoir port\u00e9 au mieux les couleurs du CGFM sur cette \u00e9preuve.<\/em><\/h5>\n<h5><em>Avis aux amateurs : rendez\u2011vous en Bretagne mi\u2011mai 2027 pour les prochains Championnats de France !<\/em><\/h5>\n<p>&nbsp;<\/p>\n<h5>Marco.<\/h5>\n","protected":false},"excerpt":{"rendered":"<p>Cette Ann\u00e9e 2026 le Mont Ventoux a \u00e9t\u00e9 choisi pour \u00eatre une \u00e9tape des championnats de France de trail . &nbsp; &nbsp; 2\u00a0 repr\u00e9sentants cgfm y etait qualifi\u00e9s sur les 2 \u00e9preuves diff\u00e9rentes\u00a0 : Carole C. sur le format long et Marco C . sur le format court . &nbsp; Voici le commentaire de Carole &hellip; <\/p>\n<p class=\"link-more\"><a href=\"https:\/\/cgfm.fr\/cgfmwp\/trail-du-mont-ventoux-championnat-de-france-trail-2026\/\" class=\"more-link\">Lire la suite de<span class=\"screen-reader-text\">\u00ab\u00a0Trail du Mont Ventoux Championnat de France trail 2026\u00a0\u00bb<\/span><\/a><\/p>\n","protected":false},"author":5,"featured_media":0,"comment_status":"open","ping_status":"open","sticky":false,"template":"","format":"standard","meta":{"footnotes":""},"categories":[30],"tags":[],"class_list":["post-7167","post","type-post","status-publish","format-standard","hentry","category-trails"],"_links":{"self":[{"href":"https:\/\/cgfm.fr\/cgfmwp\/wp-json\/wp\/v2\/posts\/7167","targetHints":{"allow":["GET"]}}],"collection":[{"href":"https:\/\/cgfm.fr\/cgfmwp\/wp-json\/wp\/v2\/posts"}],"about":[{"href":"https:\/\/cgfm.fr\/cgfmwp\/wp-json\/wp\/v2\/types\/post"}],"author":[{"embeddable":true,"href":"https:\/\/cgfm.fr\/cgfmwp\/wp-json\/wp\/v2\/users\/5"}],"replies":[{"embeddable":true,"href":"https:\/\/cgfm.fr\/cgfmwp\/wp-json\/wp\/v2\/comments?post=7167"}],"version-history":[{"count":10,"href":"https:\/\/cgfm.fr\/cgfmwp\/wp-json\/wp\/v2\/posts\/7167\/revisions"}],"predecessor-version":[{"id":7262,"href":"https:\/\/cgfm.fr\/cgfmwp\/wp-json\/wp\/v2\/posts\/7167\/revisions\/7262"}],"wp:attachment":[{"href":"https:\/\/cgfm.fr\/cgfmwp\/wp-json\/wp\/v2\/media?parent=7167"}],"wp:term":[{"taxonomy":"category","embeddable":true,"href":"https:\/\/cgfm.fr\/cgfmwp\/wp-json\/wp\/v2\/categories?post=7167"},{"taxonomy":"post_tag","embeddable":true,"href":"https:\/\/cgfm.fr\/cgfmwp\/wp-json\/wp\/v2\/tags?post=7167"}],"curies":[{"name":"wp","href":"https:\/\/api.w.org\/{rel}","templated":true}]}}