{"id":702,"date":"2017-06-25T23:22:00","date_gmt":"2017-06-25T21:22:00","guid":{"rendered":"http:\/\/cgfm.fr\/cgfmwp\/?p=702"},"modified":"2017-06-27T11:00:35","modified_gmt":"2017-06-27T09:00:35","slug":"eric-en-forme-mickael-en-souffrance","status":"publish","type":"post","link":"https:\/\/cgfm.fr\/cgfmwp\/eric-en-forme-mickael-en-souffrance\/","title":{"rendered":"ERIC en forme MICKAEL en souffrance"},"content":{"rendered":"<p><img loading=\"lazy\" decoding=\"async\" class=\"wp-image-704 alignnone\" src=\"https:\/\/cgfm.fr\/cgfmwp\/wp-content\/uploads\/2017\/06\/logo-gt-300x300.png\" alt=\"\" width=\"190\" height=\"190\" srcset=\"https:\/\/cgfm.fr\/cgfmwp\/wp-content\/uploads\/2017\/06\/logo-gt-300x300.png 300w, https:\/\/cgfm.fr\/cgfmwp\/wp-content\/uploads\/2017\/06\/logo-gt-150x150.png 150w, https:\/\/cgfm.fr\/cgfmwp\/wp-content\/uploads\/2017\/06\/logo-gt.png 500w\" sizes=\"auto, (max-width: 190px) 100vw, 190px\" \/><a href=\"https:\/\/cgfm.fr\/cgfmwp\/wp-content\/uploads\/2017\/06\/3-Arriv\u00e9e-Grand-trail-de-la-vall\u00e9e-des-lacs-87-km-4700-D-en-15-h-08-..jpg\"><img loading=\"lazy\" decoding=\"async\" class=\"alignnone wp-image-707\" src=\"https:\/\/cgfm.fr\/cgfmwp\/wp-content\/uploads\/2017\/06\/3-Arriv\u00e9e-Grand-trail-de-la-vall\u00e9e-des-lacs-87-km-4700-D-en-15-h-08-.-300x200.jpg\" alt=\"\" width=\"251\" height=\"167\" srcset=\"https:\/\/cgfm.fr\/cgfmwp\/wp-content\/uploads\/2017\/06\/3-Arriv\u00e9e-Grand-trail-de-la-vall\u00e9e-des-lacs-87-km-4700-D-en-15-h-08-.-300x200.jpg 300w, https:\/\/cgfm.fr\/cgfmwp\/wp-content\/uploads\/2017\/06\/3-Arriv\u00e9e-Grand-trail-de-la-vall\u00e9e-des-lacs-87-km-4700-D-en-15-h-08-.-768x512.jpg 768w, https:\/\/cgfm.fr\/cgfmwp\/wp-content\/uploads\/2017\/06\/3-Arriv\u00e9e-Grand-trail-de-la-vall\u00e9e-des-lacs-87-km-4700-D-en-15-h-08-..jpg 1024w\" sizes=\"auto, (max-width: 251px) 100vw, 251px\" \/><\/a><\/p>\n<p>Le circuit emprunte les hauteurs de Gerardmer, La Roche Ferranti, Lac de Lispach, Sentier Morel, Les Champis, Les hauteurs de La Bresse, Le Lac des Corbeaux, Le Col du Bramont, Pont Jean Dzour, Lac de Blanchemer, Le Rainkopf, Le Lac de l&rsquo;Altenweier, Mittlach, le KerbHoltz, Les Spitzkoepfe, Les Cr\u00eates, Le Hohneck, Le Collet , Balveurche , Longemer , Les Plombes, La Chaume Francis, La Mauselaine, La Roche du Rain, Centre ville de Gerardmer, et retour au bord du lac<\/p>\n<blockquote><p><strong>ERIC nous confirme que ce circuit n&rsquo;est pas des plus facile mais pr\u00e9sente des paysages magnifiques et des passages techniques des plus plaisants.\u00a0<\/strong><\/p>\n<p><a href=\"https:\/\/cgfm.fr\/cgfmwp\/wp-content\/uploads\/2017\/06\/2-Grand-trail-de-la-vall\u00e9e-des-lacs-2017-87km-4700-D.jpg\"><img loading=\"lazy\" decoding=\"async\" class=\"alignnone wp-image-710\" src=\"https:\/\/cgfm.fr\/cgfmwp\/wp-content\/uploads\/2017\/06\/2-Grand-trail-de-la-vall\u00e9e-des-lacs-2017-87km-4700-D-300x200.jpg\" alt=\"\" width=\"468\" height=\"312\" srcset=\"https:\/\/cgfm.fr\/cgfmwp\/wp-content\/uploads\/2017\/06\/2-Grand-trail-de-la-vall\u00e9e-des-lacs-2017-87km-4700-D-300x200.jpg 300w, https:\/\/cgfm.fr\/cgfmwp\/wp-content\/uploads\/2017\/06\/2-Grand-trail-de-la-vall\u00e9e-des-lacs-2017-87km-4700-D-768x512.jpg 768w, https:\/\/cgfm.fr\/cgfmwp\/wp-content\/uploads\/2017\/06\/2-Grand-trail-de-la-vall\u00e9e-des-lacs-2017-87km-4700-D.jpg 960w\" sizes=\"auto, (max-width: 468px) 100vw, 468px\" \/><\/a><\/p>\n<p><strong>Satisfait de ce premier ultra de\u00a0<\/strong><strong>87 km et 4700 d\u00e9nivel\u00e9 +\u00a0<\/strong><strong>qu&rsquo;il termine en 15 h 08&Prime;<\/strong> il pense\u00a0avoir g\u00e9r\u00e9 parfaitement sa course terminant sans aucun soucis m\u00eame surpris d\u2019\u00eatre en si bonne forme qu&rsquo;il <strong>aurais pu encore aller plus loin !<\/strong><\/p>\n<p><a href=\"https:\/\/cgfm.fr\/cgfmwp\/wp-content\/uploads\/2017\/06\/1-Grand-Trail-de-la-vall\u00e9e-des-lacs-2017.jpg\"><img loading=\"lazy\" decoding=\"async\" class=\"size-medium wp-image-711 alignleft\" src=\"https:\/\/cgfm.fr\/cgfmwp\/wp-content\/uploads\/2017\/06\/1-Grand-Trail-de-la-vall\u00e9e-des-lacs-2017-200x300.jpg\" alt=\"\" width=\"200\" height=\"300\" srcset=\"https:\/\/cgfm.fr\/cgfmwp\/wp-content\/uploads\/2017\/06\/1-Grand-Trail-de-la-vall\u00e9e-des-lacs-2017-200x300.jpg 200w, https:\/\/cgfm.fr\/cgfmwp\/wp-content\/uploads\/2017\/06\/1-Grand-Trail-de-la-vall\u00e9e-des-lacs-2017.jpg 427w\" sizes=\"auto, (max-width: 200px) 100vw, 200px\" \/><\/a><\/p>\n<p>&nbsp;<\/p>\n<p>Son classement prouve cette belle sant\u00e9 avec\u00a0une <strong>87e place sur 250 partants<\/strong> et une bonne cinquantaine d&rsquo;abandons dont <strong>Michael<\/strong>\u00a0qui malgr\u00e9 des soucis gastriques a tout de m\u00eame tenu <strong>12 h 48&Prime; et 70 km\u00a0<\/strong><\/p>\n<p><a href=\"https:\/\/cgfm.fr\/cgfmwp\/wp-content\/uploads\/2017\/06\/Michael-Grand-trail-de-la-vall\u00e9e-des-lacs-2017-abandon...-.jpg\"><img loading=\"lazy\" decoding=\"async\" class=\"alignnone wp-image-709\" src=\"https:\/\/cgfm.fr\/cgfmwp\/wp-content\/uploads\/2017\/06\/Michael-Grand-trail-de-la-vall\u00e9e-des-lacs-2017-abandon...--300x200.jpg\" alt=\"\" width=\"464\" height=\"309\" srcset=\"https:\/\/cgfm.fr\/cgfmwp\/wp-content\/uploads\/2017\/06\/Michael-Grand-trail-de-la-vall\u00e9e-des-lacs-2017-abandon...--300x200.jpg 300w, https:\/\/cgfm.fr\/cgfmwp\/wp-content\/uploads\/2017\/06\/Michael-Grand-trail-de-la-vall\u00e9e-des-lacs-2017-abandon...--768x512.jpg 768w, https:\/\/cgfm.fr\/cgfmwp\/wp-content\/uploads\/2017\/06\/Michael-Grand-trail-de-la-vall\u00e9e-des-lacs-2017-abandon...-.jpg 960w\" sizes=\"auto, (max-width: 464px) 100vw, 464px\" \/><\/a><\/p>\n<p><strong><em>Michael nous d\u00e9tail sa course et ces d\u00e9boires qui ont aboutis \u00e0 son abandon:\u00a0<\/em><\/strong><\/p>\n<p><em>Apres un abandon il y a quelques semaines sur le Grand Raid 73 en Savoie au km 34 (sur 73 km), un nouvel abandon \u00e0 mon actif pour 2017! <\/em><\/p>\n<p>Mais <strong><span style=\"font-style: normal;\">soyons<\/span>\u00a0positif<\/strong> avec un record de distance (70 km), de d\u00e9nivel\u00e9 (4000 m+) et de dur\u00e9e (+12 h).<\/p>\n<p><strong style=\"font-style: italic;\">D\u00e9part tranquille avec mon ami Eric<\/strong> pendant quelques kilom\u00e8tres avant de partir un peu devant.<\/p>\n<p><strong>Aucun probl\u00e8me pendant la <span style=\"font-style: normal;\">premi\u00e8re<\/span>\u00a0moiti\u00e9 de la course<\/strong> avec une bonne gestion de l&rsquo;effort et de la nutrition, mais comme souvent, <strong>vers le km 45 les naus\u00e9es et premiers vomissements.<\/strong> Je parviens a me r\u00e9hydrater et \u00e0 recoller avec mon petit groupe (avec la 2e f\u00e9minine qui terminera 3e) et on arrive au pied du Hohneck au ravito du km 50. Je prends mon temps pour essay\u00e9 de me remettre en \u00e9tat &#8230; sans succ\u00e8s. S&rsquo;en suit un mont\u00e9e en enfer, avec arr\u00eats et vomissements compulsif, la d\u00e9shydratation et hypoglyc\u00e9mie. J&rsquo;arrive au sommet, je redescends sur le ravito du km 60 et j&rsquo;y reste plus de 30 minutes pour me refaire&#8230;mais rien \u00e0 y faire. Eric me rejoins rapidement, mais repart sans moi pour finir sa belle course. Moi je repars au mental, qui tient malgr\u00e9 tout&#8230;mais <strong>le corps ne tient plus.<\/strong> Apres la descente jusqu&rsquo;au Lac de Lispach, je ne peux plus courir sur le plat, la d\u00e9shydratation est bien l\u00e0, hypoglyc\u00e9mie aussi.<\/p>\n<p><strong>La t\u00e8te accepte enfin que mon corps a d\u00e9pass\u00e9 ses limites&#8230;<\/strong><\/p>\n<p>Une course magnifique, exigeante, de bons moments pass\u00e9s avec Eric, une belle solidarit\u00e9 entre coureurs, et un combat contre moi <span style=\"font-style: normal;\">m\u00eame<\/span>. Une satisfaction d&rsquo;avoir r\u00e9ussi d\u00e9j\u00e0 beaucoup, et une tristesse de ne savoir que faire pour passer ce cap.<\/p>\n<p><strong>Mais j&rsquo;y arriverai pour continuer \u00e0 bien repr\u00e9senter le CGFM dans nos belles contr\u00e9es Alsacienne&#8230;et Vosgienne\u00a0<\/strong><\/p>\n<p>&nbsp;<\/p><\/blockquote>\n<p>&nbsp;<\/p>\n","protected":false},"excerpt":{"rendered":"<p>Le circuit emprunte les hauteurs de Gerardmer, La Roche Ferranti, Lac de Lispach, Sentier Morel, Les Champis, Les hauteurs de La Bresse, Le Lac des Corbeaux, Le Col du Bramont, Pont Jean Dzour, Lac de Blanchemer, Le Rainkopf, Le Lac de l&rsquo;Altenweier, Mittlach, le KerbHoltz, Les Spitzkoepfe, Les Cr\u00eates, Le Hohneck, Le Collet , Balveurche &hellip; <\/p>\n<p class=\"link-more\"><a href=\"https:\/\/cgfm.fr\/cgfmwp\/eric-en-forme-mickael-en-souffrance\/\" class=\"more-link\">Lire la suite de<span class=\"screen-reader-text\">\u00ab\u00a0ERIC en forme MICKAEL en souffrance\u00a0\u00bb<\/span><\/a><\/p>\n","protected":false},"author":3,"featured_media":0,"comment_status":"open","ping_status":"open","sticky":false,"template":"","format":"standard","meta":{"footnotes":""},"categories":[6],"tags":[],"class_list":["post-702","post","type-post","status-publish","format-standard","hentry","category-les-resultats-des-cegefemienemiens"],"_links":{"self":[{"href":"https:\/\/cgfm.fr\/cgfmwp\/wp-json\/wp\/v2\/posts\/702","targetHints":{"allow":["GET"]}}],"collection":[{"href":"https:\/\/cgfm.fr\/cgfmwp\/wp-json\/wp\/v2\/posts"}],"about":[{"href":"https:\/\/cgfm.fr\/cgfmwp\/wp-json\/wp\/v2\/types\/post"}],"author":[{"embeddable":true,"href":"https:\/\/cgfm.fr\/cgfmwp\/wp-json\/wp\/v2\/users\/3"}],"replies":[{"embeddable":true,"href":"https:\/\/cgfm.fr\/cgfmwp\/wp-json\/wp\/v2\/comments?post=702"}],"version-history":[{"count":0,"href":"https:\/\/cgfm.fr\/cgfmwp\/wp-json\/wp\/v2\/posts\/702\/revisions"}],"wp:attachment":[{"href":"https:\/\/cgfm.fr\/cgfmwp\/wp-json\/wp\/v2\/media?parent=702"}],"wp:term":[{"taxonomy":"category","embeddable":true,"href":"https:\/\/cgfm.fr\/cgfmwp\/wp-json\/wp\/v2\/categories?post=702"},{"taxonomy":"post_tag","embeddable":true,"href":"https:\/\/cgfm.fr\/cgfmwp\/wp-json\/wp\/v2\/tags?post=702"}],"curies":[{"name":"wp","href":"https:\/\/api.w.org\/{rel}","templated":true}]}}