{"id":686,"date":"2017-06-21T14:06:33","date_gmt":"2017-06-21T12:06:33","guid":{"rendered":"http:\/\/cgfm.fr\/cgfmwp\/?p=686"},"modified":"2019-08-24T10:03:40","modified_gmt":"2019-08-24T08:03:40","slug":"course-du-terril-de-wittelsheim","status":"publish","type":"post","link":"https:\/\/cgfm.fr\/cgfmwp\/course-du-terril-de-wittelsheim\/","title":{"rendered":"Course Du Terril de Wittelsheim"},"content":{"rendered":"<p><a href=\"https:\/\/cgfm.fr\/cgfmwp\/wp-content\/uploads\/2017\/06\/68_Pulversheim_2012-09-21p1-9186_p.jpg\"><img loading=\"lazy\" decoding=\"async\" class=\"alignnone wp-image-689\" src=\"https:\/\/cgfm.fr\/cgfmwp\/wp-content\/uploads\/2017\/06\/68_Pulversheim_2012-09-21p1-9186_p-300x68.jpg\" alt=\"\" width=\"472\" height=\"107\" srcset=\"https:\/\/cgfm.fr\/cgfmwp\/wp-content\/uploads\/2017\/06\/68_Pulversheim_2012-09-21p1-9186_p-300x68.jpg 300w, https:\/\/cgfm.fr\/cgfmwp\/wp-content\/uploads\/2017\/06\/68_Pulversheim_2012-09-21p1-9186_p-768x174.jpg 768w, https:\/\/cgfm.fr\/cgfmwp\/wp-content\/uploads\/2017\/06\/68_Pulversheim_2012-09-21p1-9186_p-1024x232.jpg 1024w\" sizes=\"auto, (max-width: 472px) 100vw, 472px\" \/><\/a><\/p>\n<blockquote><p><strong>Christine vous propose comme l&rsquo;ann\u00e9e derni\u00e8re une reconnaissance de la course du terril qui a lieu le dimanche 06 ao\u00fbt.<\/strong><br \/>\nPour celles et ceux qui sont int\u00e9ress\u00e9s, elle vous donne rendez vous le dimanche 02 juillet \u00e0 09h45 sur le parking en face du lyc\u00e9e Z\u00fcrcher rue Mermoz \u00e0 Wittelsheim.<\/p>\n<p><strong>Pour s&rsquo;y rendre :<\/strong><br \/>\n&#8211; en venant de Mulhouse par la RN66, prendre la sortie Wittelsheim<br \/>\n&#8211; au rond point du bowling prendre la sortie Wittelsheim centre (3\u00e8me sortie)<br \/>\n&#8211; continuer tout droit jusqu&rsquo;\u00e0 un premier rond point (\u00e9glise sur la gauche) puis continuer toujours tout droit jusqu&rsquo;au deuxi\u00e8me rond point puis prendre la 1\u00e8re sortie<br \/>\n&#8211; faites 500 m et vous trouverez le parking sur votre droite<\/p>\n<p><strong>Christine<\/strong><\/p><\/blockquote>\n","protected":false},"excerpt":{"rendered":"<p>Christine vous propose comme l&rsquo;ann\u00e9e derni\u00e8re une reconnaissance de la course du terril qui a lieu le dimanche 06 ao\u00fbt. Pour celles et ceux qui sont int\u00e9ress\u00e9s, elle vous donne rendez vous le dimanche 02 juillet \u00e0 09h45 sur le parking en face du lyc\u00e9e Z\u00fcrcher rue Mermoz \u00e0 Wittelsheim. Pour s&rsquo;y rendre : &#8211; &hellip; <\/p>\n<p class=\"link-more\"><a href=\"https:\/\/cgfm.fr\/cgfmwp\/course-du-terril-de-wittelsheim\/\" class=\"more-link\">Lire la suite de<span class=\"screen-reader-text\">\u00ab\u00a0Course Du Terril de Wittelsheim\u00a0\u00bb<\/span><\/a><\/p>\n","protected":false},"author":3,"featured_media":0,"comment_status":"open","ping_status":"open","sticky":false,"template":"","format":"standard","meta":{"footnotes":""},"categories":[21],"tags":[],"class_list":["post-686","post","type-post","status-publish","format-standard","hentry","category-reco-infos"],"_links":{"self":[{"href":"https:\/\/cgfm.fr\/cgfmwp\/wp-json\/wp\/v2\/posts\/686","targetHints":{"allow":["GET"]}}],"collection":[{"href":"https:\/\/cgfm.fr\/cgfmwp\/wp-json\/wp\/v2\/posts"}],"about":[{"href":"https:\/\/cgfm.fr\/cgfmwp\/wp-json\/wp\/v2\/types\/post"}],"author":[{"embeddable":true,"href":"https:\/\/cgfm.fr\/cgfmwp\/wp-json\/wp\/v2\/users\/3"}],"replies":[{"embeddable":true,"href":"https:\/\/cgfm.fr\/cgfmwp\/wp-json\/wp\/v2\/comments?post=686"}],"version-history":[{"count":0,"href":"https:\/\/cgfm.fr\/cgfmwp\/wp-json\/wp\/v2\/posts\/686\/revisions"}],"wp:attachment":[{"href":"https:\/\/cgfm.fr\/cgfmwp\/wp-json\/wp\/v2\/media?parent=686"}],"wp:term":[{"taxonomy":"category","embeddable":true,"href":"https:\/\/cgfm.fr\/cgfmwp\/wp-json\/wp\/v2\/categories?post=686"},{"taxonomy":"post_tag","embeddable":true,"href":"https:\/\/cgfm.fr\/cgfmwp\/wp-json\/wp\/v2\/tags?post=686"}],"curies":[{"name":"wp","href":"https:\/\/api.w.org\/{rel}","templated":true}]}}