{"id":6811,"date":"2025-06-15T11:48:14","date_gmt":"2025-06-15T09:48:14","guid":{"rendered":"https:\/\/cgfm.fr\/cgfmwp\/?p=6811"},"modified":"2025-08-05T21:17:59","modified_gmt":"2025-08-05T19:17:59","slug":"ultra-des-bauges-version-2025-defi-impossible","status":"publish","type":"post","link":"https:\/\/cgfm.fr\/cgfmwp\/ultra-des-bauges-version-2025-defi-impossible\/","title":{"rendered":"Ultra des Bauges  version 2025 \u00ab\u00a0d\u00e9fi impossible\u00a0\u00bb &#8230;?"},"content":{"rendered":"<h3><\/h3>\n<h3><\/h3>\n<h2><strong>L&rsquo;utra trail des BAUGES 2025\u00a0<\/strong><\/h2>\n<p>&nbsp;<\/p>\n<p>&nbsp;<\/p>\n<p>&nbsp;<\/p>\n<h3><strong>Pour en savoir +\u00a0<\/strong><\/h3>\n<p><a href=\"https:\/\/www.grandraid73.fr\/post\/l-ultra-des-bauges-110km-7-660d\">https:\/\/www.grandraid73.fr\/post\/l-ultra-des-bauges-110km-7-660d<\/a><\/p>\n<p>&nbsp;<\/p>\n<p>&nbsp;<\/p>\n<h3><strong><span style=\"color: #ff0000;\">5 Cgfm ont fait ce d\u00e9placement .<\/span><\/strong><\/h3>\n<p>&nbsp;<\/p>\n<p>&nbsp;<\/p>\n<p><strong>C\u00e9line nous raconte magnifiquement cette aventure :<\/strong><\/p>\n<p>&nbsp;<\/p>\n<h5><em>1 an s\u2019est \u00e9coul\u00e9 depuis notre premi\u00e8re participation au GR73 et nous voil\u00e0 d\u00e9j\u00e0 de retour en Savoie avec Fr\u00e9d\u00e9ric, Erwan, Micha\u00ebl et Sam: l\u2019Ultra des Bauges, 110km\/7660mD+ et le 23km\/1220mD+ nous attendent.<\/em><\/h5>\n<p>&nbsp;<\/p>\n<h5><em>Je pars beaucoup moins sereine qu\u2019en 2024. En effet, l\u2019Ultra des Bauges (nouveau format 2025 du GR73) comporte une premi\u00e8re barri\u00e8re horaires tr\u00e8s serr\u00e9e pour mon niveau: 14h de course pour 63km et 4900mD+.<\/em><br \/>\n<em>Dans ce cas, me direz-vous, pourquoi se lancer sur cet ultra?<a href=\"https:\/\/cgfm.fr\/cgfmwp\/wp-content\/uploads\/2023\/04\/5c9aa254ad28c6384ce03fd551899e4e-1.jpg\"><img loading=\"lazy\" decoding=\"async\" class=\"alignnone wp-image-4985\" src=\"https:\/\/cgfm.fr\/cgfmwp\/wp-content\/uploads\/2023\/04\/5c9aa254ad28c6384ce03fd551899e4e-1.jpg\" alt=\"\" width=\"50\" height=\"60\" \/><\/a><\/em><\/h5>\n<p>&nbsp;<\/p>\n<h5><em>Pour plusieurs raisons :<\/em><\/h5>\n<p>&nbsp;<\/p>\n<h5><em>1\/ l\u2019organisation propose de d\u00e9tourner les coureurs hors barri\u00e8re sur un 84km pour 5300D+ donc rien est perdu, ce format est aussi tr\u00e8s int\u00e9ressant,<\/em><\/h5>\n<h5><em>2\/ pour avoir couru le 74km du GR73 en 2024, je sais que je vais adorer cet ultra Trail tr\u00e8s difficile mais d\u2019une grande beaut\u00e9,<\/em><\/h5>\n<h5><em>3\/ quoiqu\u2019il advienne, ce sera un bon entra\u00eenement \/ test pour la suite de la saison,<\/em><\/h5>\n<h5><em>4\/ et enfin, raison la plus importante \u00e0 mes yeux: ce week-end dans les Bauges promet de merveilleux moments de partage avec Michael, Erwan, Sam et Fr\u00e9d\u00e9ric.<\/em><\/h5>\n<h5><em>Et \u00e7a, \u00e7a ne se refuse pas.<a href=\"https:\/\/cgfm.fr\/cgfmwp\/wp-content\/uploads\/2024\/03\/OIP-21.jpg\"><img loading=\"lazy\" decoding=\"async\" class=\"alignnone wp-image-5958\" src=\"https:\/\/cgfm.fr\/cgfmwp\/wp-content\/uploads\/2024\/03\/OIP-21-300x272.jpg\" alt=\"\" width=\"51\" height=\"46\" srcset=\"https:\/\/cgfm.fr\/cgfmwp\/wp-content\/uploads\/2024\/03\/OIP-21-300x272.jpg 300w, https:\/\/cgfm.fr\/cgfmwp\/wp-content\/uploads\/2024\/03\/OIP-21.jpg 450w\" sizes=\"auto, (max-width: 51px) 100vw, 51px\" \/><\/a><\/em><\/h5>\n<h5><\/h5>\n<h5><em>23h le 23\/05, nous laissons \u00e0 Cruet (point de d\u00e9part et d\u2019arriv\u00e9e des courses du GR73), Erwan qui se lancera \u00e0 son tour sur le 23km le lendemain.<\/em><\/h5>\n<h5><\/h5>\n<h5><em>Michael file devant comme convenu. Je reste avec Fr\u00e9d\u00e9ric et Sam. La nuit est magnifiquement \u00e9toil\u00e9e.<\/em><\/h5>\n<h5><em>Malheureusement nous n\u2019avons pas le temps de nous \u00e9merveiller, le chrono tourne<a href=\"https:\/\/cgfm.fr\/cgfmwp\/wp-content\/uploads\/2023\/09\/583806_angry-emoji-boss-emoji-transparent-png.jpg\"><img loading=\"lazy\" decoding=\"async\" class=\"alignnone wp-image-5551\" src=\"https:\/\/cgfm.fr\/cgfmwp\/wp-content\/uploads\/2023\/09\/583806_angry-emoji-boss-emoji-transparent-png-238x300.jpg\" alt=\"\" width=\"40\" height=\"50\" srcset=\"https:\/\/cgfm.fr\/cgfmwp\/wp-content\/uploads\/2023\/09\/583806_angry-emoji-boss-emoji-transparent-png-238x300.jpg 238w, https:\/\/cgfm.fr\/cgfmwp\/wp-content\/uploads\/2023\/09\/583806_angry-emoji-boss-emoji-transparent-png-814x1024.jpg 814w, https:\/\/cgfm.fr\/cgfmwp\/wp-content\/uploads\/2023\/09\/583806_angry-emoji-boss-emoji-transparent-png-768x966.jpg 768w, https:\/\/cgfm.fr\/cgfmwp\/wp-content\/uploads\/2023\/09\/583806_angry-emoji-boss-emoji-transparent-png.jpg 880w\" sizes=\"auto, (max-width: 40px) 100vw, 40px\" \/><\/a>\u00a0et nous devons tenir une allure \u00e9lev\u00e9e pour passer cette fichue barri\u00e8re horaire.<\/em><\/h5>\n<h5><em>Les heures passent, les km filent \u2026. nous restons concentr\u00e9s Fr\u00e9d\u00e9ric et moi sur notre course au point de perdre Sam.<a href=\"https:\/\/cgfm.fr\/cgfmwp\/wp-content\/uploads\/2023\/07\/7878608aff8c9cc36d8c15a1f984180b.jpg\"><img loading=\"lazy\" decoding=\"async\" class=\"alignnone wp-image-5304\" src=\"https:\/\/cgfm.fr\/cgfmwp\/wp-content\/uploads\/2023\/07\/7878608aff8c9cc36d8c15a1f984180b.jpg\" alt=\"\" width=\"47\" height=\"47\" srcset=\"https:\/\/cgfm.fr\/cgfmwp\/wp-content\/uploads\/2023\/07\/7878608aff8c9cc36d8c15a1f984180b.jpg 236w, https:\/\/cgfm.fr\/cgfmwp\/wp-content\/uploads\/2023\/07\/7878608aff8c9cc36d8c15a1f984180b-150x150.jpg 150w\" sizes=\"auto, (max-width: 47px) 100vw, 47px\" \/><\/a> Ce constat m\u2019a beaucoup impact\u00e9 car ce n\u2019est pas ma vision du Trail.<\/em><\/h5>\n<h5><em>Nous d\u00e9cidons alors avec Fr\u00e9d\u00e9ric de faire au mieux mais sans stress car nous ne profitons pas de notre Trail. Tant pis pour le 110km, nous privil\u00e9gions notre bien-\u00eatre.<\/em><\/h5>\n<h5><em><a href=\"https:\/\/cgfm.fr\/cgfmwp\/wp-content\/uploads\/2025\/06\/IMG_6335-1-scaled.jpg\"><img loading=\"lazy\" decoding=\"async\" class=\"alignnone size-medium wp-image-6823\" src=\"https:\/\/cgfm.fr\/cgfmwp\/wp-content\/uploads\/2025\/06\/IMG_6335-1-300x225.jpg\" alt=\"\" width=\"300\" height=\"225\" srcset=\"https:\/\/cgfm.fr\/cgfmwp\/wp-content\/uploads\/2025\/06\/IMG_6335-1-300x225.jpg 300w, https:\/\/cgfm.fr\/cgfmwp\/wp-content\/uploads\/2025\/06\/IMG_6335-1-1024x768.jpg 1024w, https:\/\/cgfm.fr\/cgfmwp\/wp-content\/uploads\/2025\/06\/IMG_6335-1-2000x1500.jpg 2000w\" sizes=\"auto, (max-width: 300px) 100vw, 300px\" \/><\/a><\/em><\/h5>\n<h5><em>Un poids \u00e9norme s\u2019envole, je peux enfin vivre ma course dans le partage et la contemplation.<a href=\"https:\/\/cgfm.fr\/cgfmwp\/wp-content\/uploads\/2023\/07\/mlkjh.jpg\"><img loading=\"lazy\" decoding=\"async\" class=\"alignnone wp-image-5306\" src=\"https:\/\/cgfm.fr\/cgfmwp\/wp-content\/uploads\/2023\/07\/mlkjh.jpg\" alt=\"\" width=\"38\" height=\"35\" \/><\/a><\/em><\/h5>\n<h5><\/h5>\n<h5><em>Le jour se l\u00e8ve avec le chant des oiseaux (instants toujours aussi magiques), les paysages grandioses s\u2019offrent \u00e0 nos yeux,<\/em><\/h5>\n<h5><em><a href=\"https:\/\/cgfm.fr\/cgfmwp\/wp-content\/uploads\/2025\/06\/IMG_6370.jpg\"><img loading=\"lazy\" decoding=\"async\" class=\"alignnone size-medium wp-image-6815\" src=\"https:\/\/cgfm.fr\/cgfmwp\/wp-content\/uploads\/2025\/06\/IMG_6370-300x169.jpg\" alt=\"\" width=\"300\" height=\"169\" srcset=\"https:\/\/cgfm.fr\/cgfmwp\/wp-content\/uploads\/2025\/06\/IMG_6370-300x169.jpg 300w, https:\/\/cgfm.fr\/cgfmwp\/wp-content\/uploads\/2025\/06\/IMG_6370-1024x576.jpg 1024w, https:\/\/cgfm.fr\/cgfmwp\/wp-content\/uploads\/2025\/06\/IMG_6370.jpg 1600w\" sizes=\"auto, (max-width: 300px) 100vw, 300px\" \/><\/a><\/em><\/h5>\n<h5><em>les mont\u00e9es bien raides et bien longues (vive la Savoie! j\u2019adoooore) et les descentes\u2026(a\u00efe a\u00efe a\u00efe ! je les subis, elles me laisseront une belle tendinite du tendon releveur du pied gauche) s\u2019encha\u00eenent sans r\u00e9pit.<\/em><\/h5>\n<h5><\/h5>\n<h5><em>Nous escaladons le fameux Golet de l\u2019agneau que j\u2019appr\u00e9hendais beaucoup. Le Golet est une faille dans la roche que nous atteignons apr\u00e8s un beau 1000mD+ puis en grimpant sur des roches \u00e0 l\u2019aide de c\u00e2bles et marches en fer\u2026 vertigineux!<\/em><\/h5>\n<h5><em><a href=\"https:\/\/cgfm.fr\/cgfmwp\/wp-content\/uploads\/2025\/06\/IMG_6371.jpg\"><img loading=\"lazy\" decoding=\"async\" class=\"alignnone size-medium wp-image-6816\" src=\"https:\/\/cgfm.fr\/cgfmwp\/wp-content\/uploads\/2025\/06\/IMG_6371-169x300.jpg\" alt=\"\" width=\"169\" height=\"300\" srcset=\"https:\/\/cgfm.fr\/cgfmwp\/wp-content\/uploads\/2025\/06\/IMG_6371-169x300.jpg 169w, https:\/\/cgfm.fr\/cgfmwp\/wp-content\/uploads\/2025\/06\/IMG_6371-576x1024.jpg 576w, https:\/\/cgfm.fr\/cgfmwp\/wp-content\/uploads\/2025\/06\/IMG_6371.jpg 900w\" sizes=\"auto, (max-width: 169px) 100vw, 169px\" \/><\/a><\/em><\/h5>\n<h5><em>J\u2019en ressors tremblante<a href=\"https:\/\/cgfm.fr\/cgfmwp\/wp-content\/uploads\/2025\/06\/OIP-1.jpg\"><img loading=\"lazy\" decoding=\"async\" class=\"alignnone wp-image-6824\" src=\"https:\/\/cgfm.fr\/cgfmwp\/wp-content\/uploads\/2025\/06\/OIP-1.jpg\" alt=\"\" width=\"30\" height=\"33\" \/><\/a>\u00a0mais heureuse: je l\u2019ai fait! Fr\u00e9d\u00e9ric m\u2019accueille au sommet comme une reine.<a href=\"https:\/\/cgfm.fr\/cgfmwp\/wp-content\/uploads\/2022\/10\/ba9fd18b416ed2b9207fda4b8a09e5d1-smiley-emoji-smiley-faces.jpg\"><img loading=\"lazy\" decoding=\"async\" class=\"alignnone wp-image-4350\" src=\"https:\/\/cgfm.fr\/cgfmwp\/wp-content\/uploads\/2022\/10\/ba9fd18b416ed2b9207fda4b8a09e5d1-smiley-emoji-smiley-faces.jpg\" alt=\"\" width=\"48\" height=\"48\" srcset=\"https:\/\/cgfm.fr\/cgfmwp\/wp-content\/uploads\/2022\/10\/ba9fd18b416ed2b9207fda4b8a09e5d1-smiley-emoji-smiley-faces.jpg 236w, https:\/\/cgfm.fr\/cgfmwp\/wp-content\/uploads\/2022\/10\/ba9fd18b416ed2b9207fda4b8a09e5d1-smiley-emoji-smiley-faces-150x150.jpg 150w\" sizes=\"auto, (max-width: 48px) 100vw, 48px\" \/><\/a><img loading=\"lazy\" decoding=\"async\" class=\"\" src=\"https:\/\/th.bing.com\/th\/id\/R.d972495764fe8b80223f5bc3cb120a01?rik=jXsPFDvhBHEkTg&amp;riu=http%3a%2f%2fwww.i2symbol.com%2fpictures%2femojis%2f0%2fa%2f4%2f6%2f0a46c2f6ae54ad2b539a36d3320a0cbb.png&amp;ehk=jRKPqwgHO5ihCjd3XDYt0TzZiVN7LIOVQCf8jbHar8U%3d&amp;risl=&amp;pid=ImgRaw&amp;r=0\" alt=\"Queen Emoji\" width=\"44\" height=\"44\" \/><\/em><\/h5>\n<h5><em>Erwan, qui pendant ce temps a couru ET fini le 23km<a href=\"https:\/\/cgfm.fr\/cgfmwp\/wp-content\/uploads\/2022\/10\/1f44d.png\"><img loading=\"lazy\" decoding=\"async\" class=\"alignnone wp-image-4317\" src=\"https:\/\/cgfm.fr\/cgfmwp\/wp-content\/uploads\/2022\/10\/1f44d-300x300.png\" alt=\"\" width=\"29\" height=\"29\" srcset=\"https:\/\/cgfm.fr\/cgfmwp\/wp-content\/uploads\/2022\/10\/1f44d-300x300.png 300w, https:\/\/cgfm.fr\/cgfmwp\/wp-content\/uploads\/2022\/10\/1f44d-150x150.png 150w, https:\/\/cgfm.fr\/cgfmwp\/wp-content\/uploads\/2022\/10\/1f44d.png 512w\" sizes=\"auto, (max-width: 29px) 100vw, 29px\" \/><\/a><a href=\"https:\/\/cgfm.fr\/cgfmwp\/wp-content\/uploads\/2022\/06\/R-2-e1655147122306.jpg\"><img loading=\"lazy\" decoding=\"async\" class=\"alignnone wp-image-3952\" src=\"https:\/\/cgfm.fr\/cgfmwp\/wp-content\/uploads\/2022\/06\/R-2-e1655147122306-300x261.jpg\" alt=\"\" width=\"113\" height=\"98\" srcset=\"https:\/\/cgfm.fr\/cgfmwp\/wp-content\/uploads\/2022\/06\/R-2-e1655147122306-300x261.jpg 300w, https:\/\/cgfm.fr\/cgfmwp\/wp-content\/uploads\/2022\/06\/R-2-e1655147122306.jpg 600w\" sizes=\"auto, (max-width: 113px) 100vw, 113px\" \/><\/a><a href=\"https:\/\/cgfm.fr\/cgfmwp\/wp-content\/uploads\/2022\/10\/1f44d.png\"><img loading=\"lazy\" decoding=\"async\" class=\"alignnone wp-image-4317\" src=\"https:\/\/cgfm.fr\/cgfmwp\/wp-content\/uploads\/2022\/10\/1f44d-300x300.png\" alt=\"\" width=\"29\" height=\"29\" srcset=\"https:\/\/cgfm.fr\/cgfmwp\/wp-content\/uploads\/2022\/10\/1f44d-300x300.png 300w, https:\/\/cgfm.fr\/cgfmwp\/wp-content\/uploads\/2022\/10\/1f44d-150x150.png 150w, https:\/\/cgfm.fr\/cgfmwp\/wp-content\/uploads\/2022\/10\/1f44d.png 512w\" sizes=\"auto, (max-width: 29px) 100vw, 29px\" \/><\/a>, nous tient inform\u00e9s de l\u2019avanc\u00e9e de Michael et Sam par t\u00e9l\u00e9phone.<\/em><\/h5>\n<h5><em>Erwan a jou\u00e9 un grand r\u00f4le tout au long de ce week-end car en plus de sa propre course, il a v\u00e9cu \u00e0 200% la n\u00f4tre avec ses encouragements et toute sa bienveillance.<\/em><\/h5>\n<h5><\/h5>\n<h5><em>Sans surprise, arriv\u00e9s au pied du Mont Colombier, le \u00ab 14h de course \u00bb n\u2019est pas tenu.<\/em><\/h5>\n<h5><em>Nous sommes donc d\u00e9rout\u00e9s sur le 84km et serons hors classement.<a href=\"https:\/\/cgfm.fr\/cgfmwp\/wp-content\/uploads\/2022\/10\/R.png\"><img loading=\"lazy\" decoding=\"async\" class=\"alignnone wp-image-4478\" src=\"https:\/\/cgfm.fr\/cgfmwp\/wp-content\/uploads\/2022\/10\/R-300x300.png\" alt=\"\" width=\"42\" height=\"42\" srcset=\"https:\/\/cgfm.fr\/cgfmwp\/wp-content\/uploads\/2022\/10\/R-300x300.png 300w, https:\/\/cgfm.fr\/cgfmwp\/wp-content\/uploads\/2022\/10\/R-150x150.png 150w, https:\/\/cgfm.fr\/cgfmwp\/wp-content\/uploads\/2022\/10\/R-768x768.png 768w, https:\/\/cgfm.fr\/cgfmwp\/wp-content\/uploads\/2022\/10\/R.png 800w\" sizes=\"auto, (max-width: 42px) 100vw, 42px\" \/><\/a><\/em><\/h5>\n<h5><em>Nous oublions d\u00e9finitivement le chrono. Au ravitaillement suivant, au mont Pelat, nous pouvons donc profiter pleinement du ravitaillement pantagru\u00e9lique: cuisses de poulet grill\u00e9es, saucisses, frites, soupe\u2026.(petite revanche car en 2024 nous avons \u00e9t\u00e9 pouss\u00e9s dehors car bons derniers \u00e0 passer la barri\u00e8re horaire de ce ravito \u2026 \u00e0 savoir que les barri\u00e8res horaires sur les courses du GR 73 sont les plus tendues que je connaisse).<\/em><\/h5>\n<h5><em>Repus, nous attendons Sam, allong\u00e9s au soleil.<a href=\"https:\/\/cgfm.fr\/cgfmwp\/wp-content\/uploads\/2023\/09\/R-2.png\"><img loading=\"lazy\" decoding=\"async\" class=\"alignnone wp-image-5537\" src=\"https:\/\/cgfm.fr\/cgfmwp\/wp-content\/uploads\/2023\/09\/R-2-300x284.png\" alt=\"\" width=\"53\" height=\"50\" srcset=\"https:\/\/cgfm.fr\/cgfmwp\/wp-content\/uploads\/2023\/09\/R-2-300x284.png 300w, https:\/\/cgfm.fr\/cgfmwp\/wp-content\/uploads\/2023\/09\/R-2-1024x968.png 1024w, https:\/\/cgfm.fr\/cgfmwp\/wp-content\/uploads\/2023\/09\/R-2-768x726.png 768w, https:\/\/cgfm.fr\/cgfmwp\/wp-content\/uploads\/2023\/09\/R-2-1536x1453.png 1536w, https:\/\/cgfm.fr\/cgfmwp\/wp-content\/uploads\/2023\/09\/R-2-2048x1937.png 2048w, https:\/\/cgfm.fr\/cgfmwp\/wp-content\/uploads\/2023\/09\/R-2-2000x1891.png 2000w\" sizes=\"auto, (max-width: 53px) 100vw, 53px\" \/><\/a><\/em><\/h5>\n<h5><em> Les sommets enneig\u00e9s nous entourent et nous offrent un panorama inoubliable !<\/em><\/h5>\n<h5><em><a href=\"https:\/\/cgfm.fr\/cgfmwp\/wp-content\/uploads\/2025\/06\/IMG_6340-1-scaled.jpg\"><img loading=\"lazy\" decoding=\"async\" class=\"alignnone size-medium wp-image-6822\" src=\"https:\/\/cgfm.fr\/cgfmwp\/wp-content\/uploads\/2025\/06\/IMG_6340-1-300x225.jpg\" alt=\"\" width=\"300\" height=\"225\" srcset=\"https:\/\/cgfm.fr\/cgfmwp\/wp-content\/uploads\/2025\/06\/IMG_6340-1-300x225.jpg 300w, https:\/\/cgfm.fr\/cgfmwp\/wp-content\/uploads\/2025\/06\/IMG_6340-1-1024x768.jpg 1024w, https:\/\/cgfm.fr\/cgfmwp\/wp-content\/uploads\/2025\/06\/IMG_6340-1-2000x1500.jpg 2000w\" sizes=\"auto, (max-width: 300px) 100vw, 300px\" \/><\/a><\/em><\/h5>\n<h5><em>Nous continuons \u00e0 3 et retrouvons Erwan au d\u00e9tour d\u2019un virage non loin du dernier ravitaillement.<\/em><\/h5>\n<h5><\/h5>\n<h5><em>7km de descentes plus loin, nous finissons notre p\u00e9riple avec Michael et Erwan qui se sont joints \u00e0 nous sur les derniers 800m.<\/em><\/h5>\n<h5><\/h5>\n<h5><em>Nous ne sommes pas finishers de l\u2019ultra des Bauges mais cela n\u2019a aucune importance.<\/em><\/h5>\n<h5><\/h5>\n<h5><em>Nous avons v\u00e9cu une tr\u00e8s belle aventure dans ce magnifique massif des Bauges.<a href=\"https:\/\/cgfm.fr\/cgfmwp\/wp-content\/uploads\/2023\/07\/1f929.png\"><img loading=\"lazy\" decoding=\"async\" class=\"alignnone wp-image-5381\" src=\"https:\/\/cgfm.fr\/cgfmwp\/wp-content\/uploads\/2023\/07\/1f929-300x300.png\" alt=\"\" width=\"66\" height=\"66\" srcset=\"https:\/\/cgfm.fr\/cgfmwp\/wp-content\/uploads\/2023\/07\/1f929-300x300.png 300w, https:\/\/cgfm.fr\/cgfmwp\/wp-content\/uploads\/2023\/07\/1f929-150x150.png 150w, https:\/\/cgfm.fr\/cgfmwp\/wp-content\/uploads\/2023\/07\/1f929.png 512w\" sizes=\"auto, (max-width: 66px) 100vw, 66px\" \/><\/a><\/em><\/h5>\n<h5><\/h5>\n<h5><em>Heureusement Erwan a relev\u00e9 le niveau<a href=\"https:\/\/cgfm.fr\/cgfmwp\/wp-content\/uploads\/2023\/03\/OIP-21.jpg\"><img loading=\"lazy\" decoding=\"async\" class=\"alignnone wp-image-4674\" src=\"https:\/\/cgfm.fr\/cgfmwp\/wp-content\/uploads\/2023\/03\/OIP-21-300x272.jpg\" alt=\"\" width=\"62\" height=\"56\" srcset=\"https:\/\/cgfm.fr\/cgfmwp\/wp-content\/uploads\/2023\/03\/OIP-21-300x272.jpg 300w, https:\/\/cgfm.fr\/cgfmwp\/wp-content\/uploads\/2023\/03\/OIP-21.jpg 450w\" sizes=\"auto, (max-width: 62px) 100vw, 62px\" \/><\/a> de notre petit groupe en \u00e9tant finisher du Petit Savoyard et ceci est un vrai exploit sportif quand on conna\u00eet la difficult\u00e9 du terrain des Bauges.<\/em><\/h5>\n<h5><\/h5>\n<h5><em>Exploit aussi pour Michael qui a pass\u00e9 largement la barri\u00e8re horaire couperet mais qui a malheureusement \u00e9t\u00e9 rattrap\u00e9 par ses soucis digestifs.<a href=\"https:\/\/cgfm.fr\/cgfmwp\/wp-content\/uploads\/2022\/06\/OIP.jpg\"><img loading=\"lazy\" decoding=\"async\" class=\"alignnone wp-image-3942\" src=\"https:\/\/cgfm.fr\/cgfmwp\/wp-content\/uploads\/2022\/06\/OIP-300x253.jpg\" alt=\"\" width=\"43\" height=\"36\" srcset=\"https:\/\/cgfm.fr\/cgfmwp\/wp-content\/uploads\/2022\/06\/OIP-300x253.jpg 300w, https:\/\/cgfm.fr\/cgfmwp\/wp-content\/uploads\/2022\/06\/OIP.jpg 474w\" sizes=\"auto, (max-width: 43px) 100vw, 43px\" \/><\/a><\/em><\/h5>\n<h5><\/h5>\n<h5><\/h5>\n<h5><em>Nous \u00e9tions 121 coureurs au d\u00e9part (dont 10 femmes) mais seulement la moiti\u00e9 finisher de l\u2019ultra (dont 3 femmes)<\/em><\/h5>\n<h5><\/h5>\n<h5><em>et 20% d\u00e9rout\u00e9s sur le 84 (4 femmes dont Bibi<a href=\"https:\/\/cgfm.fr\/cgfmwp\/wp-content\/uploads\/2022\/11\/R-6.png\"><img loading=\"lazy\" decoding=\"async\" class=\"alignnone wp-image-4554\" src=\"https:\/\/cgfm.fr\/cgfmwp\/wp-content\/uploads\/2022\/11\/R-6-300x300.png\" alt=\"\" width=\"33\" height=\"33\" srcset=\"https:\/\/cgfm.fr\/cgfmwp\/wp-content\/uploads\/2022\/11\/R-6-300x300.png 300w, https:\/\/cgfm.fr\/cgfmwp\/wp-content\/uploads\/2022\/11\/R-6-150x150.png 150w, https:\/\/cgfm.fr\/cgfmwp\/wp-content\/uploads\/2022\/11\/R-6-768x768.png 768w, https:\/\/cgfm.fr\/cgfmwp\/wp-content\/uploads\/2022\/11\/R-6.png 800w\" sizes=\"auto, (max-width: 33px) 100vw, 33px\" \/><\/a>, unique M4 face \u00e0 ces 9 jeunettes ).<\/em><\/h5>\n<p>&nbsp;<\/p>\n<p>&nbsp;<\/p>\n<p>C\u00e9line .<\/p>\n<p>&nbsp;<\/p>\n<p>&nbsp;<\/p>\n<p>&nbsp;<\/p>\n<p><strong>Et tout de m\u00eame une photo finish\u00a0 &#8230;<\/strong><\/p>\n<p><a href=\"https:\/\/cgfm.fr\/cgfmwp\/wp-content\/uploads\/2025\/06\/IMG_6345-scaled.jpg\"><img loading=\"lazy\" decoding=\"async\" class=\"alignnone size-medium wp-image-6814\" src=\"https:\/\/cgfm.fr\/cgfmwp\/wp-content\/uploads\/2025\/06\/IMG_6345-300x225.jpg\" alt=\"\" width=\"300\" height=\"225\" srcset=\"https:\/\/cgfm.fr\/cgfmwp\/wp-content\/uploads\/2025\/06\/IMG_6345-300x225.jpg 300w, https:\/\/cgfm.fr\/cgfmwp\/wp-content\/uploads\/2025\/06\/IMG_6345-1024x768.jpg 1024w, https:\/\/cgfm.fr\/cgfmwp\/wp-content\/uploads\/2025\/06\/IMG_6345-2000x1500.jpg 2000w\" sizes=\"auto, (max-width: 300px) 100vw, 300px\" \/><\/a><\/p>\n<p><strong>avec un Finisher<\/strong> <a href=\"https:\/\/cgfm.fr\/cgfmwp\/wp-content\/uploads\/2023\/06\/veselii-smailik-8-300x273-1.jpg\"><img loading=\"lazy\" decoding=\"async\" class=\"alignnone wp-image-5237\" src=\"https:\/\/cgfm.fr\/cgfmwp\/wp-content\/uploads\/2023\/06\/veselii-smailik-8-300x273-1.jpg\" alt=\"\" width=\"30\" height=\"27\" \/><\/a><\/p>\n<p>&nbsp;<\/p>\n<p>&nbsp;<\/p>\n<p>&nbsp;<\/p>\n<p>&nbsp;<\/p>\n<p><strong>****************************************************************<\/strong><\/p>\n<p>&nbsp;<\/p>\n<p>&nbsp;<\/p>\n<p>&nbsp;<\/p>\n<p>&nbsp;<\/p>\n<h4><span style=\"color: #00ff00;\">U<\/span><strong style=\"color: #00ff00;\">n grand BRAVO <a style=\"color: #00ff00;\" href=\"https:\/\/cgfm.fr\/cgfmwp\/wp-content\/uploads\/2024\/07\/giphy.gif\"><img loading=\"lazy\" decoding=\"async\" class=\"alignnone wp-image-6226\" src=\"https:\/\/cgfm.fr\/cgfmwp\/wp-content\/uploads\/2024\/07\/giphy.gif\" alt=\"\" width=\"107\" height=\"107\" \/><\/a> a Erwan,<\/strong><strong style=\"color: #00ff00;\"> Finisher de son \u00e9preuve, <span style=\"color: #00ff00;\"><a href=\"https:\/\/cgfm.fr\/cgfmwp\/wp-content\/uploads\/2023\/09\/b5ebb887b1ba8f3ce5bc3bb4e0f4702a.jpg\"><img loading=\"lazy\" decoding=\"async\" class=\"alignnone wp-image-5588\" src=\"https:\/\/cgfm.fr\/cgfmwp\/wp-content\/uploads\/2023\/09\/b5ebb887b1ba8f3ce5bc3bb4e0f4702a-300x194.jpg\" alt=\"\" width=\"108\" height=\"70\" srcset=\"https:\/\/cgfm.fr\/cgfmwp\/wp-content\/uploads\/2023\/09\/b5ebb887b1ba8f3ce5bc3bb4e0f4702a-300x194.jpg 300w, https:\/\/cgfm.fr\/cgfmwp\/wp-content\/uploads\/2023\/09\/b5ebb887b1ba8f3ce5bc3bb4e0f4702a.jpg 372w\" sizes=\"auto, (max-width: 108px) 100vw, 108px\" \/><\/a><\/span>qui avait aussi un gros d\u00e9nivel\u00e9 + pour sa distance\u00a0 !<\/strong><\/h4>\n<p>&nbsp;<\/p>\n<p>&nbsp;<\/p>\n<h4><span style=\"color: #00ff00;\">et que dire du d\u00e9fi tent\u00e9 par les autres &#8230; il fallait d\u00e9j\u00e0 oser s&rsquo;inscrire a un truc pareil !<img loading=\"lazy\" decoding=\"async\" class=\"\" src=\"https:\/\/th.bing.com\/th\/id\/R.7f552d2c015b31876a078dddadc94496?rik=d09FEuL4dUezFQ&amp;riu=http%3a%2f%2fhotsigns.net%2fassets%2fimages%2femogee+152.png&amp;ehk=nZKoR7U1gSsYlSgaF4qCTnIgmNtW%2bWxVZ8EpPGaLReY%3d&amp;risl=&amp;pid=ImgRaw&amp;r=0\" alt=\"Crazy Emoji Is Here Crazy Emoji Emoji Funny Emoji Stickers - Riset\" width=\"49\" height=\"33\" \/><\/span><\/h4>\n<p>&nbsp;<\/p>\n<p><strong><span style=\"color: #00ff00;\">D\u00e9j\u00e0 qu&rsquo;\u00eatre finisher d&rsquo;un Ultra n&rsquo;est pas toujours chose simple\u00a0 !<\/span><\/strong><\/p>\n<p>&nbsp;<\/p>\n<h4><span style=\"color: #00ff00;\">Mais celui ci avec ses barri\u00e8res horaires hors norme , il fallait \u00eatre tr\u00e8s tr\u00e8s costaud pour r\u00e9ussir ce d\u00e9fi la\u00a0 !<\/span><\/h4>\n<p>&nbsp;<\/p>\n<h4><span style=\"color: #00ff00;\">Ce n&rsquo;etait pas le jour pour le cgfm, impossible aujourd&rsquo;hui&#8230;mais demain ?<\/span><\/h4>\n<p>&nbsp;<\/p>\n<h4><span style=\"color: #00ff00;\">Juste retenir une belle et folle aventure tres humaine, pleine de sensations<\/span><\/h4>\n<h4><span style=\"color: #00ff00;\"> avec des passages et paysages grandioses !<\/span><\/h4>\n<p>&nbsp;<\/p>\n<p><a href=\"https:\/\/cgfm.fr\/cgfmwp\/wp-content\/uploads\/2025\/06\/MAGNIFIQUE-.jpg\"><img loading=\"lazy\" decoding=\"async\" class=\"alignnone size-medium wp-image-6826\" src=\"https:\/\/cgfm.fr\/cgfmwp\/wp-content\/uploads\/2025\/06\/MAGNIFIQUE--300x158.jpg\" alt=\"\" width=\"300\" height=\"158\" srcset=\"https:\/\/cgfm.fr\/cgfmwp\/wp-content\/uploads\/2025\/06\/MAGNIFIQUE--300x158.jpg 300w, https:\/\/cgfm.fr\/cgfmwp\/wp-content\/uploads\/2025\/06\/MAGNIFIQUE--1024x540.jpg 1024w, https:\/\/cgfm.fr\/cgfmwp\/wp-content\/uploads\/2025\/06\/MAGNIFIQUE-.jpg 1584w\" sizes=\"auto, (max-width: 300px) 100vw, 300px\" \/><\/a><\/p>\n<h4><span style=\"color: #00ff00;\">Super C\u00e9line, <a style=\"color: #00ff00;\" href=\"https:\/\/cgfm.fr\/cgfmwp\/wp-content\/uploads\/2024\/09\/fermeture-saison-2019-du-labyrinthe.jpg\"><img loading=\"lazy\" decoding=\"async\" class=\"alignnone wp-image-6321\" src=\"https:\/\/cgfm.fr\/cgfmwp\/wp-content\/uploads\/2024\/09\/fermeture-saison-2019-du-labyrinthe-296x300.jpg\" alt=\"\" width=\"62\" height=\"63\" srcset=\"https:\/\/cgfm.fr\/cgfmwp\/wp-content\/uploads\/2024\/09\/fermeture-saison-2019-du-labyrinthe-296x300.jpg 296w, https:\/\/cgfm.fr\/cgfmwp\/wp-content\/uploads\/2024\/09\/fermeture-saison-2019-du-labyrinthe-150x150.jpg 150w, https:\/\/cgfm.fr\/cgfmwp\/wp-content\/uploads\/2024\/09\/fermeture-saison-2019-du-labyrinthe.jpg 331w\" sizes=\"auto, (max-width: 62px) 100vw, 62px\" \/><\/a> de nous avoir comme<\/span><span style=\"color: #00ff00;\">nt\u00e9 cette histoire et de fort belle mani\u00e8re .<a href=\"https:\/\/cgfm.fr\/cgfmwp\/wp-content\/uploads\/2023\/07\/avtr.jpg\"><img loading=\"lazy\" decoding=\"async\" class=\"alignnone wp-image-5372\" src=\"https:\/\/cgfm.fr\/cgfmwp\/wp-content\/uploads\/2023\/07\/avtr-300x300.jpg\" alt=\"\" width=\"38\" height=\"38\" srcset=\"https:\/\/cgfm.fr\/cgfmwp\/wp-content\/uploads\/2023\/07\/avtr-300x300.jpg 300w, https:\/\/cgfm.fr\/cgfmwp\/wp-content\/uploads\/2023\/07\/avtr-150x150.jpg 150w, https:\/\/cgfm.fr\/cgfmwp\/wp-content\/uploads\/2023\/07\/avtr.jpg 593w\" sizes=\"auto, (max-width: 38px) 100vw, 38px\" \/><\/a><\/span><\/h4>\n<p>&nbsp;<\/p>\n<p>&nbsp;<\/p>\n<p>&nbsp;<\/p>\n","protected":false},"excerpt":{"rendered":"<p>L&rsquo;utra trail des BAUGES 2025\u00a0 &nbsp; &nbsp; &nbsp; Pour en savoir +\u00a0 https:\/\/www.grandraid73.fr\/post\/l-ultra-des-bauges-110km-7-660d &nbsp; &nbsp; 5 Cgfm ont fait ce d\u00e9placement . &nbsp; &nbsp; C\u00e9line nous raconte magnifiquement cette aventure : &nbsp; 1 an s\u2019est \u00e9coul\u00e9 depuis notre premi\u00e8re participation au GR73 et nous voil\u00e0 d\u00e9j\u00e0 de retour en Savoie avec Fr\u00e9d\u00e9ric, Erwan, Micha\u00ebl et &hellip; <\/p>\n<p class=\"link-more\"><a href=\"https:\/\/cgfm.fr\/cgfmwp\/ultra-des-bauges-version-2025-defi-impossible\/\" class=\"more-link\">Lire la suite de<span class=\"screen-reader-text\">\u00ab\u00a0Ultra des Bauges  version 2025 \u00ab\u00a0d\u00e9fi impossible\u00a0\u00bb &#8230;?\u00a0\u00bb<\/span><\/a><\/p>\n","protected":false},"author":5,"featured_media":0,"comment_status":"open","ping_status":"open","sticky":false,"template":"","format":"standard","meta":{"footnotes":""},"categories":[30],"tags":[],"class_list":["post-6811","post","type-post","status-publish","format-standard","hentry","category-trails"],"_links":{"self":[{"href":"https:\/\/cgfm.fr\/cgfmwp\/wp-json\/wp\/v2\/posts\/6811","targetHints":{"allow":["GET"]}}],"collection":[{"href":"https:\/\/cgfm.fr\/cgfmwp\/wp-json\/wp\/v2\/posts"}],"about":[{"href":"https:\/\/cgfm.fr\/cgfmwp\/wp-json\/wp\/v2\/types\/post"}],"author":[{"embeddable":true,"href":"https:\/\/cgfm.fr\/cgfmwp\/wp-json\/wp\/v2\/users\/5"}],"replies":[{"embeddable":true,"href":"https:\/\/cgfm.fr\/cgfmwp\/wp-json\/wp\/v2\/comments?post=6811"}],"version-history":[{"count":11,"href":"https:\/\/cgfm.fr\/cgfmwp\/wp-json\/wp\/v2\/posts\/6811\/revisions"}],"predecessor-version":[{"id":6834,"href":"https:\/\/cgfm.fr\/cgfmwp\/wp-json\/wp\/v2\/posts\/6811\/revisions\/6834"}],"wp:attachment":[{"href":"https:\/\/cgfm.fr\/cgfmwp\/wp-json\/wp\/v2\/media?parent=6811"}],"wp:term":[{"taxonomy":"category","embeddable":true,"href":"https:\/\/cgfm.fr\/cgfmwp\/wp-json\/wp\/v2\/categories?post=6811"},{"taxonomy":"post_tag","embeddable":true,"href":"https:\/\/cgfm.fr\/cgfmwp\/wp-json\/wp\/v2\/tags?post=6811"}],"curies":[{"name":"wp","href":"https:\/\/api.w.org\/{rel}","templated":true}]}}