{"id":671,"date":"2017-06-01T22:55:01","date_gmt":"2017-06-01T20:55:01","guid":{"rendered":"http:\/\/cgfm.fr\/cgfmwp\/?p=671"},"modified":"2019-08-24T10:04:20","modified_gmt":"2019-08-24T08:04:20","slug":"nos-ultra-cgfm-a-la-maxi-race-2017","status":"publish","type":"post","link":"https:\/\/cgfm.fr\/cgfmwp\/nos-ultra-cgfm-a-la-maxi-race-2017\/","title":{"rendered":"NOS \u00ab\u00a0ULTRA-CGFM\u00a0\u00bb A LA MAXI-RACE 2017"},"content":{"rendered":"<p><a href=\"https:\/\/cgfm.fr\/cgfmwp\/wp-content\/uploads\/2017\/06\/logo-site-et-partenaire.jpg\"><img loading=\"lazy\" decoding=\"async\" class=\"alignnone wp-image-678\" src=\"https:\/\/cgfm.fr\/cgfmwp\/wp-content\/uploads\/2017\/06\/logo-site-et-partenaire-300x81.jpg\" alt=\"\" width=\"459\" height=\"124\" srcset=\"https:\/\/cgfm.fr\/cgfmwp\/wp-content\/uploads\/2017\/06\/logo-site-et-partenaire-300x81.jpg 300w, https:\/\/cgfm.fr\/cgfmwp\/wp-content\/uploads\/2017\/06\/logo-site-et-partenaire-768x206.jpg 768w, https:\/\/cgfm.fr\/cgfmwp\/wp-content\/uploads\/2017\/06\/logo-site-et-partenaire.jpg 841w\" sizes=\"auto, (max-width: 459px) 100vw, 459px\" \/><\/a><\/p>\n<p>\u00ab Le week-end dernier, 29 et 30 avril Fr\u00e9d\u00e9ric Jeanpierre, Mathieu Clar et Michel Frechin se sont confront\u00e9s \u00e0 diff\u00e9rentes \u00e9preuves de la Maxi Race d\u2019Annecy 2017.<br \/>\n<strong>Fred a relev\u00e9 le d\u00e9fi d\u2019une toute nouvelle \u00e9preuve, l\u2019Ultra Race<\/strong>. Il s\u2019agit de faire le tour du lac d\u2019Annecy par les sommets environnants. La distance \u00e0 parcourir est de 110 km avec 7000 m de d\u00e9nivel\u00e9 positif sur un terrain tr\u00e8s technique.<\/p>\n<figure id=\"attachment_679\" aria-describedby=\"caption-attachment-679\" style=\"width: 336px\" class=\"wp-caption alignnone\"><a href=\"https:\/\/cgfm.fr\/cgfmwp\/wp-content\/uploads\/2017\/06\/ld_38794331.jpg\"><img loading=\"lazy\" decoding=\"async\" class=\"wp-image-679\" src=\"https:\/\/cgfm.fr\/cgfmwp\/wp-content\/uploads\/2017\/06\/ld_38794331.jpg\" alt=\"\" width=\"336\" height=\"142\" \/><\/a><figcaption id=\"caption-attachment-679\" class=\"wp-caption-text\">Fr\u00e9d\u00e9ric Jeanpierre<\/figcaption><\/figure>\n<p><strong> Mathieu a effectu\u00e9 la XXL Race,<\/strong> le m\u00eame parcours que l\u2019Ultra Race en deux \u00e9tapes, l\u2019une de 70 km le samedi et l\u2019autre de 40 km le dimanche.<\/p>\n<figure id=\"attachment_681\" aria-describedby=\"caption-attachment-681\" style=\"width: 189px\" class=\"wp-caption alignnone\"><a href=\"https:\/\/cgfm.fr\/cgfmwp\/wp-content\/uploads\/2017\/06\/ld_38819385.jpg\"><img loading=\"lazy\" decoding=\"async\" class=\"wp-image-681 size-full\" src=\"https:\/\/cgfm.fr\/cgfmwp\/wp-content\/uploads\/2017\/06\/ld_38819385.jpg\" alt=\"\" width=\"189\" height=\"168\" \/><\/a><figcaption id=\"caption-attachment-681\" class=\"wp-caption-text\">Mathieu Clar<\/figcaption><\/figure>\n<p><strong> Michel a particip\u00e9 \u00e0 la Marathon Race<\/strong> le dimanche. Cette course de 42 km affichait un gros d\u00e9nivel\u00e9 positif de 2800 m.<\/p>\n<figure id=\"attachment_682\" aria-describedby=\"caption-attachment-682\" style=\"width: 191px\" class=\"wp-caption alignnone\"><a href=\"https:\/\/cgfm.fr\/cgfmwp\/wp-content\/uploads\/2017\/06\/ld_38839424.jpg\"><img loading=\"lazy\" decoding=\"async\" class=\"wp-image-682 size-full\" src=\"https:\/\/cgfm.fr\/cgfmwp\/wp-content\/uploads\/2017\/06\/ld_38839424.jpg\" alt=\"\" width=\"191\" height=\"162\" \/><\/a><figcaption id=\"caption-attachment-682\" class=\"wp-caption-text\">Michel Frechin<\/figcaption><\/figure>\n<p><strong> Nous sommes tous les trois fiers d\u2019\u00eatre all\u00e9s au bout de ces \u00e9preuves tr\u00e8s exigeantes.<\/strong><br \/>\nIl faut ajouter \u00e0 la difficult\u00e9 du terrain, la forte chaleur qui a fait de gros d\u00e9g\u00e2ts puisque <strong>pr\u00e8s de la moiti\u00e9 des participants de l\u2019Ultra Race ont abandonn\u00e9.<\/strong><br \/>\n<strong>Nos r\u00e9sultats :<\/strong><\/p>\n<p>Fred 246\u00e8me sur 900 inscrits<\/p>\n<p>Mathieu 20\u00e8me sur 45 inscrits<\/p>\n<p>Michel 887\u00e8me sur 1800 inscrits.<br \/>\n<strong>Petit commentaire de Fred<\/strong><\/p>\n<p>\u00ab <em>Depuis six ans que je pratique l\u2019ultra trail, je n\u2019ai jamais \u00e9t\u00e9 autant \u00e0 la lutte dans une course. Je me suis senti comme le boxeur qui prend des coups et qui groggy doit sans cesse se relever ! Je suis donc fier d\u2019\u00eatre all\u00e9 au bout du combat !<\/em> \u00bb<\/p>\n","protected":false},"excerpt":{"rendered":"<p>\u00ab Le week-end dernier, 29 et 30 avril Fr\u00e9d\u00e9ric Jeanpierre, Mathieu Clar et Michel Frechin se sont confront\u00e9s \u00e0 diff\u00e9rentes \u00e9preuves de la Maxi Race d\u2019Annecy 2017. Fred a relev\u00e9 le d\u00e9fi d\u2019une toute nouvelle \u00e9preuve, l\u2019Ultra Race. Il s\u2019agit de faire le tour du lac d\u2019Annecy par les sommets environnants. La distance \u00e0 parcourir &hellip; <\/p>\n<p class=\"link-more\"><a href=\"https:\/\/cgfm.fr\/cgfmwp\/nos-ultra-cgfm-a-la-maxi-race-2017\/\" class=\"more-link\">Lire la suite de<span class=\"screen-reader-text\">\u00ab\u00a0NOS \u00ab\u00a0ULTRA-CGFM\u00a0\u00bb A LA MAXI-RACE 2017\u00a0\u00bb<\/span><\/a><\/p>\n","protected":false},"author":3,"featured_media":0,"comment_status":"open","ping_status":"open","sticky":false,"template":"","format":"standard","meta":{"footnotes":""},"categories":[6],"tags":[],"class_list":["post-671","post","type-post","status-publish","format-standard","hentry","category-les-resultats-des-cegefemienemiens"],"_links":{"self":[{"href":"https:\/\/cgfm.fr\/cgfmwp\/wp-json\/wp\/v2\/posts\/671","targetHints":{"allow":["GET"]}}],"collection":[{"href":"https:\/\/cgfm.fr\/cgfmwp\/wp-json\/wp\/v2\/posts"}],"about":[{"href":"https:\/\/cgfm.fr\/cgfmwp\/wp-json\/wp\/v2\/types\/post"}],"author":[{"embeddable":true,"href":"https:\/\/cgfm.fr\/cgfmwp\/wp-json\/wp\/v2\/users\/3"}],"replies":[{"embeddable":true,"href":"https:\/\/cgfm.fr\/cgfmwp\/wp-json\/wp\/v2\/comments?post=671"}],"version-history":[{"count":0,"href":"https:\/\/cgfm.fr\/cgfmwp\/wp-json\/wp\/v2\/posts\/671\/revisions"}],"wp:attachment":[{"href":"https:\/\/cgfm.fr\/cgfmwp\/wp-json\/wp\/v2\/media?parent=671"}],"wp:term":[{"taxonomy":"category","embeddable":true,"href":"https:\/\/cgfm.fr\/cgfmwp\/wp-json\/wp\/v2\/categories?post=671"},{"taxonomy":"post_tag","embeddable":true,"href":"https:\/\/cgfm.fr\/cgfmwp\/wp-json\/wp\/v2\/tags?post=671"}],"curies":[{"name":"wp","href":"https:\/\/api.w.org\/{rel}","templated":true}]}}