{"id":6672,"date":"2025-05-09T21:37:32","date_gmt":"2025-05-09T19:37:32","guid":{"rendered":"https:\/\/cgfm.fr\/cgfmwp\/?p=6672"},"modified":"2025-05-09T21:37:32","modified_gmt":"2025-05-09T19:37:32","slug":"thur-trail-2025","status":"publish","type":"post","link":"https:\/\/cgfm.fr\/cgfmwp\/thur-trail-2025\/","title":{"rendered":"Thur trail 2025"},"content":{"rendered":"<p><a href=\"https:\/\/cgfm.fr\/cgfmwp\/wp-content\/uploads\/2025\/04\/social-preview_modeleventsid4b1f27bf-a3f1-4487-b910-75dc023bde3fheight630width1200hashf9eb9ca6f8localefrversion3-e1745068427292.webp\"><img loading=\"lazy\" decoding=\"async\" class=\"alignnone size-medium wp-image-6673\" src=\"https:\/\/cgfm.fr\/cgfmwp\/wp-content\/uploads\/2025\/04\/social-preview_modeleventsid4b1f27bf-a3f1-4487-b910-75dc023bde3fheight630width1200hashf9eb9ca6f8localefrversion3-e1745068427292-300x155.webp\" alt=\"\" width=\"300\" height=\"155\" srcset=\"https:\/\/cgfm.fr\/cgfmwp\/wp-content\/uploads\/2025\/04\/social-preview_modeleventsid4b1f27bf-a3f1-4487-b910-75dc023bde3fheight630width1200hashf9eb9ca6f8localefrversion3-e1745068427292-300x155.webp 300w, https:\/\/cgfm.fr\/cgfmwp\/wp-content\/uploads\/2025\/04\/social-preview_modeleventsid4b1f27bf-a3f1-4487-b910-75dc023bde3fheight630width1200hashf9eb9ca6f8localefrversion3-e1745068427292-768x397.webp 768w, https:\/\/cgfm.fr\/cgfmwp\/wp-content\/uploads\/2025\/04\/social-preview_modeleventsid4b1f27bf-a3f1-4487-b910-75dc023bde3fheight630width1200hashf9eb9ca6f8localefrversion3-e1745068427292.webp 854w\" sizes=\"auto, (max-width: 300px) 100vw, 300px\" \/><\/a><\/p>\n<p><strong><span style=\"color: #ff6600;\">4\u00a0 distances a d\u00e9couvrir selon son humeur&#8230;<\/span><\/strong> <a href=\"https:\/\/cgfm.fr\/cgfmwp\/wp-content\/uploads\/2023\/08\/depositphotos_203143260-stock-illustration-cartoon-silly-face-out-tongue.jpg\"><img loading=\"lazy\" decoding=\"async\" class=\"alignnone wp-image-5470\" src=\"https:\/\/cgfm.fr\/cgfmwp\/wp-content\/uploads\/2023\/08\/depositphotos_203143260-stock-illustration-cartoon-silly-face-out-tongue-300x300.jpg\" alt=\"\" width=\"65\" height=\"65\" srcset=\"https:\/\/cgfm.fr\/cgfmwp\/wp-content\/uploads\/2023\/08\/depositphotos_203143260-stock-illustration-cartoon-silly-face-out-tongue-300x300.jpg 300w, https:\/\/cgfm.fr\/cgfmwp\/wp-content\/uploads\/2023\/08\/depositphotos_203143260-stock-illustration-cartoon-silly-face-out-tongue-150x150.jpg 150w, https:\/\/cgfm.fr\/cgfmwp\/wp-content\/uploads\/2023\/08\/depositphotos_203143260-stock-illustration-cartoon-silly-face-out-tongue.jpg 600w\" sizes=\"auto, (max-width: 65px) 100vw, 65px\" \/><\/a><\/p>\n<p><span style=\"color: #ff6600;\">\u00a0 \u00a0 \u00a049km \/29km\/18km.<\/span><\/p>\n<p>&nbsp;<\/p>\n<p>&nbsp;<\/p>\n<h1>Les 3 Vallons : 49 km et 2100D+<\/h1>\n<p>&nbsp;<\/p>\n<p>&nbsp;<\/p>\n<p><strong><span style=\"color: #ff6600;\">5 Cgfm :<\/span> <span style=\"color: #3366ff;\">Patrick<\/span> \/<span style=\"color: #ff00ff;\">Muriel<\/span>\/<span style=\"color: #ff00ff;\">Carole C.<\/span>\/<span style=\"color: #3366ff;\">Jonathan<\/span>\/<span style=\"color: #3366ff;\">Eric.<\/span><\/strong><\/p>\n<p>&nbsp;<\/p>\n<p><a href=\"https:\/\/cgfm.fr\/cgfmwp\/wp-content\/uploads\/2025\/05\/Inconnu-1.jpg\"><img loading=\"lazy\" decoding=\"async\" class=\"alignnone size-medium wp-image-6727\" src=\"https:\/\/cgfm.fr\/cgfmwp\/wp-content\/uploads\/2025\/05\/Inconnu-1-225x300.jpg\" alt=\"\" width=\"225\" height=\"300\" srcset=\"https:\/\/cgfm.fr\/cgfmwp\/wp-content\/uploads\/2025\/05\/Inconnu-1-225x300.jpg 225w, https:\/\/cgfm.fr\/cgfmwp\/wp-content\/uploads\/2025\/05\/Inconnu-1-768x1024.jpg 768w, https:\/\/cgfm.fr\/cgfmwp\/wp-content\/uploads\/2025\/05\/Inconnu-1.jpg 1200w\" sizes=\"auto, (max-width: 225px) 100vw, 225px\" \/><\/a><\/p>\n<p>&nbsp;<\/p>\n<p><span style=\"color: #3366ff;\"><strong>Patrick\u00a0<\/strong><\/span> <strong>6 h 19 mn<\/strong><\/p>\n<p>&nbsp;<\/p>\n<h5 dir=\"auto\"><em>Ce trail des 3 vallons est mon 2\u00e8me\u00a0 50 km\u00a0 en 1 mois\u00a0 apr\u00e8s celui du petit Ballon.\u00a0<\/em><\/h5>\n<h5 dir=\"auto\"><em>Je me suis inscris sur ce trail juste pour engendrer des km.<\/em><\/h5>\n<h5 dir=\"auto\"><em>Comme je me sentait bien, je suis parti\u00a0 avec Jonathan M. <\/em><\/h5>\n<h5 dir=\"auto\"><em>Puis arriv\u00e9 au premier\u00a0 ravitaillement&#8230;\u00a0 plus de Jonathan derri\u00e8re moi ! <a href=\"https:\/\/cgfm.fr\/cgfmwp\/wp-content\/uploads\/2023\/10\/b0c6db572e9a6fbe9740a28477e370e5.png\"><img loading=\"lazy\" decoding=\"async\" class=\"alignnone wp-image-5758\" src=\"https:\/\/cgfm.fr\/cgfmwp\/wp-content\/uploads\/2023\/10\/b0c6db572e9a6fbe9740a28477e370e5-300x263.png\" alt=\"\" width=\"38\" height=\"33\" srcset=\"https:\/\/cgfm.fr\/cgfmwp\/wp-content\/uploads\/2023\/10\/b0c6db572e9a6fbe9740a28477e370e5-300x263.png 300w, https:\/\/cgfm.fr\/cgfmwp\/wp-content\/uploads\/2023\/10\/b0c6db572e9a6fbe9740a28477e370e5.png 530w\" sizes=\"auto, (max-width: 38px) 100vw, 38px\" \/><\/a><\/em><\/h5>\n<h5 dir=\"auto\"><em>Je fait alors ma course tout seul avec un bon rythme jusqu&rsquo;\u00e0\u00a0 la mont\u00e9e du 36 -\u00e8me au\u00a0 41km<a href=\"https:\/\/cgfm.fr\/cgfmwp\/wp-content\/uploads\/2023\/07\/ab00e57b8119825d4cc4fc59d48bc59f.png\"><img loading=\"lazy\" decoding=\"async\" class=\"alignnone wp-image-5303\" src=\"https:\/\/cgfm.fr\/cgfmwp\/wp-content\/uploads\/2023\/07\/ab00e57b8119825d4cc4fc59d48bc59f-300x300.png\" alt=\"\" width=\"45\" height=\"45\" srcset=\"https:\/\/cgfm.fr\/cgfmwp\/wp-content\/uploads\/2023\/07\/ab00e57b8119825d4cc4fc59d48bc59f-300x300.png 300w, https:\/\/cgfm.fr\/cgfmwp\/wp-content\/uploads\/2023\/07\/ab00e57b8119825d4cc4fc59d48bc59f-150x150.png 150w, https:\/\/cgfm.fr\/cgfmwp\/wp-content\/uploads\/2023\/07\/ab00e57b8119825d4cc4fc59d48bc59f.png 640w\" sizes=\"auto, (max-width: 45px) 100vw, 45px\" \/><\/a>qui me parut interminable &#8230;\u00a0 <\/em><\/h5>\n<h5 dir=\"auto\"><em>Apres il me restait 9km de descente jusqu&rsquo;\u00e0 l&rsquo; arriv\u00e9e\u00a0 .<\/em><\/h5>\n<h5 dir=\"auto\"><\/h5>\n<h5 dir=\"auto\"><em>J&rsquo;ai la satisfaction d&rsquo;un\u00a0 2 -\u00e8me 50 km r\u00e9alis\u00e9 cette ann\u00e9e<a href=\"https:\/\/cgfm.fr\/cgfmwp\/wp-content\/uploads\/2023\/07\/mlkjh.jpg\"><img loading=\"lazy\" decoding=\"async\" class=\"alignnone wp-image-5306\" src=\"https:\/\/cgfm.fr\/cgfmwp\/wp-content\/uploads\/2023\/07\/mlkjh.jpg\" alt=\"\" width=\"43\" height=\"40\" \/><\/a>\u00a0 et le plaisir de retrouver\u00a0 les copains\u00a0 du cgfm arriv\u00e9s ensemble un peu plus tard .<\/em><\/h5>\n<p>&nbsp;<\/p>\n<p>&nbsp;<\/p>\n<div dir=\"auto\"><\/div>\n<div dir=\"auto\">\u00a0Patrick<\/div>\n<div dir=\"auto\"><\/div>\n<div dir=\"auto\"><\/div>\n<div dir=\"auto\"><\/div>\n<div dir=\"auto\"><strong>*********************************************<\/strong><\/div>\n<div dir=\"auto\"><\/div>\n<div dir=\"auto\"><\/div>\n<div dir=\"auto\"><\/div>\n<div dir=\"auto\"><\/div>\n<p><span style=\"color: #ff00ff;\"><strong>Muriel<\/strong> <\/span><strong>7 h 08 mn<\/strong><\/p>\n<p>&nbsp;<\/p>\n<p>&nbsp;<\/p>\n<h5><em>La pr\u00e9pa se poursuit sur le Trail des 3 Vallons, apr\u00e8s \u00ab\u00a0Terre de Feu\u00a0\u00bb et le \u00ab\u00a0Trail du Petit Ballon\u00a0\u00bb.<\/em><\/h5>\n<h5><em>Petite organisation sympa,<a href=\"https:\/\/cgfm.fr\/cgfmwp\/wp-content\/uploads\/2023\/04\/depositphotos_207959530-stock-illustration-emoticon-winking-showing-thumb.jpg\"><img loading=\"lazy\" decoding=\"async\" class=\"alignnone wp-image-4921\" src=\"https:\/\/cgfm.fr\/cgfmwp\/wp-content\/uploads\/2023\/04\/depositphotos_207959530-stock-illustration-emoticon-winking-showing-thumb-294x300.jpg\" alt=\"\" width=\"51\" height=\"52\" srcset=\"https:\/\/cgfm.fr\/cgfmwp\/wp-content\/uploads\/2023\/04\/depositphotos_207959530-stock-illustration-emoticon-winking-showing-thumb-294x300.jpg 294w, https:\/\/cgfm.fr\/cgfmwp\/wp-content\/uploads\/2023\/04\/depositphotos_207959530-stock-illustration-emoticon-winking-showing-thumb-150x150.jpg 150w, https:\/\/cgfm.fr\/cgfmwp\/wp-content\/uploads\/2023\/04\/depositphotos_207959530-stock-illustration-emoticon-winking-showing-thumb-768x783.jpg 768w, https:\/\/cgfm.fr\/cgfmwp\/wp-content\/uploads\/2023\/04\/depositphotos_207959530-stock-illustration-emoticon-winking-showing-thumb.jpg 1004w\" sizes=\"auto, (max-width: 51px) 100vw, 51px\" \/><\/a> pas trop de monde (n&rsquo;est ce pas Carole ?), un parcours plut\u00f4t agr\u00e9able avec de belles vues lorsqu&rsquo;il fait beau !<\/em><\/h5>\n<h5><em>5 CGFM au d\u00e9part et 5 \u00e0 l&rsquo;arriv\u00e9e.<a href=\"https:\/\/cgfm.fr\/cgfmwp\/wp-content\/uploads\/2023\/03\/b5ebb887b1ba8f3ce5bc3bb4e0f4702a.jpg\"><img loading=\"lazy\" decoding=\"async\" class=\"alignnone wp-image-4830\" src=\"https:\/\/cgfm.fr\/cgfmwp\/wp-content\/uploads\/2023\/03\/b5ebb887b1ba8f3ce5bc3bb4e0f4702a.jpg\" alt=\"\" width=\"50\" height=\"32\" \/><\/a><\/em><\/h5>\n<h5><em> Tr\u00e8s contente d&rsquo;avoir pu faire un petit bout de chemin avec chacun d&rsquo;entre eux, sauf avec Patrick qui est parti comme une fus\u00e9e. Mais il \u00e9tait l\u00e0, \u00e0 nous attendre \u00e0 l&rsquo;arriv\u00e9e, encore plein d&rsquo;\u00e9nergie\u00a0<\/em><\/h5>\n<p>&nbsp;<\/p>\n<p>&nbsp;<\/p>\n<h5><em>Une mention toute sp\u00e9ciale \u00e0 Clara et Marco qui, le m\u00eame week-end, ont termin\u00e9 leur 1er trail de 70 kms, et de tr\u00e8s belle fa\u00e7on, car le parcours n&rsquo;\u00e9tait pas facile.<\/em><\/h5>\n<h5><em> Bravo \u00e0 eux !!! <a href=\"https:\/\/cgfm.fr\/cgfmwp\/wp-content\/uploads\/2022\/10\/bravo-10.gif\"><img loading=\"lazy\" decoding=\"async\" class=\"alignnone wp-image-4466\" src=\"https:\/\/cgfm.fr\/cgfmwp\/wp-content\/uploads\/2022\/10\/bravo-10.gif\" alt=\"\" width=\"32\" height=\"32\" \/><\/a><\/em><\/h5>\n<h5><em>Nos baby-traileurs iront loin <a href=\"https:\/\/cgfm.fr\/cgfmwp\/wp-content\/uploads\/2023\/03\/b6b4ff6c7023900a3a7d2f0fc9acc902.jpg\"><img loading=\"lazy\" decoding=\"async\" class=\"alignnone wp-image-4713\" src=\"https:\/\/cgfm.fr\/cgfmwp\/wp-content\/uploads\/2023\/03\/b6b4ff6c7023900a3a7d2f0fc9acc902-300x300.jpg\" alt=\"\" width=\"44\" height=\"44\" srcset=\"https:\/\/cgfm.fr\/cgfmwp\/wp-content\/uploads\/2023\/03\/b6b4ff6c7023900a3a7d2f0fc9acc902-300x300.jpg 300w, https:\/\/cgfm.fr\/cgfmwp\/wp-content\/uploads\/2023\/03\/b6b4ff6c7023900a3a7d2f0fc9acc902-150x150.jpg 150w, https:\/\/cgfm.fr\/cgfmwp\/wp-content\/uploads\/2023\/03\/b6b4ff6c7023900a3a7d2f0fc9acc902.jpg 450w\" sizes=\"auto, (max-width: 44px) 100vw, 44px\" \/><\/a><\/em><\/h5>\n<p>&nbsp;<\/p>\n<p>Muriel .<\/p>\n<p>&nbsp;<\/p>\n<p>&nbsp;<\/p>\n<p><strong>******************************************************<\/strong><\/p>\n<p>&nbsp;<\/p>\n<p><span style=\"color: #3366ff;\"><strong>Jonathan M.<\/strong><\/span>\u00a0 <strong>7 h 08 mn\u00a0 \u00a0<\/strong><\/p>\n<p>&nbsp;<\/p>\n<p><strong>*****************************************************<\/strong><\/p>\n<p>&nbsp;<\/p>\n<p>&nbsp;<\/p>\n<p><span style=\"color: #3366ff;\"><strong>Eric<\/strong>\u00a0 \u00a0 \u00a0 <strong>\u00a0<\/strong><\/span><strong>7 h 08 et 1 seconde&#8230;<a href=\"https:\/\/cgfm.fr\/cgfmwp\/wp-content\/uploads\/2023\/03\/32774972020d17b26182dc3e0829cae7.jpg\"><img loading=\"lazy\" decoding=\"async\" class=\"alignnone wp-image-4760\" src=\"https:\/\/cgfm.fr\/cgfmwp\/wp-content\/uploads\/2023\/03\/32774972020d17b26182dc3e0829cae7.jpg\" alt=\"\" width=\"24\" height=\"24\" srcset=\"https:\/\/cgfm.fr\/cgfmwp\/wp-content\/uploads\/2023\/03\/32774972020d17b26182dc3e0829cae7.jpg 256w, https:\/\/cgfm.fr\/cgfmwp\/wp-content\/uploads\/2023\/03\/32774972020d17b26182dc3e0829cae7-150x150.jpg 150w\" sizes=\"auto, (max-width: 24px) 100vw, 24px\" \/><\/a><\/strong><\/p>\n<p>&nbsp;<\/p>\n<p>&nbsp;<\/p>\n<h5><em>Une\u00a0 participation de plus\u00a0 a ce trail \u00a0\u00bb 3 Vallons \u00a0\u00bb qui n&rsquo;est pas trop dur et bien plac\u00e9 dans le calendrier en vue de la suite &#8230;<\/em><\/h5>\n<h5><em>Satisfais de cette \u00e9dition a tout point de vue , physique et mental , aucun soucis .<a href=\"https:\/\/cgfm.fr\/cgfmwp\/wp-content\/uploads\/2023\/03\/1f44d.png\"><img loading=\"lazy\" decoding=\"async\" class=\"alignnone wp-image-4669\" src=\"https:\/\/cgfm.fr\/cgfmwp\/wp-content\/uploads\/2023\/03\/1f44d-300x300.png\" alt=\"\" width=\"41\" height=\"41\" srcset=\"https:\/\/cgfm.fr\/cgfmwp\/wp-content\/uploads\/2023\/03\/1f44d-300x300.png 300w, https:\/\/cgfm.fr\/cgfmwp\/wp-content\/uploads\/2023\/03\/1f44d-150x150.png 150w, https:\/\/cgfm.fr\/cgfmwp\/wp-content\/uploads\/2023\/03\/1f44d.png 512w\" sizes=\"auto, (max-width: 41px) 100vw, 41px\" \/><\/a><\/em><\/h5>\n<h5><em>Content \u00e9galement d&rsquo;avoir \u00e9t\u00e9, une bonne partie du parcours, le compagnon de route, de chemin plut\u00f4t<\/em><a href=\"https:\/\/cgfm.fr\/cgfmwp\/wp-content\/uploads\/2023\/03\/OIP-3-300x170-1.jpg\"><img loading=\"lazy\" decoding=\"async\" class=\"alignnone wp-image-4683\" src=\"https:\/\/cgfm.fr\/cgfmwp\/wp-content\/uploads\/2023\/03\/OIP-3-300x170-1.jpg\" alt=\"\" width=\"78\" height=\"44\" \/><\/a><em>,\u00a0 \u00a0de Muriel et Jonathan et surtout d&rsquo;avoir franchi la ligne ensemble !<\/em><\/h5>\n<h5><\/h5>\n<p>&nbsp;<\/p>\n<p>Eric .<\/p>\n<p>&nbsp;<\/p>\n<p><span style=\"color: #000000;\"><strong>********************************************<\/strong><\/span><\/p>\n<p>&nbsp;<\/p>\n<p>&nbsp;<\/p>\n<p><span style=\"color: #ff00ff;\"><strong>Carole C\u00a0 \u00a0\u00a0<span style=\"color: #333300;\">8 h 02\u00a0<\/span><\/strong><\/span><\/p>\n<p>&nbsp;<\/p>\n<p>&nbsp;<\/p>\n<h5><em>C\u2019\u00e9tait la premi\u00e8re fois que je faisais cette course.<\/em><\/h5>\n<h5><em>J\u2019avais fait le 30km l\u2019ann\u00e9e pr\u00e9c\u00e9dente que j\u2019avais beaucoup aim\u00e9.<a href=\"https:\/\/cgfm.fr\/cgfmwp\/wp-content\/uploads\/2022\/11\/R-6.png\"><img loading=\"lazy\" decoding=\"async\" class=\"alignnone wp-image-4554\" src=\"https:\/\/cgfm.fr\/cgfmwp\/wp-content\/uploads\/2022\/11\/R-6-300x300.png\" alt=\"\" width=\"31\" height=\"31\" srcset=\"https:\/\/cgfm.fr\/cgfmwp\/wp-content\/uploads\/2022\/11\/R-6-300x300.png 300w, https:\/\/cgfm.fr\/cgfmwp\/wp-content\/uploads\/2022\/11\/R-6-150x150.png 150w, https:\/\/cgfm.fr\/cgfmwp\/wp-content\/uploads\/2022\/11\/R-6-768x768.png 768w, https:\/\/cgfm.fr\/cgfmwp\/wp-content\/uploads\/2022\/11\/R-6.png 800w\" sizes=\"auto, (max-width: 31px) 100vw, 31px\" \/><\/a><\/em><\/h5>\n<h5><em>Tr\u00e8s contente de commencer la journ\u00e9e avec Patrick afin de se rassurer. <\/em><\/h5>\n<h5><em>D\u00e9part tr\u00e8s t\u00f4t. On retrouve Eric, Muriel et Jonathan pr\u00e9s du d\u00e9part.<\/em><\/h5>\n<h5><em>Les conditions climatiques sont plus ou moins bonnes. Vent et froid sur les hauteurs.<\/em><\/h5>\n<h5><em>Je commence la course tranquille avec des coureurs devant et derri\u00e8re jusqu\u2019au 20\u00e8me kilom\u00e8tre. <\/em><\/h5>\n<h5><em>Puis en l\u2019espace de 5-10 min, apr\u00e8s une petite dose de brouillard, je ne vois plus personne,<a href=\"https:\/\/cgfm.fr\/cgfmwp\/wp-content\/uploads\/2022\/10\/R-21.jpg\"><img loading=\"lazy\" decoding=\"async\" class=\"alignnone wp-image-4399\" src=\"https:\/\/cgfm.fr\/cgfmwp\/wp-content\/uploads\/2022\/10\/R-21.jpg\" alt=\"\" width=\"39\" height=\"39\" srcset=\"https:\/\/cgfm.fr\/cgfmwp\/wp-content\/uploads\/2022\/10\/R-21.jpg 192w, https:\/\/cgfm.fr\/cgfmwp\/wp-content\/uploads\/2022\/10\/R-21-150x150.jpg 150w\" sizes=\"auto, (max-width: 39px) 100vw, 39px\" \/><\/a> ni devant, ni derri\u00e8re.<\/em><\/h5>\n<h5><em>Le balisage est clair, je suis bien sur le trajet de la course. \u00a0 Et \u00e0 ma grande surprise cela va \u00eatre le cas pendant tout le reste de la course\u2026<\/em><\/h5>\n<h5><em>Aucun coureur \u00e0 l\u2019horizon\u2026. Quelques randonneurs\u2026.<\/em><\/h5>\n<h5><em>Je n\u2019ai aucun souci pour courir seule. J\u2019en ai l\u2019habitude \u00e0 l\u2019entra\u00eenement, mais pas en course. Je suis juste d\u00e9stabilis\u00e9e <a href=\"https:\/\/cgfm.fr\/cgfmwp\/wp-content\/uploads\/2022\/10\/101861-confused-emoji-download-hd-thumb.png\"><img loading=\"lazy\" decoding=\"async\" class=\"alignnone wp-image-4377\" src=\"https:\/\/cgfm.fr\/cgfmwp\/wp-content\/uploads\/2022\/10\/101861-confused-emoji-download-hd-thumb.png\" alt=\"\" width=\"49\" height=\"49\" srcset=\"https:\/\/cgfm.fr\/cgfmwp\/wp-content\/uploads\/2022\/10\/101861-confused-emoji-download-hd-thumb.png 200w, https:\/\/cgfm.fr\/cgfmwp\/wp-content\/uploads\/2022\/10\/101861-confused-emoji-download-hd-thumb-150x150.png 150w\" sizes=\"auto, (max-width: 49px) 100vw, 49px\" \/><\/a>en me demandant ce qui se passe.<\/em><\/h5>\n<h5><em>Il doit y avoir un probl\u00e8me. 200 coureurs \u00e9parpill\u00e9s dans la nature cela change du trail du Petit Ballon avec ses bouchons. J\u2019apprendrai plus tard qu\u2019il y a eu beaucoup d\u2019abandons.<\/em><\/h5>\n<h5><em>Ce questionnement tout au long de la course atteint le moral. Le sentiment de retarder peut-\u00eatre les b\u00e9n\u00e9voles et l\u2019organisation de course.<\/em><\/h5>\n<h5><em>Au ravitaillement on me dit que je ne suis pas la derni\u00e8re mais j\u2019ai des doutes.<\/em><em><a href=\"https:\/\/cgfm.fr\/cgfmwp\/wp-content\/uploads\/2022\/07\/4dbde35614b36f155bfbcec32fcfcbe1-251x300-1.jpg\"><img loading=\"lazy\" decoding=\"async\" class=\"alignnone wp-image-4112\" src=\"https:\/\/cgfm.fr\/cgfmwp\/wp-content\/uploads\/2022\/07\/4dbde35614b36f155bfbcec32fcfcbe1-251x300-1.jpg\" alt=\"\" width=\"35\" height=\"42\" \/><\/a><\/em><em>Et les b\u00e9n\u00e9voles ne me donnent pas l\u2019impression de m\u2019attendre pour fermer le ravitaillement.<\/em><\/h5>\n<h5><em>Les sensations ne sont pas au top, la semaine pr\u00e9c\u00e9dente a \u00e9t\u00e9 difficile c\u00f4t\u00e9 \u00e9nergie, ce n\u2019est pas grave, on verra si on m\u2019arr\u00eate d\u00fb aux barri\u00e8res horaires que j\u2019ignore d\u2019ailleurs.<\/em><\/h5>\n<h5><em>Finalement je passe les ravitaillements sans \u00eatre arr\u00eat\u00e9e. Je doute de temps en temps d\u2019\u00eatre sur le bon parcours et ai fait quelques retours en arri\u00e8re pour m\u2019en assurer (\u00e9tant dans ma bulle).<\/em><\/h5>\n<h5><em>Le balisage est au top. J\u2019attends avec impatience la derni\u00e8re longue c\u00f4te qui n\u2019arrive pas et cela atteint le moral.<a href=\"https:\/\/cgfm.fr\/cgfmwp\/wp-content\/uploads\/2022\/03\/230ac2a130fb44dd6a68e2c52ece6892-e1648240313629.jpg\"><img loading=\"lazy\" decoding=\"async\" class=\"alignnone wp-image-3393\" src=\"https:\/\/cgfm.fr\/cgfmwp\/wp-content\/uploads\/2022\/03\/230ac2a130fb44dd6a68e2c52ece6892-e1648240313629-300x300.jpg\" alt=\"\" width=\"36\" height=\"36\" srcset=\"https:\/\/cgfm.fr\/cgfmwp\/wp-content\/uploads\/2022\/03\/230ac2a130fb44dd6a68e2c52ece6892-e1648240313629-300x300.jpg 300w, https:\/\/cgfm.fr\/cgfmwp\/wp-content\/uploads\/2022\/03\/230ac2a130fb44dd6a68e2c52ece6892-e1648240313629-150x150.jpg 150w, https:\/\/cgfm.fr\/cgfmwp\/wp-content\/uploads\/2022\/03\/230ac2a130fb44dd6a68e2c52ece6892-e1648240313629.jpg 734w\" sizes=\"auto, (max-width: 36px) 100vw, 36px\" \/><\/a> Heureuse, elle arrive enfin. Elle va \u00eatre longue, mais je suis pr\u00eate \u00e0 l\u2019attaquer car c\u2019est pratiquement la derni\u00e8re\u2026.(Je sais qu\u2019il y en aura une autre plus courte deux kilom\u00e8tres avant la fin).<\/em><\/h5>\n<h5><em>Je mets de la musique<\/em><em><a href=\"https:\/\/cgfm.fr\/cgfmwp\/wp-content\/uploads\/2022\/04\/e7817ae72786561942236973d7834555-symbols-emoticons-emoji-emoticons.jpg\"><img loading=\"lazy\" decoding=\"async\" class=\"alignnone wp-image-3578\" src=\"https:\/\/cgfm.fr\/cgfmwp\/wp-content\/uploads\/2022\/04\/e7817ae72786561942236973d7834555-symbols-emoticons-emoji-emoticons-300x300.jpg\" alt=\"\" width=\"42\" height=\"42\" srcset=\"https:\/\/cgfm.fr\/cgfmwp\/wp-content\/uploads\/2022\/04\/e7817ae72786561942236973d7834555-symbols-emoticons-emoji-emoticons-300x300.jpg 300w, https:\/\/cgfm.fr\/cgfmwp\/wp-content\/uploads\/2022\/04\/e7817ae72786561942236973d7834555-symbols-emoticons-emoji-emoticons-150x150.jpg 150w, https:\/\/cgfm.fr\/cgfmwp\/wp-content\/uploads\/2022\/04\/e7817ae72786561942236973d7834555-symbols-emoticons-emoji-emoticons.jpg 600w\" sizes=\"auto, (max-width: 42px) 100vw, 42px\" \/><\/a><\/em><em>et cela me redonne de l\u2019\u00e9nergie. Je retrouve de superbes sensations dans les 15 derniers kilom\u00e8tres en acc\u00e9l\u00e9rant la cadence <a href=\"https:\/\/cgfm.fr\/cgfmwp\/wp-content\/uploads\/2023\/09\/images.jpg\"><img loading=\"lazy\" decoding=\"async\" class=\"alignnone wp-image-5538\" src=\"https:\/\/cgfm.fr\/cgfmwp\/wp-content\/uploads\/2023\/09\/images.jpg\" alt=\"\" width=\"43\" height=\"40\" \/><\/a>ce qui me rassure beaucoup pour le futur (J\u2019avais d\u00e9j\u00e0 fait une croix dessus), une vraie d\u00e9livrance. Je finis cette course avec plein d\u2019\u00e9motions et d\u2019exp\u00e9rience.<a href=\"https:\/\/cgfm.fr\/cgfmwp\/wp-content\/uploads\/2023\/09\/mlkjh.jpg\"><img loading=\"lazy\" decoding=\"async\" class=\"alignnone wp-image-5511\" src=\"https:\/\/cgfm.fr\/cgfmwp\/wp-content\/uploads\/2023\/09\/mlkjh.jpg\" alt=\"\" width=\"43\" height=\"40\" \/><\/a><\/em><\/h5>\n<h5><em>Super heureuse de voir Muriel, Patrick, et Eric \u00e0 l\u2019arriv\u00e9e. <\/em><\/h5>\n<h5><em>Tr\u00e8s sympa de leur part de m\u2019attendre \u00e9tant donn\u00e9 le temps que j\u2019ai mis. Grand merci<a href=\"https:\/\/cgfm.fr\/cgfmwp\/wp-content\/uploads\/2023\/03\/smileymerci.png\"><img loading=\"lazy\" decoding=\"async\" class=\"alignnone wp-image-4763\" src=\"https:\/\/cgfm.fr\/cgfmwp\/wp-content\/uploads\/2023\/03\/smileymerci-267x300.png\" alt=\"\" width=\"60\" height=\"68\" srcset=\"https:\/\/cgfm.fr\/cgfmwp\/wp-content\/uploads\/2023\/03\/smileymerci-267x300.png 267w, https:\/\/cgfm.fr\/cgfmwp\/wp-content\/uploads\/2023\/03\/smileymerci-768x864.png 768w, https:\/\/cgfm.fr\/cgfmwp\/wp-content\/uploads\/2023\/03\/smileymerci.png 887w\" sizes=\"auto, (max-width: 60px) 100vw, 60px\" \/><\/a> \u00e0 eux\u00a0pour leurs mots de r\u00e9confort. <\/em><\/h5>\n<h5><em>Une tr\u00e8s belle course, exigeante, peut-\u00eatre une revanche \u00e0 prendre l\u2019ann\u00e9e prochaine. <\/em><\/h5>\n<h5><em>Mental renforc\u00e9+++. Mon objectif pour cette course \u00e9tait de gagner de l\u2019exp\u00e9rience,<a href=\"https:\/\/cgfm.fr\/cgfmwp\/wp-content\/uploads\/2023\/04\/1f44d.png\"><img loading=\"lazy\" decoding=\"async\" class=\"alignnone wp-image-4876\" src=\"https:\/\/cgfm.fr\/cgfmwp\/wp-content\/uploads\/2023\/04\/1f44d-300x300.png\" alt=\"\" width=\"33\" height=\"33\" srcset=\"https:\/\/cgfm.fr\/cgfmwp\/wp-content\/uploads\/2023\/04\/1f44d-300x300.png 300w, https:\/\/cgfm.fr\/cgfmwp\/wp-content\/uploads\/2023\/04\/1f44d-150x150.png 150w, https:\/\/cgfm.fr\/cgfmwp\/wp-content\/uploads\/2023\/04\/1f44d.png 512w\" sizes=\"auto, (max-width: 33px) 100vw, 33px\" \/><\/a> objectif atteint..<\/em><\/h5>\n<p>&nbsp;<\/p>\n<p>Carole C.<\/p>\n<p>&nbsp;<\/p>\n<p><strong><span style=\"color: #000000;\">************************************<\/span><\/strong><\/p>\n<p>&nbsp;<\/p>\n<p>&nbsp;<\/p>\n<p><span style=\"color: #00ff00;\">Quelque soit le temps que tu as mis a faire cette \u00e9preuve , tu l&rsquo;as fait !<\/span><\/p>\n<p><span style=\"color: #00ff00;\">M\u00eame si tu as eu pas mal de moments difficiles, de doutes, tu es all\u00e9e au bout avec un mental en difficult\u00e9 &#8230;<\/span><\/p>\n<p><span style=\"color: #00ff00;\">Comme tu l&rsquo;as \u00e9crit,\u00a0 tu as gagn\u00e9 en exp\u00e9rience\u00a0 et ce sera bienvenu pour la suite .<\/span><\/p>\n<p><span style=\"color: #00ff00;\">Ton mental a souffert mais maintenant il est renforc\u00e9\u00a0 ! <\/span><\/p>\n<p><span style=\"color: #00ff00;\">Bravo carole <a href=\"https:\/\/cgfm.fr\/cgfmwp\/wp-content\/uploads\/2023\/04\/smiley-applaudissement-image-animee-0027-1.gif\"><img loading=\"lazy\" decoding=\"async\" class=\"alignnone wp-image-4858\" src=\"https:\/\/cgfm.fr\/cgfmwp\/wp-content\/uploads\/2023\/04\/smiley-applaudissement-image-animee-0027-1.gif\" alt=\"\" width=\"58\" height=\"41\" \/><\/a><\/span><\/p>\n<p>&nbsp;<\/p>\n<p>&nbsp;<\/p>\n<p>&nbsp;<\/p>\n<h2><strong>\/\/\/\/\/\/\/\/\/\/\/\/\/\/\/\/\/\/\/\/\/\/\/\/\/\/\/\/\/\/\/\/\/\/\/\/\/\/\/\/\/\/\/\/\/\/\/<\/strong><\/h2>\n<p>&nbsp;<\/p>\n<p>&nbsp;<\/p>\n<p>&nbsp;<\/p>\n<h3><strong>Le Rossberg\u00a0<\/strong> <strong>29 KM et 1050D+<\/strong><\/h3>\n<p>&nbsp;<\/p>\n<p>&nbsp;<\/p>\n<p><strong><span style=\"color: #ff6600;\">2 cgfm :<\/span><\/strong><\/p>\n<p>&nbsp;<\/p>\n<p><strong><span style=\"color: #3366ff;\"> Thierry M. \/ J\u00e9r\u00f4me L.<\/span><\/strong><\/p>\n<p>&nbsp;<\/p>\n<p>&nbsp;<\/p>\n<p><strong>\u00a0Thierry M.\u00a0 \u00a0<\/strong>\u00a0 <strong>3 h 05 mn<\/strong><\/p>\n<p>&nbsp;<\/p>\n<h5><em>Le dimanche 13 Avril , avec les copains du club, on s&rsquo;est lanc\u00e9 dans les d\u00e9fis de Mitzach : Plusieurs distances \u00e9taient au programme.<\/em><\/h5>\n<h5><em>Pour ma part le 29km et 1200 de D+ tr\u00e8s suffisant vu la forme et la grippe <a href=\"https:\/\/cgfm.fr\/cgfmwp\/wp-content\/uploads\/2022\/10\/OIP-9.jpg\"><img loading=\"lazy\" decoding=\"async\" class=\"alignnone wp-image-4469\" src=\"https:\/\/cgfm.fr\/cgfmwp\/wp-content\/uploads\/2022\/10\/OIP-9.jpg\" alt=\"\" width=\"43\" height=\"43\" srcset=\"https:\/\/cgfm.fr\/cgfmwp\/wp-content\/uploads\/2022\/10\/OIP-9.jpg 190w, https:\/\/cgfm.fr\/cgfmwp\/wp-content\/uploads\/2022\/10\/OIP-9-150x150.jpg 150w\" sizes=\"auto, (max-width: 43px) 100vw, 43px\" \/><\/a>de la semaine pr\u00e9c\u00e9dente .<\/em><\/h5>\n<h5><em>D\u00e8s les premiers kilom\u00e8tres je me rends tout de suite compte que le souffle ne suit pas .Heureusement les encouragements nous aident dans les moments difficiles.<\/em><\/h5>\n<h5><em>La mont\u00e9e apr\u00e8s le d\u00e9part nous emm\u00e8nent vers le Thannerhubel \u00e0 1100 m , pour un \u00e9chauffement il n&rsquo;y a pas mieux .<\/em><\/h5>\n<h5><em>On appr\u00e9cie une fois arriv\u00e9 sur le plateau avec les plus belles vues d&rsquo;Alsace.<\/em><\/h5>\n<h5><em>Le plus dur pour moi<a href=\"https:\/\/cgfm.fr\/cgfmwp\/wp-content\/uploads\/2022\/05\/R-1.png\"><img loading=\"lazy\" decoding=\"async\" class=\"alignnone wp-image-3684\" src=\"https:\/\/cgfm.fr\/cgfmwp\/wp-content\/uploads\/2022\/05\/R-1.png\" alt=\"\" width=\"30\" height=\"30\" srcset=\"https:\/\/cgfm.fr\/cgfmwp\/wp-content\/uploads\/2022\/05\/R-1.png 256w, https:\/\/cgfm.fr\/cgfmwp\/wp-content\/uploads\/2022\/05\/R-1-150x150.png 150w\" sizes=\"auto, (max-width: 30px) 100vw, 30px\" \/><\/a> \u00e9tait la mont\u00e9e de la piste de ski du Rossberg .<\/em><\/h5>\n<h5><em>Chaque sommet atteint \u00e9tait une petite victoire <a href=\"https:\/\/cgfm.fr\/cgfmwp\/wp-content\/uploads\/2023\/03\/2aaa8b355bbc9be7026a28c1f3726f93.jpg\"><img loading=\"lazy\" decoding=\"async\" class=\"alignnone wp-image-4765\" src=\"https:\/\/cgfm.fr\/cgfmwp\/wp-content\/uploads\/2023\/03\/2aaa8b355bbc9be7026a28c1f3726f93-300x300.jpg\" alt=\"\" width=\"30\" height=\"30\" srcset=\"https:\/\/cgfm.fr\/cgfmwp\/wp-content\/uploads\/2023\/03\/2aaa8b355bbc9be7026a28c1f3726f93-300x300.jpg 300w, https:\/\/cgfm.fr\/cgfmwp\/wp-content\/uploads\/2023\/03\/2aaa8b355bbc9be7026a28c1f3726f93-150x150.jpg 150w, https:\/\/cgfm.fr\/cgfmwp\/wp-content\/uploads\/2023\/03\/2aaa8b355bbc9be7026a28c1f3726f93.jpg 474w\" sizes=\"auto, (max-width: 30px) 100vw, 30px\" \/><\/a>, chaque point de vue un moment unique.<\/em><\/h5>\n<h5><em>Dans les descentes, \u00e7a d\u00e9valait parfois \u00e0 toute allure, parfois prudemment.<\/em><\/h5>\n<h5><em>Au fil des kilom\u00e8tres, la fatigue se faisait sentir, mais la motivation de tenir dans la dur\u00e9e ma permis de rattraper du beau monde.<\/em><\/h5>\n<h5><em>Chute \u00e0 la fin <a href=\"https:\/\/cgfm.fr\/cgfmwp\/wp-content\/uploads\/2022\/05\/emoticone-de-blesse-visage-mignon-ou-emoji-blesse-3d-avec-un-bandage-enveloppe-autour-de-sa-tete-160-86365747.jpg\"><img loading=\"lazy\" decoding=\"async\" class=\"alignnone wp-image-3712\" src=\"https:\/\/cgfm.fr\/cgfmwp\/wp-content\/uploads\/2022\/05\/emoticone-de-blesse-visage-mignon-ou-emoji-blesse-3d-avec-un-bandage-enveloppe-autour-de-sa-tete-160-86365747.jpg\" alt=\"\" width=\"35\" height=\"35\" srcset=\"https:\/\/cgfm.fr\/cgfmwp\/wp-content\/uploads\/2022\/05\/emoticone-de-blesse-visage-mignon-ou-emoji-blesse-3d-avec-un-bandage-enveloppe-autour-de-sa-tete-160-86365747.jpg 160w, https:\/\/cgfm.fr\/cgfmwp\/wp-content\/uploads\/2022\/05\/emoticone-de-blesse-visage-mignon-ou-emoji-blesse-3d-avec-un-bandage-enveloppe-autour-de-sa-tete-160-86365747-150x150.jpg 150w\" sizes=\"auto, (max-width: 35px) 100vw, 35px\" \/><\/a>en d\u00e9passant un concurrent attard\u00e9 (blessures superficielles)<\/em><\/h5>\n<h5><em>Je suis content d&rsquo;arriver bien que mon chrono \u00e9tait pour moi pas terrible. Parfois il faut oublier le chrono , et juste \u00eatre\u00a0 fier de pouvoir courir . Le travail finira par payer.<\/em><\/h5>\n<h5><em>Un vrai moment de sport, d&rsquo;amiti\u00e9, et de d\u00e9passement de soi, comme on les aime.<\/em><\/h5>\n<h5><em>Un grand bravo<a href=\"https:\/\/cgfm.fr\/cgfmwp\/wp-content\/uploads\/2022\/04\/smiley-applaudissement-image-animee-0027-1.gif\"><img loading=\"lazy\" decoding=\"async\" class=\"alignnone wp-image-3654\" src=\"https:\/\/cgfm.fr\/cgfmwp\/wp-content\/uploads\/2022\/04\/smiley-applaudissement-image-animee-0027-1.gif\" alt=\"\" width=\"63\" height=\"45\" \/><\/a> \u00e0 tous les copains du club, et vivement la prochaine aventure !<\/em><\/h5>\n<p>&nbsp;<\/p>\n<pre>Thierry .<\/pre>\n<p>&nbsp;<\/p>\n<p>&nbsp;<\/p>\n<p><strong>***********************************<\/strong><\/p>\n<p>&nbsp;<\/p>\n<p>&nbsp;<\/p>\n<p><strong>J\u00e9r\u00f4me L. 3 h 09 mn<\/strong><\/p>\n<p>&nbsp;<\/p>\n<p><img loading=\"lazy\" decoding=\"async\" class=\"\" src=\"https:\/\/image.jimcdn.com\/app\/cms\/image\/transf\/dimension=2048x682:format=jpg:rotate=90\/path\/scc44efea6e6272f3\/image\/i1782e6d27bc7db26\/version\/1745142878\/image.jpg\" width=\"110\" height=\"166\" \/><\/p>\n<p>&nbsp;<\/p>\n<h2><span style=\"color: #333333;\"><strong>\/\/\/\/\/\/\/\/\/\/\/\/\/\/\/\/\/\/\/\/\/\/\/\/\/\/\/\/\/\/\/\/\/\/\/\/\/\/\/\/<\/strong><\/span><\/h2>\n<p>&nbsp;<\/p>\n<p>&nbsp;<\/p>\n<h2>La mitzachoise\u00a0 18 km et 650 D+<\/h2>\n<p>&nbsp;<\/p>\n<p><strong><span style=\"color: #ff6600;\">4 cgfm :<\/span><\/strong><\/p>\n<p>&nbsp;<\/p>\n<h4><strong><span style=\"color: #3366ff;\">\u00a0Thomas s.<\/span><\/strong> : 1h50mn<\/h4>\n<p>&nbsp;<\/p>\n<p><strong>**************************<\/strong><\/p>\n<p>&nbsp;<\/p>\n<h4><strong><span style=\"color: #3366ff;\">\u00a0Eric K.\u00a0<\/span><\/strong> : 1h55mn<\/h4>\n<p><img loading=\"lazy\" decoding=\"async\" class=\"\" src=\"https:\/\/image.jimcdn.com\/app\/cms\/image\/transf\/dimension=2048x682:format=jpg:rotate=90\/path\/scc44efea6e6272f3\/image\/i286925660e56c658\/version\/1745149275\/image.jpg\" width=\"136\" height=\"205\" \/><\/p>\n<p>&nbsp;<\/p>\n<h4><strong><span style=\"color: #ff00ff;\">\u00a0Carole D.\u00a0 : <\/span><\/strong>2h08mn<\/h4>\n<p>&nbsp;<\/p>\n<h4><strong><span style=\"color: #ff00ff;\">\u00a0Elena\u00a0 :\u00a0 <\/span><\/strong>\u00a02h22mn<\/h4>\n<h4><\/h4>\n<h2><strong>\/\/\/\/\/\/\/\/\/\/\/\/\/\/\/\/\/\/\/\/\/\/\/\/\/\/\/\/\/\/\/\/\/\/\/\/\/\/\/\/\/\/\/\/<\/strong><\/h2>\n<p>&nbsp;<\/p>\n<p>&nbsp;<\/p>\n<p><span style=\"color: #00ccff;\">Prochain article : Les courses du mont terrible .<\/span><\/p>\n","protected":false},"excerpt":{"rendered":"<p>4\u00a0 distances a d\u00e9couvrir selon son humeur&#8230; \u00a0 \u00a0 \u00a049km \/29km\/18km. &nbsp; &nbsp; Les 3 Vallons : 49 km et 2100D+ &nbsp; &nbsp; 5 Cgfm : Patrick \/Muriel\/Carole C.\/Jonathan\/Eric. &nbsp; &nbsp; Patrick\u00a0 6 h 19 mn &nbsp; Ce trail des 3 vallons est mon 2\u00e8me\u00a0 50 km\u00a0 en 1 mois\u00a0 apr\u00e8s celui du petit Ballon.\u00a0 &hellip; <\/p>\n<p class=\"link-more\"><a href=\"https:\/\/cgfm.fr\/cgfmwp\/thur-trail-2025\/\" class=\"more-link\">Lire la suite de<span class=\"screen-reader-text\">\u00ab\u00a0Thur trail 2025\u00a0\u00bb<\/span><\/a><\/p>\n","protected":false},"author":5,"featured_media":0,"comment_status":"open","ping_status":"open","sticky":false,"template":"","format":"standard","meta":{"footnotes":""},"categories":[30],"tags":[],"class_list":["post-6672","post","type-post","status-publish","format-standard","hentry","category-trails"],"_links":{"self":[{"href":"https:\/\/cgfm.fr\/cgfmwp\/wp-json\/wp\/v2\/posts\/6672","targetHints":{"allow":["GET"]}}],"collection":[{"href":"https:\/\/cgfm.fr\/cgfmwp\/wp-json\/wp\/v2\/posts"}],"about":[{"href":"https:\/\/cgfm.fr\/cgfmwp\/wp-json\/wp\/v2\/types\/post"}],"author":[{"embeddable":true,"href":"https:\/\/cgfm.fr\/cgfmwp\/wp-json\/wp\/v2\/users\/5"}],"replies":[{"embeddable":true,"href":"https:\/\/cgfm.fr\/cgfmwp\/wp-json\/wp\/v2\/comments?post=6672"}],"version-history":[{"count":9,"href":"https:\/\/cgfm.fr\/cgfmwp\/wp-json\/wp\/v2\/posts\/6672\/revisions"}],"predecessor-version":[{"id":6729,"href":"https:\/\/cgfm.fr\/cgfmwp\/wp-json\/wp\/v2\/posts\/6672\/revisions\/6729"}],"wp:attachment":[{"href":"https:\/\/cgfm.fr\/cgfmwp\/wp-json\/wp\/v2\/media?parent=6672"}],"wp:term":[{"taxonomy":"category","embeddable":true,"href":"https:\/\/cgfm.fr\/cgfmwp\/wp-json\/wp\/v2\/categories?post=6672"},{"taxonomy":"post_tag","embeddable":true,"href":"https:\/\/cgfm.fr\/cgfmwp\/wp-json\/wp\/v2\/tags?post=6672"}],"curies":[{"name":"wp","href":"https:\/\/api.w.org\/{rel}","templated":true}]}}