{"id":650,"date":"2017-05-19T11:05:36","date_gmt":"2017-05-19T09:05:36","guid":{"rendered":"http:\/\/cgfm.fr\/cgfmwp\/?p=650"},"modified":"2017-05-30T12:29:59","modified_gmt":"2017-05-30T10:29:59","slug":"eric-au-trail-des-forts-toujours-plus-forts","status":"publish","type":"post","link":"https:\/\/cgfm.fr\/cgfmwp\/eric-au-trail-des-forts-toujours-plus-forts\/","title":{"rendered":"ERIC au Trail des Forts Toujours plus \u00ab forts \u00bb"},"content":{"rendered":"<p><a href=\"https:\/\/cgfm.fr\/cgfmwp\/wp-content\/uploads\/2017\/05\/15179148_10157886012170457_7284580690666861627_n.jpg\"><img loading=\"lazy\" decoding=\"async\" class=\"alignnone wp-image-660\" src=\"https:\/\/cgfm.fr\/cgfmwp\/wp-content\/uploads\/2017\/05\/15179148_10157886012170457_7284580690666861627_n-300x300.jpg\" alt=\"\" width=\"130\" height=\"130\" srcset=\"https:\/\/cgfm.fr\/cgfmwp\/wp-content\/uploads\/2017\/05\/15179148_10157886012170457_7284580690666861627_n-300x300.jpg 300w, https:\/\/cgfm.fr\/cgfmwp\/wp-content\/uploads\/2017\/05\/15179148_10157886012170457_7284580690666861627_n-150x150.jpg 150w, https:\/\/cgfm.fr\/cgfmwp\/wp-content\/uploads\/2017\/05\/15179148_10157886012170457_7284580690666861627_n.jpg 320w\" sizes=\"auto, (max-width: 130px) 100vw, 130px\" \/><\/a><a href=\"https:\/\/cgfm.fr\/cgfmwp\/wp-content\/uploads\/2017\/05\/15137518_10157886017895457_2207213557754529517_o.jpg\"><img loading=\"lazy\" decoding=\"async\" class=\"alignnone wp-image-661\" src=\"https:\/\/cgfm.fr\/cgfmwp\/wp-content\/uploads\/2017\/05\/15137518_10157886017895457_2207213557754529517_o-300x114.jpg\" alt=\"\" width=\"344\" height=\"131\" srcset=\"https:\/\/cgfm.fr\/cgfmwp\/wp-content\/uploads\/2017\/05\/15137518_10157886017895457_2207213557754529517_o-300x114.jpg 300w, https:\/\/cgfm.fr\/cgfmwp\/wp-content\/uploads\/2017\/05\/15137518_10157886017895457_2207213557754529517_o-768x292.jpg 768w, https:\/\/cgfm.fr\/cgfmwp\/wp-content\/uploads\/2017\/05\/15137518_10157886017895457_2207213557754529517_o-1024x389.jpg 1024w, https:\/\/cgfm.fr\/cgfmwp\/wp-content\/uploads\/2017\/05\/15137518_10157886017895457_2207213557754529517_o.jpg 1704w\" sizes=\"auto, (max-width: 344px) 100vw, 344px\" \/><\/a><\/p>\n<p>Le Trail des Forts confirme son statut de plus grande course de nature de l\u2019est de la France avec au programme de ces <strong>48 km un d\u00e9nivel\u00e9 positif d&rsquo;environ 1720 m&#8230;<\/strong><br \/>\n\u00c9preuve d\u00e9cid\u00e9ment atypique, mixant harmonieusement nature et patrimoine, le Trail des forts de Besan\u00e7on de 48 km se distingue par son trac\u00e9 technique au c\u0153ur des fortifications.<\/p>\n<p><strong>Eric nous pr\u00e9sente cette \u00e9preuve et nous confie ces impressions apr\u00e8s avoir reli\u00e9 l&rsquo;arriv\u00e9e\u00a0<\/strong><\/p>\n<p><em>\u00ab\u00a0j&rsquo;ai v\u00e9cu des moments terribles\u00a0 surtout au vu de la m\u00e9t\u00e9o\u00a0\u00bb mais tr\u00e8s satisfais de moi vu les conditions pluvieuses, boueuses, car sur environ 700 partants et 586 finisher je me classe <strong>176e dans un temps de 6h28 et 18e dans la cat\u00e9gorie V2H.<\/strong><\/em><\/p>\n<p><a href=\"https:\/\/cgfm.fr\/cgfmwp\/wp-content\/uploads\/2017\/05\/Eric-2.jpg\"><img loading=\"lazy\" decoding=\"async\" class=\"alignnone wp-image-662\" src=\"https:\/\/cgfm.fr\/cgfmwp\/wp-content\/uploads\/2017\/05\/Eric-2-300x203.jpg\" alt=\"\" width=\"466\" height=\"315\" srcset=\"https:\/\/cgfm.fr\/cgfmwp\/wp-content\/uploads\/2017\/05\/Eric-2-300x203.jpg 300w, https:\/\/cgfm.fr\/cgfmwp\/wp-content\/uploads\/2017\/05\/Eric-2-768x521.jpg 768w, https:\/\/cgfm.fr\/cgfmwp\/wp-content\/uploads\/2017\/05\/Eric-2.jpg 959w\" sizes=\"auto, (max-width: 466px) 100vw, 466px\" \/><\/a><\/p>\n<h2><strong>Le mur de Planoise, ou l&rsquo;enfer du jour<\/strong> (mont\u00e9e s\u00e8che de 200m \u00e0 plus de 60%)<\/h2>\n<p><a href=\"https:\/\/cgfm.fr\/cgfmwp\/wp-content\/uploads\/2017\/05\/DSC01132-e1389610103775-720x960.jpg\"><img loading=\"lazy\" decoding=\"async\" class=\" wp-image-657 alignleft\" src=\"https:\/\/cgfm.fr\/cgfmwp\/wp-content\/uploads\/2017\/05\/DSC01132-e1389610103775-720x960-225x300.jpg\" alt=\"\" width=\"134\" height=\"178\" srcset=\"https:\/\/cgfm.fr\/cgfmwp\/wp-content\/uploads\/2017\/05\/DSC01132-e1389610103775-720x960-225x300.jpg 225w, https:\/\/cgfm.fr\/cgfmwp\/wp-content\/uploads\/2017\/05\/DSC01132-e1389610103775-720x960.jpg 720w\" sizes=\"auto, (max-width: 134px) 100vw, 134px\" \/><\/a><\/p>\n<p>&nbsp;<\/p>\n<p><em>\u00ab\u00a0De la boue, \u00e0 ne pas tenir debout et ceux qui y sont pass\u00e9s ont eu du mal a en voir le bout&#8230;<\/em><em>\u00c7a\u00a0monte d\u00e9j\u00e0 en temps normal, mais l\u00e0 c&rsquo;\u00e9tait apocalyptique&#8230; <\/em><\/p>\n<p>&nbsp;<\/p>\n<p><em><strong>Pas le plus \u00ab\u00a0gros\u00a0\u00bb\u00a0 de mes trails mais un des plus difficiles pour cause de m\u00e9t\u00e9o humide !<\/strong><\/em><\/p>\n<p><em><strong>En conclusion&#8230;<\/strong>\u00a0<strong>l<\/strong><\/em><strong>e Trail\u00a0\u00e7a se m\u00e9rite&#8230;<\/strong> et difficilement r\u00e9alisable par les hamsters ! (pour la compr\u00e9hension de cette remarque je vous invite a interroger Eric)<\/p>\n<p><a href=\"https:\/\/cgfm.fr\/cgfmwp\/wp-content\/uploads\/2017\/05\/hamster.png\"><img loading=\"lazy\" decoding=\"async\" class=\"wp-image-658 alignleft\" src=\"https:\/\/cgfm.fr\/cgfmwp\/wp-content\/uploads\/2017\/05\/hamster-300x226.png\" alt=\"\" width=\"143\" height=\"108\" srcset=\"https:\/\/cgfm.fr\/cgfmwp\/wp-content\/uploads\/2017\/05\/hamster-300x226.png 300w, https:\/\/cgfm.fr\/cgfmwp\/wp-content\/uploads\/2017\/05\/hamster.png 408w\" sizes=\"auto, (max-width: 143px) 100vw, 143px\" \/><\/a><\/p>\n","protected":false},"excerpt":{"rendered":"<p>Le Trail des Forts confirme son statut de plus grande course de nature de l\u2019est de la France avec au programme de ces 48 km un d\u00e9nivel\u00e9 positif d&rsquo;environ 1720 m&#8230; \u00c9preuve d\u00e9cid\u00e9ment atypique, mixant harmonieusement nature et patrimoine, le Trail des forts de Besan\u00e7on de 48 km se distingue par son trac\u00e9 technique au &hellip; <\/p>\n<p class=\"link-more\"><a href=\"https:\/\/cgfm.fr\/cgfmwp\/eric-au-trail-des-forts-toujours-plus-forts\/\" class=\"more-link\">Lire la suite de<span class=\"screen-reader-text\">\u00ab\u00a0ERIC au Trail des Forts Toujours plus \u00ab forts \u00bb\u00a0\u00bb<\/span><\/a><\/p>\n","protected":false},"author":3,"featured_media":0,"comment_status":"open","ping_status":"open","sticky":false,"template":"","format":"standard","meta":{"footnotes":""},"categories":[6],"tags":[],"class_list":["post-650","post","type-post","status-publish","format-standard","hentry","category-les-resultats-des-cegefemienemiens"],"_links":{"self":[{"href":"https:\/\/cgfm.fr\/cgfmwp\/wp-json\/wp\/v2\/posts\/650","targetHints":{"allow":["GET"]}}],"collection":[{"href":"https:\/\/cgfm.fr\/cgfmwp\/wp-json\/wp\/v2\/posts"}],"about":[{"href":"https:\/\/cgfm.fr\/cgfmwp\/wp-json\/wp\/v2\/types\/post"}],"author":[{"embeddable":true,"href":"https:\/\/cgfm.fr\/cgfmwp\/wp-json\/wp\/v2\/users\/3"}],"replies":[{"embeddable":true,"href":"https:\/\/cgfm.fr\/cgfmwp\/wp-json\/wp\/v2\/comments?post=650"}],"version-history":[{"count":0,"href":"https:\/\/cgfm.fr\/cgfmwp\/wp-json\/wp\/v2\/posts\/650\/revisions"}],"wp:attachment":[{"href":"https:\/\/cgfm.fr\/cgfmwp\/wp-json\/wp\/v2\/media?parent=650"}],"wp:term":[{"taxonomy":"category","embeddable":true,"href":"https:\/\/cgfm.fr\/cgfmwp\/wp-json\/wp\/v2\/categories?post=650"},{"taxonomy":"post_tag","embeddable":true,"href":"https:\/\/cgfm.fr\/cgfmwp\/wp-json\/wp\/v2\/tags?post=650"}],"curies":[{"name":"wp","href":"https:\/\/api.w.org\/{rel}","templated":true}]}}