{"id":648,"date":"2017-05-19T10:08:10","date_gmt":"2017-05-19T08:08:10","guid":{"rendered":"http:\/\/cgfm.fr\/cgfmwp\/?p=648"},"modified":"2019-08-24T10:33:26","modified_gmt":"2019-08-24T08:33:26","slug":"4-representants-du-cgfm-a-lelan-des-daims-de-sentheim","status":"publish","type":"post","link":"https:\/\/cgfm.fr\/cgfmwp\/4-representants-du-cgfm-a-lelan-des-daims-de-sentheim\/","title":{"rendered":"4 repr\u00e9sentants du cgfm \u00e0 l&rsquo;\u00e9lan des daims de Sentheim"},"content":{"rendered":"<p><a href=\"https:\/\/cgfm.fr\/cgfmwp\/wp-content\/uploads\/2017\/05\/elan-des-daims-affiche.png\"><img loading=\"lazy\" decoding=\"async\" class=\"alignnone wp-image-651\" src=\"https:\/\/cgfm.fr\/cgfmwp\/wp-content\/uploads\/2017\/05\/elan-des-daims-affiche-300x214.png\" alt=\"\" width=\"409\" height=\"292\" srcset=\"https:\/\/cgfm.fr\/cgfmwp\/wp-content\/uploads\/2017\/05\/elan-des-daims-affiche-300x214.png 300w, https:\/\/cgfm.fr\/cgfmwp\/wp-content\/uploads\/2017\/05\/elan-des-daims-affiche.png 350w\" sizes=\"auto, (max-width: 409px) 100vw, 409px\" \/><\/a><\/p>\n<p><strong>Course des As<\/strong><br \/>\nTr\u00e8s beau parcours de 15km \/ 400mD+ sur chemins ruraux, forestiers et de montagne dans les collines et plateaux de la montagne sous-vosgienne.<\/p>\n<p><strong>Sur 191 finalistes nos 4 membres nous gratifient\u00a0de tr\u00e8s belles performances\u00a0<\/strong><\/p>\n<p>Par ordre d&rsquo;arriv\u00e9e:<\/p>\n<p><strong>16e BIHR Fr\u00e9d\u00e9ric<\/strong> V\u00e9t\u00e9ran 1 Masculin en 01:14:44<\/p>\n<p><strong>54e WEBER Michel<\/strong> V\u00e9t\u00e9ran 1 Masculin en 01:23:48<\/p>\n<p><strong>142e HIRTH Sarah<\/strong> Senior F\u00e9minine en 01:39:58<\/p>\n<p><strong>145e ERHART Sophie<\/strong> Senior F\u00e9minine en 01:40:48<\/p>\n<figure id=\"attachment_652\" aria-describedby=\"caption-attachment-652\" style=\"width: 372px\" class=\"wp-caption alignnone\"><a href=\"https:\/\/cgfm.fr\/cgfmwp\/wp-content\/uploads\/2017\/05\/IMG_5125.jpg\"><img loading=\"lazy\" decoding=\"async\" class=\"wp-image-652\" src=\"https:\/\/cgfm.fr\/cgfmwp\/wp-content\/uploads\/2017\/05\/IMG_5125-300x239.jpg\" alt=\"\" width=\"372\" height=\"296\" srcset=\"https:\/\/cgfm.fr\/cgfmwp\/wp-content\/uploads\/2017\/05\/IMG_5125-300x239.jpg 300w, https:\/\/cgfm.fr\/cgfmwp\/wp-content\/uploads\/2017\/05\/IMG_5125-768x612.jpg 768w, https:\/\/cgfm.fr\/cgfmwp\/wp-content\/uploads\/2017\/05\/IMG_5125-1024x816.jpg 1024w\" sizes=\"auto, (max-width: 372px) 100vw, 372px\" \/><\/a><figcaption id=\"caption-attachment-652\" class=\"wp-caption-text\">Sophie &#8211; Michel &#8211; Fr\u00e9d\u00e9ric &#8211; Sarah<\/figcaption><\/figure>\n","protected":false},"excerpt":{"rendered":"<p>Course des As Tr\u00e8s beau parcours de 15km \/ 400mD+ sur chemins ruraux, forestiers et de montagne dans les collines et plateaux de la montagne sous-vosgienne. Sur 191 finalistes nos 4 membres nous gratifient\u00a0de tr\u00e8s belles performances\u00a0 Par ordre d&rsquo;arriv\u00e9e: 16e BIHR Fr\u00e9d\u00e9ric V\u00e9t\u00e9ran 1 Masculin en 01:14:44 54e WEBER Michel V\u00e9t\u00e9ran 1 Masculin en &hellip; <\/p>\n<p class=\"link-more\"><a href=\"https:\/\/cgfm.fr\/cgfmwp\/4-representants-du-cgfm-a-lelan-des-daims-de-sentheim\/\" class=\"more-link\">Lire la suite de<span class=\"screen-reader-text\">\u00ab\u00a04 repr\u00e9sentants du cgfm \u00e0 l&rsquo;\u00e9lan des daims de Sentheim\u00a0\u00bb<\/span><\/a><\/p>\n","protected":false},"author":3,"featured_media":0,"comment_status":"open","ping_status":"open","sticky":false,"template":"","format":"standard","meta":{"footnotes":""},"categories":[6],"tags":[],"class_list":["post-648","post","type-post","status-publish","format-standard","hentry","category-les-resultats-des-cegefemienemiens"],"_links":{"self":[{"href":"https:\/\/cgfm.fr\/cgfmwp\/wp-json\/wp\/v2\/posts\/648","targetHints":{"allow":["GET"]}}],"collection":[{"href":"https:\/\/cgfm.fr\/cgfmwp\/wp-json\/wp\/v2\/posts"}],"about":[{"href":"https:\/\/cgfm.fr\/cgfmwp\/wp-json\/wp\/v2\/types\/post"}],"author":[{"embeddable":true,"href":"https:\/\/cgfm.fr\/cgfmwp\/wp-json\/wp\/v2\/users\/3"}],"replies":[{"embeddable":true,"href":"https:\/\/cgfm.fr\/cgfmwp\/wp-json\/wp\/v2\/comments?post=648"}],"version-history":[{"count":0,"href":"https:\/\/cgfm.fr\/cgfmwp\/wp-json\/wp\/v2\/posts\/648\/revisions"}],"wp:attachment":[{"href":"https:\/\/cgfm.fr\/cgfmwp\/wp-json\/wp\/v2\/media?parent=648"}],"wp:term":[{"taxonomy":"category","embeddable":true,"href":"https:\/\/cgfm.fr\/cgfmwp\/wp-json\/wp\/v2\/categories?post=648"},{"taxonomy":"post_tag","embeddable":true,"href":"https:\/\/cgfm.fr\/cgfmwp\/wp-json\/wp\/v2\/tags?post=648"}],"curies":[{"name":"wp","href":"https:\/\/api.w.org\/{rel}","templated":true}]}}