{"id":614,"date":"2017-05-04T16:41:49","date_gmt":"2017-05-04T14:41:49","guid":{"rendered":"http:\/\/cgfm.fr\/cgfmwp\/?p=614"},"modified":"2019-08-24T10:34:44","modified_gmt":"2019-08-24T08:34:44","slug":"5-mai-2017-le-defis-de-sam","status":"publish","type":"post","link":"https:\/\/cgfm.fr\/cgfmwp\/5-mai-2017-le-defis-de-sam\/","title":{"rendered":"5 mai 2017 le d\u00e9fis de sam"},"content":{"rendered":"<p><a href=\"https:\/\/cgfm.fr\/cgfmwp\/wp-content\/uploads\/2017\/02\/sam-1.jpg\"><img loading=\"lazy\" decoding=\"async\" class=\"alignnone wp-image-434\" src=\"https:\/\/cgfm.fr\/cgfmwp\/wp-content\/uploads\/2017\/02\/sam-1-300x200.jpg\" alt=\"\" width=\"473\" height=\"315\" srcset=\"https:\/\/cgfm.fr\/cgfmwp\/wp-content\/uploads\/2017\/02\/sam-1-300x200.jpg 300w, https:\/\/cgfm.fr\/cgfmwp\/wp-content\/uploads\/2017\/02\/sam-1-768x512.jpg 768w, https:\/\/cgfm.fr\/cgfmwp\/wp-content\/uploads\/2017\/02\/sam-1-1024x683.jpg 1024w, https:\/\/cgfm.fr\/cgfmwp\/wp-content\/uploads\/2017\/02\/sam-1.jpg 1920w\" sizes=\"auto, (max-width: 473px) 100vw, 473px\" \/><\/a><\/p>\n<p><a href=\"https:\/\/cgfm.fr\/cgfmwp\/wp-content\/uploads\/2017\/05\/Panorama-2-Hautes-Vosges1.jpg\"><img loading=\"lazy\" decoding=\"async\" class=\"alignnone wp-image-625\" src=\"https:\/\/cgfm.fr\/cgfmwp\/wp-content\/uploads\/2017\/05\/Panorama-2-Hautes-Vosges1-300x75.jpg\" alt=\"\" width=\"736\" height=\"184\" srcset=\"https:\/\/cgfm.fr\/cgfmwp\/wp-content\/uploads\/2017\/05\/Panorama-2-Hautes-Vosges1-300x75.jpg 300w, https:\/\/cgfm.fr\/cgfmwp\/wp-content\/uploads\/2017\/05\/Panorama-2-Hautes-Vosges1-768x193.jpg 768w, https:\/\/cgfm.fr\/cgfmwp\/wp-content\/uploads\/2017\/05\/Panorama-2-Hautes-Vosges1-1024x257.jpg 1024w, https:\/\/cgfm.fr\/cgfmwp\/wp-content\/uploads\/2017\/05\/Panorama-2-Hautes-Vosges1.jpg 1906w\" sizes=\"auto, (max-width: 736px) 100vw, 736px\" \/><\/a><\/p>\n<p><em>Avec une bande d&rsquo;ultra traileurs(5) nous allons relever le d\u00e9fi de faire la travers\u00e9e des Vosges par le GR5 comme l&rsquo;a fait l&rsquo;ann\u00e9e derni\u00e8re St\u00e9phane Brogniart. Il l&rsquo;avait fait dans le but de promouvoir le tourisme dans les Vosges. Du coup il a \u00e9tabli un trac\u00e9 avec un record(mais on va pas le faire dans le but de battre le record). Il nous a transmis le trac\u00e9 gpx et donc nous voil\u00e0 parti pour le faire \u00e0 5 avec un camping-car qui va nous suivre pour faire les ravitos tous les 30km environ.<\/em><\/p>\n<p><strong>Pendant notre \u00e9pop\u00e9e nous invitons tous ceux qui veulent\/souhaitent courir un petit bout ou un grand de chemin avec nous.<\/strong><\/p>\n<p><strong>Nous allons relier tout au long de ce grand week-end du 8 Mai<\/strong> <strong>Abreschviller \u00e0 Belfort.<\/strong><\/p>\n<p>Voici le trac\u00e9 que nous allons emprunt\u00e9 : http:\/\/tracedetrail.fr\/fr\/trace\/trace\/18168<\/p>\n<p><a href=\"https:\/\/cgfm.fr\/cgfmwp\/wp-content\/uploads\/2017\/05\/Profils-Altim\u00e8triques.png\"><img loading=\"lazy\" decoding=\"async\" class=\"alignnone wp-image-626\" src=\"https:\/\/cgfm.fr\/cgfmwp\/wp-content\/uploads\/2017\/05\/Profils-Altim\u00e8triques-300x85.png\" alt=\"\" width=\"688\" height=\"195\" srcset=\"https:\/\/cgfm.fr\/cgfmwp\/wp-content\/uploads\/2017\/05\/Profils-Altim\u00e8triques-300x85.png 300w, https:\/\/cgfm.fr\/cgfmwp\/wp-content\/uploads\/2017\/05\/Profils-Altim\u00e8triques-768x217.png 768w, https:\/\/cgfm.fr\/cgfmwp\/wp-content\/uploads\/2017\/05\/Profils-Altim\u00e8triques-1024x289.png 1024w, https:\/\/cgfm.fr\/cgfmwp\/wp-content\/uploads\/2017\/05\/Profils-Altim\u00e8triques.png 1078w\" sizes=\"auto, (max-width: 688px) 100vw, 688px\" \/><\/a><\/p>\n<p>Nous allons partir d&rsquo;Abreschviller le vendredi soir vers 23h30 et nous arriverons \u00e0 Belfort quand on arrivera &#x1f60a;<\/p>\n<p>Sur facebook, il y a une page qui va \u00eatre mise \u00e0 jour par rapport \u00e0 notre progression : https:\/\/www.facebook.com\/groups\/1837418119830330\/?fref=ts<\/p>\n<p>Sur cette page Facebook vous allez avoir le plan d\u00e9taill\u00e9 des arr\u00eats que nous ferons avec la caravane qui va nous suivre. Je vais mettre en place un suivi en directe de notre progression avec un trac\u00e9 Garmin via Facebook.<\/p>\n<p>Sportivement<\/p>\n<p><strong>Sam<\/strong><\/p>\n","protected":false},"excerpt":{"rendered":"<p>Avec une bande d&rsquo;ultra traileurs(5) nous allons relever le d\u00e9fi de faire la travers\u00e9e des Vosges par le GR5 comme l&rsquo;a fait l&rsquo;ann\u00e9e derni\u00e8re St\u00e9phane Brogniart. Il l&rsquo;avait fait dans le but de promouvoir le tourisme dans les Vosges. Du coup il a \u00e9tabli un trac\u00e9 avec un record(mais on va pas le faire dans &hellip; <\/p>\n<p class=\"link-more\"><a href=\"https:\/\/cgfm.fr\/cgfmwp\/5-mai-2017-le-defis-de-sam\/\" class=\"more-link\">Lire la suite de<span class=\"screen-reader-text\">\u00ab\u00a05 mai 2017 le d\u00e9fis de sam\u00a0\u00bb<\/span><\/a><\/p>\n","protected":false},"author":3,"featured_media":0,"comment_status":"open","ping_status":"open","sticky":false,"template":"","format":"standard","meta":{"footnotes":""},"categories":[6],"tags":[],"class_list":["post-614","post","type-post","status-publish","format-standard","hentry","category-les-resultats-des-cegefemienemiens"],"_links":{"self":[{"href":"https:\/\/cgfm.fr\/cgfmwp\/wp-json\/wp\/v2\/posts\/614","targetHints":{"allow":["GET"]}}],"collection":[{"href":"https:\/\/cgfm.fr\/cgfmwp\/wp-json\/wp\/v2\/posts"}],"about":[{"href":"https:\/\/cgfm.fr\/cgfmwp\/wp-json\/wp\/v2\/types\/post"}],"author":[{"embeddable":true,"href":"https:\/\/cgfm.fr\/cgfmwp\/wp-json\/wp\/v2\/users\/3"}],"replies":[{"embeddable":true,"href":"https:\/\/cgfm.fr\/cgfmwp\/wp-json\/wp\/v2\/comments?post=614"}],"version-history":[{"count":0,"href":"https:\/\/cgfm.fr\/cgfmwp\/wp-json\/wp\/v2\/posts\/614\/revisions"}],"wp:attachment":[{"href":"https:\/\/cgfm.fr\/cgfmwp\/wp-json\/wp\/v2\/media?parent=614"}],"wp:term":[{"taxonomy":"category","embeddable":true,"href":"https:\/\/cgfm.fr\/cgfmwp\/wp-json\/wp\/v2\/categories?post=614"},{"taxonomy":"post_tag","embeddable":true,"href":"https:\/\/cgfm.fr\/cgfmwp\/wp-json\/wp\/v2\/tags?post=614"}],"curies":[{"name":"wp","href":"https:\/\/api.w.org\/{rel}","templated":true}]}}