{"id":567,"date":"2017-04-13T20:55:44","date_gmt":"2017-04-13T18:55:44","guid":{"rendered":"http:\/\/cgfm.fr\/cgfmwp\/?p=567"},"modified":"2017-04-13T21:00:29","modified_gmt":"2017-04-13T19:00:29","slug":"marathon-de-paris-2017","status":"publish","type":"post","link":"https:\/\/cgfm.fr\/cgfmwp\/marathon-de-paris-2017\/","title":{"rendered":"MARATHON DE PARIS 2017"},"content":{"rendered":"<p><a href=\"https:\/\/cgfm.fr\/cgfmwp\/wp-content\/uploads\/2017\/04\/marathon-paris-2017-726x400.jpg\"><img loading=\"lazy\" decoding=\"async\" class=\"alignnone wp-image-575\" src=\"https:\/\/cgfm.fr\/cgfmwp\/wp-content\/uploads\/2017\/04\/marathon-paris-2017-726x400-300x165.jpg\" alt=\"\" width=\"740\" height=\"407\" srcset=\"https:\/\/cgfm.fr\/cgfmwp\/wp-content\/uploads\/2017\/04\/marathon-paris-2017-726x400-300x165.jpg 300w, https:\/\/cgfm.fr\/cgfmwp\/wp-content\/uploads\/2017\/04\/marathon-paris-2017-726x400.jpg 726w\" sizes=\"auto, (max-width: 740px) 100vw, 740px\" \/><\/a><\/p>\n<p style=\"text-align: center;\"><strong>La d\u00e9mesure au service du marathon par \u00ab\u00a0S\u00e9bastien BLERIOT\u00a0\u00bb<\/strong><\/p>\n<p><a href=\"https:\/\/cgfm.fr\/cgfmwp\/wp-content\/uploads\/2017\/04\/ld_37827610.jpg\"><img loading=\"lazy\" decoding=\"async\" class=\"aligncenter wp-image-582 size-full\" src=\"https:\/\/cgfm.fr\/cgfmwp\/wp-content\/uploads\/2017\/04\/ld_37827610.jpg\" alt=\"\" width=\"167\" height=\"148\" \/><\/a><\/p>\n<p style=\"text-align: center;\"><strong>Dimanche dernier 9 avril a eu lieu le 42i\u00e8me marathon de Paris au c\u0153ur de la capitale et sous un soleil radieux.<\/strong><\/p>\n<p style=\"text-align: center;\">Pr\u00e8s de 57 000 inscrits (finalement 44 000 \u00e0 l\u2019arriv\u00e9e) pour ce marathon o\u00f9 l\u2019objectif de ASO organisation (l\u2019organisateur qui s\u2019occupe \u00e9galement du tour de France, Paris-Nice, Dakar etc.. .) est d\u2019ouvrir au plus grand nombre les art\u00e8res de la capitale pour rejoindre le groupe ferm\u00e9 des \u00ab top marathons \u00bb de la plan\u00e8te (NY, Londres, Berlin, Boston et Chicago).<br \/>\n<em>Ayant d\u00e9j\u00e0 particip\u00e9 deux ou trois fois \u00e0 ce marathon et la premi\u00e8re fois en 1994 j\u2019ai pu d\u00e9j\u00e0 mesurer l\u2019\u00e9volution en plus de vingt ans de cette course. Tout d\u2019abord l\u2019\u00e9volution de la participation, environ 16 000 \u00e0 l\u2019arriv\u00e9e en 1994, plus de 44 000 comme je le disais cette ann\u00e9e. La premi\u00e8re cons\u00e9quence c\u2019est que dor\u00e9navant le d\u00e9part se donne par vagues, les \u00e9lites d\u00e9marrent \u00e0 8h20 alors que le sas des 3h45 o\u00f9 je me trouvais prenait le d\u00e9part \u00e0 8h55. Cela permet en effet d\u2019\u00e9taler les concurrents m\u00eame si dans cette partie de la course, la densit\u00e9 sur le bitume reste grande.<\/em><\/p>\n<p><a href=\"https:\/\/cgfm.fr\/cgfmwp\/wp-content\/uploads\/2017\/04\/a39e732ddf0b1a4e3c68d0be1fab38dd.jpg\"><img loading=\"lazy\" decoding=\"async\" class=\"alignnone wp-image-580\" src=\"https:\/\/cgfm.fr\/cgfmwp\/wp-content\/uploads\/2017\/04\/a39e732ddf0b1a4e3c68d0be1fab38dd-300x167.jpg\" alt=\"\" width=\"460\" height=\"256\" srcset=\"https:\/\/cgfm.fr\/cgfmwp\/wp-content\/uploads\/2017\/04\/a39e732ddf0b1a4e3c68d0be1fab38dd-300x167.jpg 300w, https:\/\/cgfm.fr\/cgfmwp\/wp-content\/uploads\/2017\/04\/a39e732ddf0b1a4e3c68d0be1fab38dd-672x372.jpg 672w, https:\/\/cgfm.fr\/cgfmwp\/wp-content\/uploads\/2017\/04\/a39e732ddf0b1a4e3c68d0be1fab38dd.jpg 720w\" sizes=\"auto, (max-width: 460px) 100vw, 460px\" \/><\/a><\/p>\n<p style=\"text-align: center;\"><em>J\u2019ai pass\u00e9 42 km \u00e0 zigzaguer entre les coureurs pour maintenir mon rythme. Il vaut mieux donc \u00e0 l\u2019inscription surestimer sa performance comme doivent le faire bon nombre de participants d\u2019ailleurs.<\/em><br \/>\n<em>Le d\u00e9part aussi pose probl\u00e8me, 5\u2019 avant l\u2019heure j\u2019\u00e9tais encore sur les trottoirs des champs \u00e0 essayer de rentrer dans mon sas comme des milliers d\u2019autres coureurs. Il a fallu pousser, s\u2019\u00e9nerver et ouvrir presque de force les barri\u00e8res pour enfin rentrer dans la bonne zone.<\/em><br \/>\n<em> Pour le reste les puces sur le dossard remplissent bien leur r\u00f4le, 1 seconde seulement d\u2019\u00e9cart avec le temps pris manuellement avec mon chrono.<\/em><\/p>\n<p style=\"text-align: center;\">Par contre, <strong>Nicolas Meunier de l\u2019ACIK<\/strong> a \u00e9t\u00e9 \u00ab loup\u00e9 \u00bb par les tapis de chronom\u00e9trage et doit se battre avec ASO pour faire reconna\u00eetre son temps de <strong>2h31\u2019 et sa 51i\u00e8me place !<\/strong> (Bravo \u00e0 lui pour ce r\u00e9sultat extraordinaire !)<\/p>\n<p style=\"text-align: center;\"><em>Pour la course et le parcours, pas de difficult\u00e9s, le parcours est plat avec peut-\u00eatre un l\u00e9ger faux-plat vers le 33i\u00e8me km mais qui n\u2019est pas trop g\u00eanant.<\/em><\/p>\n<p style=\"text-align: center;\"><em>Les diff\u00e9rents points de passage sur le parcours montrent une vue compl\u00e8te et magnifique de Paris. Il faut reconna\u00eetre que c\u2019est assez bluffant de courir rue de Rivoli ou le long de la seine ainsi que dans les deux grands bois \u00e0 l\u2019est et \u00e0 l\u2019ouest.<\/em><\/p>\n<p style=\"text-align: center;\"><em>L\u2019arriv\u00e9e avenue Foch est \u00e9videmment grandiose mais en g\u00e9n\u00e9ral est n\u2019est plus trop en mesure de l\u2019admirer, il faut encore r\u00e9cup\u00e9rer sa m\u00e9daille, son maillot et son sac aux vestiaires.<\/em><br \/>\n<em> Pour ce qui est des r\u00e9sultats, j\u2019ai essay\u00e9 de faire cette course de mani\u00e8re r\u00e9guli\u00e8re et d\u2019en garder pour la fin \u00e9tant donn\u00e9 les gal\u00e8res de ma pr\u00e9paration. <\/em><\/p>\n<p style=\"text-align: center;\"><strong><em>Conclusion, 3h23\u2019, loin de mes temps des ann\u00e9es 90 mais pas de grosse d\u00e9faillance.<\/em><\/strong><\/p>\n<p><a href=\"https:\/\/cgfm.fr\/cgfmwp\/wp-content\/uploads\/2017\/04\/temps-seb.png\"><img loading=\"lazy\" decoding=\"async\" class=\"alignnone wp-image-577\" src=\"https:\/\/cgfm.fr\/cgfmwp\/wp-content\/uploads\/2017\/04\/temps-seb-300x210.png\" alt=\"\" width=\"459\" height=\"321\" srcset=\"https:\/\/cgfm.fr\/cgfmwp\/wp-content\/uploads\/2017\/04\/temps-seb-300x210.png 300w, https:\/\/cgfm.fr\/cgfmwp\/wp-content\/uploads\/2017\/04\/temps-seb.png 724w\" sizes=\"auto, (max-width: 459px) 100vw, 459px\" \/><\/a><\/p>\n<p style=\"text-align: center;\">\n<strong><em> En conclusion, n\u2019y allez pas pour faire un temps mais si vous aimez le monde et les grosses organisations alors vous pouvez vous laisser tenter par Paris.<\/em><\/strong><\/p>\n","protected":false},"excerpt":{"rendered":"<p>La d\u00e9mesure au service du marathon par \u00ab\u00a0S\u00e9bastien BLERIOT\u00a0\u00bb Dimanche dernier 9 avril a eu lieu le 42i\u00e8me marathon de Paris au c\u0153ur de la capitale et sous un soleil radieux. Pr\u00e8s de 57 000 inscrits (finalement 44 000 \u00e0 l\u2019arriv\u00e9e) pour ce marathon o\u00f9 l\u2019objectif de ASO organisation (l\u2019organisateur qui s\u2019occupe \u00e9galement du tour &hellip; <\/p>\n<p class=\"link-more\"><a href=\"https:\/\/cgfm.fr\/cgfmwp\/marathon-de-paris-2017\/\" class=\"more-link\">Lire la suite de<span class=\"screen-reader-text\">\u00ab\u00a0MARATHON DE PARIS 2017\u00a0\u00bb<\/span><\/a><\/p>\n","protected":false},"author":3,"featured_media":0,"comment_status":"open","ping_status":"open","sticky":false,"template":"","format":"standard","meta":{"footnotes":""},"categories":[6],"tags":[],"class_list":["post-567","post","type-post","status-publish","format-standard","hentry","category-les-resultats-des-cegefemienemiens"],"_links":{"self":[{"href":"https:\/\/cgfm.fr\/cgfmwp\/wp-json\/wp\/v2\/posts\/567","targetHints":{"allow":["GET"]}}],"collection":[{"href":"https:\/\/cgfm.fr\/cgfmwp\/wp-json\/wp\/v2\/posts"}],"about":[{"href":"https:\/\/cgfm.fr\/cgfmwp\/wp-json\/wp\/v2\/types\/post"}],"author":[{"embeddable":true,"href":"https:\/\/cgfm.fr\/cgfmwp\/wp-json\/wp\/v2\/users\/3"}],"replies":[{"embeddable":true,"href":"https:\/\/cgfm.fr\/cgfmwp\/wp-json\/wp\/v2\/comments?post=567"}],"version-history":[{"count":0,"href":"https:\/\/cgfm.fr\/cgfmwp\/wp-json\/wp\/v2\/posts\/567\/revisions"}],"wp:attachment":[{"href":"https:\/\/cgfm.fr\/cgfmwp\/wp-json\/wp\/v2\/media?parent=567"}],"wp:term":[{"taxonomy":"category","embeddable":true,"href":"https:\/\/cgfm.fr\/cgfmwp\/wp-json\/wp\/v2\/categories?post=567"},{"taxonomy":"post_tag","embeddable":true,"href":"https:\/\/cgfm.fr\/cgfmwp\/wp-json\/wp\/v2\/tags?post=567"}],"curies":[{"name":"wp","href":"https:\/\/api.w.org\/{rel}","templated":true}]}}