{"id":511,"date":"2017-04-10T11:28:48","date_gmt":"2017-04-10T09:28:48","guid":{"rendered":"http:\/\/cgfm.fr\/cgfmwp\/?p=511"},"modified":"2019-08-24T10:35:49","modified_gmt":"2019-08-24T08:35:49","slug":"resultats-semi-marathon-de-mulhouse","status":"publish","type":"post","link":"https:\/\/cgfm.fr\/cgfmwp\/resultats-semi-marathon-de-mulhouse\/","title":{"rendered":"R\u00c9SULTATS SEMI-MARATHON DE  MULHOUSE"},"content":{"rendered":"<p>&nbsp;<\/p>\n<p><strong><a href=\"https:\/\/cgfm.fr\/cgfmwp\/wp-content\/uploads\/2017\/03\/semi.png\"><img loading=\"lazy\" decoding=\"async\" class=\"alignnone wp-image-471\" src=\"https:\/\/cgfm.fr\/cgfmwp\/wp-content\/uploads\/2017\/03\/semi-300x61.png\" alt=\"\" width=\"467\" height=\"95\" srcset=\"https:\/\/cgfm.fr\/cgfmwp\/wp-content\/uploads\/2017\/03\/semi-300x61.png 300w, https:\/\/cgfm.fr\/cgfmwp\/wp-content\/uploads\/2017\/03\/semi-672x138.png 672w, https:\/\/cgfm.fr\/cgfmwp\/wp-content\/uploads\/2017\/03\/semi.png 678w\" sizes=\"auto, (max-width: 467px) 100vw, 467px\" \/><\/a><\/strong><\/p>\n<blockquote>\n<p style=\"text-align: center;\"><strong>F\u00e9licitation \u00e0 nos 18 participants<\/strong> \u00e0 cette premi\u00e8re course sur route de la saison qui parmi les plus de 1000 inscrits ont encore prouv\u00e9s le dynamisme de notre club sur la sc\u00e8ne sportive Mulhousi\u00e8nne \u00a0en alignant au d\u00e9part de cette \u00e9preuve<\/p>\n<p style=\"text-align: center;\"><strong>le plus grand nombre d&rsquo;inscrit&#8230; par club !<\/strong><\/p>\n<\/blockquote>\n<p><a href=\"https:\/\/cgfm.fr\/cgfmwp\/wp-content\/uploads\/2017\/04\/20170402_082827.jpg\"><img loading=\"lazy\" decoding=\"async\" class=\"wp-image-540 aligncenter\" src=\"https:\/\/cgfm.fr\/cgfmwp\/wp-content\/uploads\/2017\/04\/20170402_082827-169x300.jpg\" alt=\"\" width=\"271\" height=\"481\" srcset=\"https:\/\/cgfm.fr\/cgfmwp\/wp-content\/uploads\/2017\/04\/20170402_082827-169x300.jpg 169w, https:\/\/cgfm.fr\/cgfmwp\/wp-content\/uploads\/2017\/04\/20170402_082827-768x1365.jpg 768w, https:\/\/cgfm.fr\/cgfmwp\/wp-content\/uploads\/2017\/04\/20170402_082827-576x1024.jpg 576w, https:\/\/cgfm.fr\/cgfmwp\/wp-content\/uploads\/2017\/04\/20170402_082827.jpg 1836w\" sizes=\"auto, (max-width: 271px) 100vw, 271px\" \/><\/a><\/p>\n<blockquote>\n<p style=\"text-align: center;\"><strong>A l\u2019honneur sur cette \u00e9preuve \u00a0<\/strong><\/p>\n<p style=\"text-align: center;\">(Par ordre de classement par cat\u00e9gorie)<\/p>\n<p><a href=\"https:\/\/cgfm.fr\/cgfmwp\/wp-content\/uploads\/2017\/04\/podium.png\"><img loading=\"lazy\" decoding=\"async\" class=\"wp-image-533 aligncenter\" src=\"https:\/\/cgfm.fr\/cgfmwp\/wp-content\/uploads\/2017\/04\/podium.png\" alt=\"\" width=\"61\" height=\"83\" \/><\/a><\/p>\n<p style=\"text-align: center;\">\u00a0 \u00a0 \u00a0 \u00a0 \u00a0 \u00a0 \u00a0 \u00a0 \u00a0 \u00a0 \u00a0 \u00a0 \u00a0Avec un podium et une\u00a0<strong>premi\u00e8re place \u00a0 \u00a0 \u00a0 \u00a0 \u00a0 \u00a0 \u00a0 \u00a0 \u00a0 \u00a0 \u00a0 \u00a0 \u00a0 \u00a0 \u00a0 \u00a0 \u00a0 \u00a0 \u00a0 \u00a0 <\/strong>en cat\u00e9gorie\u00a0<strong>V3F\u00a0<\/strong>f\u00e9licitation \u00e0\u00a0<strong>Fadma <\/strong>qui porte au plus haut les couleurs de notre club<\/p>\n<\/blockquote>\n<blockquote><p><a href=\"https:\/\/cgfm.fr\/cgfmwp\/wp-content\/uploads\/2017\/04\/20170402_114635-1.jpg\"><img loading=\"lazy\" decoding=\"async\" class=\"wp-image-538 aligncenter\" src=\"https:\/\/cgfm.fr\/cgfmwp\/wp-content\/uploads\/2017\/04\/20170402_114635-1-295x300.jpg\" alt=\"\" width=\"369\" height=\"375\" srcset=\"https:\/\/cgfm.fr\/cgfmwp\/wp-content\/uploads\/2017\/04\/20170402_114635-1-295x300.jpg 295w, https:\/\/cgfm.fr\/cgfmwp\/wp-content\/uploads\/2017\/04\/20170402_114635-1-768x781.jpg 768w, https:\/\/cgfm.fr\/cgfmwp\/wp-content\/uploads\/2017\/04\/20170402_114635-1-1007x1024.jpg 1007w, https:\/\/cgfm.fr\/cgfmwp\/wp-content\/uploads\/2017\/04\/20170402_114635-1.jpg 1819w\" sizes=\"auto, (max-width: 369px) 100vw, 369px\" \/><\/a><\/p>\n<p><a href=\"https:\/\/cgfm.fr\/cgfmwp\/wp-content\/uploads\/2017\/04\/podium.png\"><img loading=\"lazy\" decoding=\"async\" class=\"wp-image-533 aligncenter\" src=\"https:\/\/cgfm.fr\/cgfmwp\/wp-content\/uploads\/2017\/04\/podium.png\" alt=\"\" width=\"66\" height=\"89\" \/><\/a><\/p>\n<p style=\"text-align: center;\">Avec un podium et une\u00a0<strong>troisi\u00e8me place<\/strong> en cat\u00e9gorie<strong> V2F\u00a0<\/strong><strong>Fr\u00e9d\u00e9rique <\/strong>nous prouve sa grande forme<\/p>\n<p><a href=\"https:\/\/cgfm.fr\/cgfmwp\/wp-content\/uploads\/2017\/04\/Frederique-1-h-45-mn-et-42-s-au-semi-de-mulhouse-2017.jpg\"><img loading=\"lazy\" decoding=\"async\" class=\"size-medium wp-image-539 aligncenter\" src=\"https:\/\/cgfm.fr\/cgfmwp\/wp-content\/uploads\/2017\/04\/Frederique-1-h-45-mn-et-42-s-au-semi-de-mulhouse-2017-236x300.jpg\" alt=\"\" width=\"236\" height=\"300\" srcset=\"https:\/\/cgfm.fr\/cgfmwp\/wp-content\/uploads\/2017\/04\/Frederique-1-h-45-mn-et-42-s-au-semi-de-mulhouse-2017-236x300.jpg 236w, https:\/\/cgfm.fr\/cgfmwp\/wp-content\/uploads\/2017\/04\/Frederique-1-h-45-mn-et-42-s-au-semi-de-mulhouse-2017.jpg 622w\" sizes=\"auto, (max-width: 236px) 100vw, 236px\" \/><\/a><\/p>\n<p style=\"text-align: center;\"><strong>Quatri\u00e8me\u00a0<\/strong>en cat\u00e9gorie <strong>V2H\u00a0<\/strong><strong>Didier <\/strong>\u00e9choue\u00a0au pied du podium mais nous gratifie d&rsquo;une tr\u00e8s belle course de pr\u00e9paration\u00a0a son objectif sur marathon<\/p>\n<p style=\"text-align: center;\">Sans oublier une tr\u00e8s belle <strong>neuvi\u00e8me place<\/strong> d&rsquo; <strong>Amal<\/strong> en <strong>V1F <\/strong>qui prouve le dynamisme de nos repr\u00e9sentantes f\u00e9minine<\/p>\n<p style=\"text-align: center;\">Toujours en grande forme et repr\u00e9sentant haut l&rsquo;image de son club <strong>notre pr\u00e9sident<\/strong> se place \u00e0 une <strong>tr\u00e8s belle onzi\u00e8me place en V2H<\/strong><\/p>\n<p style=\"text-align: center;\"><a href=\"https:\/\/cgfm.fr\/cgfmwp\/wp-content\/uploads\/2017\/04\/Seb-Notre-president-en-1h-30-mn-et-19-s-semi-de-mulhouse-2017.jpg\"><img loading=\"lazy\" decoding=\"async\" class=\"alignnone size-medium wp-image-546\" src=\"https:\/\/cgfm.fr\/cgfmwp\/wp-content\/uploads\/2017\/04\/Seb-Notre-president-en-1h-30-mn-et-19-s-semi-de-mulhouse-2017-300x258.jpg\" alt=\"\" width=\"300\" height=\"258\" srcset=\"https:\/\/cgfm.fr\/cgfmwp\/wp-content\/uploads\/2017\/04\/Seb-Notre-president-en-1h-30-mn-et-19-s-semi-de-mulhouse-2017-300x258.jpg 300w, https:\/\/cgfm.fr\/cgfmwp\/wp-content\/uploads\/2017\/04\/Seb-Notre-president-en-1h-30-mn-et-19-s-semi-de-mulhouse-2017.jpg 565w\" sizes=\"auto, (max-width: 300px) 100vw, 300px\" \/><\/a><\/p>\n<p style=\"text-align: center;\">Toujours une belle performance f\u00e9minine avec<\/p>\n<p style=\"text-align: center;\"><strong>Lydie 14e en V2F<\/strong><\/p>\n<p style=\"text-align: center;\"><a href=\"https:\/\/cgfm.fr\/cgfmwp\/wp-content\/uploads\/2017\/04\/Lydie-1-h-56-mn-et-04s-au-semi-de-mulhouse-2017.jpg\"><img loading=\"lazy\" decoding=\"async\" class=\"alignnone size-medium wp-image-547\" src=\"https:\/\/cgfm.fr\/cgfmwp\/wp-content\/uploads\/2017\/04\/Lydie-1-h-56-mn-et-04s-au-semi-de-mulhouse-2017-224x300.jpg\" alt=\"\" width=\"224\" height=\"300\" srcset=\"https:\/\/cgfm.fr\/cgfmwp\/wp-content\/uploads\/2017\/04\/Lydie-1-h-56-mn-et-04s-au-semi-de-mulhouse-2017-224x300.jpg 224w, https:\/\/cgfm.fr\/cgfmwp\/wp-content\/uploads\/2017\/04\/Lydie-1-h-56-mn-et-04s-au-semi-de-mulhouse-2017.jpg 611w\" sizes=\"auto, (max-width: 224px) 100vw, 224px\" \/><\/a><\/p>\n<p style=\"text-align: center;\"><strong>Sans oublier dans leur ordre d&rsquo;arriv\u00e9e\u00a0<\/strong><\/p>\n<p style=\"text-align: center;\"><strong>Fred<\/strong> 19e en V1H<\/p>\n<p style=\"text-align: center;\"><strong>Thomas<\/strong> 24e en SEH<\/p>\n<p style=\"text-align: center;\"><strong>Battant son propre record<\/strong> d&rsquo;environ 10 mn<strong> Dora<\/strong> 25e en SEF<\/p>\n<p style=\"text-align: center;\"><a href=\"https:\/\/cgfm.fr\/cgfmwp\/wp-content\/uploads\/2017\/04\/Dora-1-h-49-mn-et-08-s-au-semi-de-mulhouse-2017-2.jpg\"><img loading=\"lazy\" decoding=\"async\" class=\"alignnone wp-image-552\" src=\"https:\/\/cgfm.fr\/cgfmwp\/wp-content\/uploads\/2017\/04\/Dora-1-h-49-mn-et-08-s-au-semi-de-mulhouse-2017-2-217x300.jpg\" alt=\"\" width=\"244\" height=\"337\" srcset=\"https:\/\/cgfm.fr\/cgfmwp\/wp-content\/uploads\/2017\/04\/Dora-1-h-49-mn-et-08-s-au-semi-de-mulhouse-2017-2-217x300.jpg 217w, https:\/\/cgfm.fr\/cgfmwp\/wp-content\/uploads\/2017\/04\/Dora-1-h-49-mn-et-08-s-au-semi-de-mulhouse-2017-2.jpg 575w\" sizes=\"auto, (max-width: 244px) 100vw, 244px\" \/><\/a><\/p>\n<p style=\"text-align: center;\"><strong>Sophie<\/strong> 29e en SEF<\/p>\n<p style=\"text-align: center;\">Tr\u00e8s belle place de<strong> Sarah <\/strong>30e en SEF<\/p>\n<p style=\"text-align: center;\"><a href=\"https:\/\/cgfm.fr\/cgfmwp\/wp-content\/uploads\/2017\/04\/Sarah-1-h-50-mn-et-06s-au-semi-de-Mulhouse-2017.jpg\"><img loading=\"lazy\" decoding=\"async\" class=\"alignnone wp-image-553\" src=\"https:\/\/cgfm.fr\/cgfmwp\/wp-content\/uploads\/2017\/04\/Sarah-1-h-50-mn-et-06s-au-semi-de-Mulhouse-2017-130x300.jpg\" alt=\"\" width=\"227\" height=\"524\" srcset=\"https:\/\/cgfm.fr\/cgfmwp\/wp-content\/uploads\/2017\/04\/Sarah-1-h-50-mn-et-06s-au-semi-de-Mulhouse-2017-130x300.jpg 130w, https:\/\/cgfm.fr\/cgfmwp\/wp-content\/uploads\/2017\/04\/Sarah-1-h-50-mn-et-06s-au-semi-de-Mulhouse-2017.jpg 271w\" sizes=\"auto, (max-width: 227px) 100vw, 227px\" \/><\/a><\/p>\n<p style=\"text-align: center;\"><strong>Laurent<\/strong> 32e en V1H<\/p>\n<p style=\"text-align: center;\"><strong>Daniel<\/strong> 51e en V2H<\/p>\n<p style=\"text-align: center;\"><strong>Najate<\/strong> 58e en V1F<\/p>\n<p style=\"text-align: center;\"><strong>Michel<\/strong> 67e en V1H<\/p>\n<p style=\"text-align: center;\">Toujours en forme et \u00ab\u00a0bien acompagn\u00e9\u00a0\u00bb<strong> Dom<\/strong> 75e en M2H<\/p>\n<p style=\"text-align: center;\"><a href=\"https:\/\/cgfm.fr\/cgfmwp\/wp-content\/uploads\/2017\/04\/Dom-1-h-52-mn-et-33s-au-semi-de-mulhouse-2017-Copie.jpg\"><img loading=\"lazy\" decoding=\"async\" class=\"alignnone size-medium wp-image-554\" src=\"https:\/\/cgfm.fr\/cgfmwp\/wp-content\/uploads\/2017\/04\/Dom-1-h-52-mn-et-33s-au-semi-de-mulhouse-2017-Copie-261x300.jpg\" alt=\"\" width=\"261\" height=\"300\" srcset=\"https:\/\/cgfm.fr\/cgfmwp\/wp-content\/uploads\/2017\/04\/Dom-1-h-52-mn-et-33s-au-semi-de-mulhouse-2017-Copie-261x300.jpg 261w, https:\/\/cgfm.fr\/cgfmwp\/wp-content\/uploads\/2017\/04\/Dom-1-h-52-mn-et-33s-au-semi-de-mulhouse-2017-Copie.jpg 597w\" sizes=\"auto, (max-width: 261px) 100vw, 261px\" \/><\/a><\/p>\n<p style=\"text-align: center;\"><strong>Bravo \u00e0 Virginie<\/strong>\u00a0pour sa 104e place en V1F<\/p>\n<p style=\"text-align: center;\"><a href=\"https:\/\/cgfm.fr\/cgfmwp\/wp-content\/uploads\/2017\/04\/Virginie-2-h-26-mn-et-36-s-au-semi-de-mulhouse-2017.jpg\"><img loading=\"lazy\" decoding=\"async\" class=\"alignnone wp-image-555\" src=\"https:\/\/cgfm.fr\/cgfmwp\/wp-content\/uploads\/2017\/04\/Virginie-2-h-26-mn-et-36-s-au-semi-de-mulhouse-2017.jpg\" alt=\"\" width=\"260\" height=\"314\" \/><\/a><\/p>\n<p style=\"text-align: center;\"><strong>Marc Antoine<\/strong> 172e en SEH<\/p>\n<p style=\"text-align: center;\">\u00a0<a href=\"https:\/\/cgfm.fr\/cgfmwp\/wp-content\/uploads\/2017\/04\/Marc-Antoine-1-h-43-mn-06-s-semi-de-mulhouse-2017.jpg\"><img loading=\"lazy\" decoding=\"async\" class=\"alignnone wp-image-588\" src=\"https:\/\/cgfm.fr\/cgfmwp\/wp-content\/uploads\/2017\/04\/Marc-Antoine-1-h-43-mn-06-s-semi-de-mulhouse-2017-191x300.jpg\" alt=\"\" width=\"253\" height=\"398\" srcset=\"https:\/\/cgfm.fr\/cgfmwp\/wp-content\/uploads\/2017\/04\/Marc-Antoine-1-h-43-mn-06-s-semi-de-mulhouse-2017-191x300.jpg 191w, https:\/\/cgfm.fr\/cgfmwp\/wp-content\/uploads\/2017\/04\/Marc-Antoine-1-h-43-mn-06-s-semi-de-mulhouse-2017.jpg 489w\" sizes=\"auto, (max-width: 253px) 100vw, 253px\" \/><\/a><\/p>\n<\/blockquote>\n<p style=\"text-align: left;\"><strong>R\u00e9sultats d\u00e9taill\u00e9s\u00a0<\/strong>(dans un d\u00e9sordre complet&#8230;)<\/p>\n<p style=\"text-align: center;\"><a href=\"https:\/\/cgfm.fr\/cgfmwp\/wp-content\/uploads\/2017\/04\/2.png\"><img loading=\"lazy\" decoding=\"async\" class=\" wp-image-561 alignleft\" src=\"https:\/\/cgfm.fr\/cgfmwp\/wp-content\/uploads\/2017\/04\/2-259x300.png\" alt=\"\" width=\"363\" height=\"420\" \/><\/a><\/p>\n<p><a href=\"https:\/\/cgfm.fr\/cgfmwp\/wp-content\/uploads\/2017\/04\/1.png\"><img loading=\"lazy\" decoding=\"async\" class=\"alignnone size-medium wp-image-560\" src=\"https:\/\/cgfm.fr\/cgfmwp\/wp-content\/uploads\/2017\/04\/1-300x25.png\" alt=\"\" width=\"300\" height=\"25\" \/><\/a><\/p>\n<p><a href=\"https:\/\/cgfm.fr\/cgfmwp\/wp-content\/uploads\/2017\/04\/3.png\"><img loading=\"lazy\" decoding=\"async\" class=\"alignnone wp-image-562\" src=\"https:\/\/cgfm.fr\/cgfmwp\/wp-content\/uploads\/2017\/04\/3-300x45.png\" alt=\"\" width=\"327\" height=\"49\" \/><\/a><a href=\"https:\/\/cgfm.fr\/cgfmwp\/wp-content\/uploads\/2017\/04\/4.png\"><img loading=\"lazy\" decoding=\"async\" class=\"alignnone wp-image-563\" src=\"https:\/\/cgfm.fr\/cgfmwp\/wp-content\/uploads\/2017\/04\/4-300x25.png\" alt=\"\" width=\"312\" height=\"26\" \/><\/a><\/p>\n<p>&nbsp;<\/p>\n<p>&nbsp;<\/p>\n<p>&nbsp;<\/p>\n<p>&nbsp;<\/p>\n<p>&nbsp;<\/p>\n<p>&nbsp;<\/p>\n<p>&nbsp;<\/p>\n","protected":false},"excerpt":{"rendered":"<p>&nbsp; F\u00e9licitation \u00e0 nos 18 participants \u00e0 cette premi\u00e8re course sur route de la saison qui parmi les plus de 1000 inscrits ont encore prouv\u00e9s le dynamisme de notre club sur la sc\u00e8ne sportive Mulhousi\u00e8nne \u00a0en alignant au d\u00e9part de cette \u00e9preuve le plus grand nombre d&rsquo;inscrit&#8230; par club ! A l\u2019honneur sur cette \u00e9preuve &hellip; <\/p>\n<p class=\"link-more\"><a href=\"https:\/\/cgfm.fr\/cgfmwp\/resultats-semi-marathon-de-mulhouse\/\" class=\"more-link\">Lire la suite de<span class=\"screen-reader-text\">\u00ab\u00a0R\u00c9SULTATS SEMI-MARATHON DE  MULHOUSE\u00a0\u00bb<\/span><\/a><\/p>\n","protected":false},"author":3,"featured_media":0,"comment_status":"open","ping_status":"open","sticky":false,"template":"","format":"standard","meta":{"footnotes":""},"categories":[6],"tags":[],"class_list":["post-511","post","type-post","status-publish","format-standard","hentry","category-les-resultats-des-cegefemienemiens"],"_links":{"self":[{"href":"https:\/\/cgfm.fr\/cgfmwp\/wp-json\/wp\/v2\/posts\/511","targetHints":{"allow":["GET"]}}],"collection":[{"href":"https:\/\/cgfm.fr\/cgfmwp\/wp-json\/wp\/v2\/posts"}],"about":[{"href":"https:\/\/cgfm.fr\/cgfmwp\/wp-json\/wp\/v2\/types\/post"}],"author":[{"embeddable":true,"href":"https:\/\/cgfm.fr\/cgfmwp\/wp-json\/wp\/v2\/users\/3"}],"replies":[{"embeddable":true,"href":"https:\/\/cgfm.fr\/cgfmwp\/wp-json\/wp\/v2\/comments?post=511"}],"version-history":[{"count":0,"href":"https:\/\/cgfm.fr\/cgfmwp\/wp-json\/wp\/v2\/posts\/511\/revisions"}],"wp:attachment":[{"href":"https:\/\/cgfm.fr\/cgfmwp\/wp-json\/wp\/v2\/media?parent=511"}],"wp:term":[{"taxonomy":"category","embeddable":true,"href":"https:\/\/cgfm.fr\/cgfmwp\/wp-json\/wp\/v2\/categories?post=511"},{"taxonomy":"post_tag","embeddable":true,"href":"https:\/\/cgfm.fr\/cgfmwp\/wp-json\/wp\/v2\/tags?post=511"}],"curies":[{"name":"wp","href":"https:\/\/api.w.org\/{rel}","templated":true}]}}