{"id":474,"date":"2017-03-24T19:09:24","date_gmt":"2017-03-24T18:09:24","guid":{"rendered":"http:\/\/cgfm.fr\/cgfmwp\/?p=474"},"modified":"2019-08-24T10:36:35","modified_gmt":"2019-08-24T08:36:35","slug":"record-de-participation-au-trail-du-petit-ballon-2017","status":"publish","type":"post","link":"https:\/\/cgfm.fr\/cgfmwp\/record-de-participation-au-trail-du-petit-ballon-2017\/","title":{"rendered":"RECORD DE PARTICIPATION AU TRAIL DU PETIT-BALLON 2017"},"content":{"rendered":"<blockquote><p><strong>Fort de 18 participants notre club prouve encore une fois la passion de ces membres pour les courses nature et sa pr\u00e9sence\u00a0sur la sc\u00e8ne sportive r\u00e9gionale\u00a0<\/strong><\/p>\n<p>C&rsquo;est en effet par une m\u00e9t\u00e9o cl\u00e9mente que nos <strong>18 inscrits sur les parcours de 52 \/ 27 et 9 km<\/strong>\u00a0ont relev\u00e9s ces d\u00e9fis en reliant la ligne d&rsquo;arriv\u00e9e dans les classements et temps suivants:<\/p><\/blockquote>\n<p><em><strong>Pour nos 8 inscrits sur 52 km<\/strong><\/em><\/p>\n<figure id=\"attachment_483\" aria-describedby=\"caption-attachment-483\" style=\"width: 335px\" class=\"wp-caption alignnone\"><a href=\"https:\/\/cgfm.fr\/cgfmwp\/wp-content\/uploads\/2017\/03\/20170319-petitballon-186.jpg\"><img loading=\"lazy\" decoding=\"async\" class=\"wp-image-483\" src=\"https:\/\/cgfm.fr\/cgfmwp\/wp-content\/uploads\/2017\/03\/20170319-petitballon-186-300x227.jpg\" alt=\"\" width=\"335\" height=\"254\" srcset=\"https:\/\/cgfm.fr\/cgfmwp\/wp-content\/uploads\/2017\/03\/20170319-petitballon-186-300x227.jpg 300w, https:\/\/cgfm.fr\/cgfmwp\/wp-content\/uploads\/2017\/03\/20170319-petitballon-186.jpg 405w\" sizes=\"auto, (max-width: 335px) 100vw, 335px\" \/><\/a><figcaption id=\"caption-attachment-483\" class=\"wp-caption-text\"><strong>Fred \u00a0<\/strong>185e en 5 h 56<\/figcaption><\/figure>\n<figure id=\"attachment_485\" aria-describedby=\"caption-attachment-485\" style=\"width: 333px\" class=\"wp-caption alignnone\"><a href=\"https:\/\/cgfm.fr\/cgfmwp\/wp-content\/uploads\/2017\/03\/mathieu-mickael-eric.jpg\"><img loading=\"lazy\" decoding=\"async\" class=\"wp-image-485\" src=\"https:\/\/cgfm.fr\/cgfmwp\/wp-content\/uploads\/2017\/03\/mathieu-mickael-eric-300x171.jpg\" alt=\"\" width=\"333\" height=\"190\" srcset=\"https:\/\/cgfm.fr\/cgfmwp\/wp-content\/uploads\/2017\/03\/mathieu-mickael-eric-300x171.jpg 300w, https:\/\/cgfm.fr\/cgfmwp\/wp-content\/uploads\/2017\/03\/mathieu-mickael-eric-768x439.jpg 768w, https:\/\/cgfm.fr\/cgfmwp\/wp-content\/uploads\/2017\/03\/mathieu-mickael-eric-1024x585.jpg 1024w\" sizes=\"auto, (max-width: 333px) 100vw, 333px\" \/><\/a><figcaption id=\"caption-attachment-485\" class=\"wp-caption-text\"><strong>Mathieu<\/strong>\u00a0<strong>et Eric<\/strong> 305e et 306e en 6 h 17 \u00a0<strong>\u00a0 \u00a0Michael<\/strong> 313e en 6 h 18<\/figcaption><\/figure>\n<figure id=\"attachment_486\" aria-describedby=\"caption-attachment-486\" style=\"width: 228px\" class=\"wp-caption alignnone\"><a href=\"https:\/\/cgfm.fr\/cgfmwp\/wp-content\/uploads\/2017\/03\/20170319-petitballon-304.jpg\"><img loading=\"lazy\" decoding=\"async\" class=\"wp-image-486\" src=\"https:\/\/cgfm.fr\/cgfmwp\/wp-content\/uploads\/2017\/03\/20170319-petitballon-304-179x300.jpg\" alt=\"\" width=\"228\" height=\"382\" srcset=\"https:\/\/cgfm.fr\/cgfmwp\/wp-content\/uploads\/2017\/03\/20170319-petitballon-304-179x300.jpg 179w, https:\/\/cgfm.fr\/cgfmwp\/wp-content\/uploads\/2017\/03\/20170319-petitballon-304.jpg 327w\" sizes=\"auto, (max-width: 228px) 100vw, 228px\" \/><\/a><figcaption id=\"caption-attachment-486\" class=\"wp-caption-text\"><strong>Sam<\/strong> \u00a0497e en 6 h 48<\/figcaption><\/figure>\n<figure id=\"attachment_487\" aria-describedby=\"caption-attachment-487\" style=\"width: 226px\" class=\"wp-caption alignnone\"><a href=\"https:\/\/cgfm.fr\/cgfmwp\/wp-content\/uploads\/2017\/03\/12189897_1517248778592395_9058506600857138446_n.jpg\"><img loading=\"lazy\" decoding=\"async\" class=\"wp-image-487\" src=\"https:\/\/cgfm.fr\/cgfmwp\/wp-content\/uploads\/2017\/03\/12189897_1517248778592395_9058506600857138446_n-266x300.jpg\" alt=\"\" width=\"226\" height=\"255\" srcset=\"https:\/\/cgfm.fr\/cgfmwp\/wp-content\/uploads\/2017\/03\/12189897_1517248778592395_9058506600857138446_n-266x300.jpg 266w, https:\/\/cgfm.fr\/cgfmwp\/wp-content\/uploads\/2017\/03\/12189897_1517248778592395_9058506600857138446_n.jpg 506w\" sizes=\"auto, (max-width: 226px) 100vw, 226px\" \/><\/a><figcaption id=\"caption-attachment-487\" class=\"wp-caption-text\"><strong>Didier<\/strong> \u00a0771e en 7 h 40<\/figcaption><\/figure>\n<figure id=\"attachment_488\" aria-describedby=\"caption-attachment-488\" style=\"width: 226px\" class=\"wp-caption alignnone\"><a href=\"https:\/\/cgfm.fr\/cgfmwp\/wp-content\/uploads\/2017\/03\/12238426_144016359289728_3294200909850834126_o.jpg\"><img loading=\"lazy\" decoding=\"async\" class=\"wp-image-488\" src=\"https:\/\/cgfm.fr\/cgfmwp\/wp-content\/uploads\/2017\/03\/12238426_144016359289728_3294200909850834126_o-240x300.jpg\" alt=\"\" width=\"226\" height=\"283\" srcset=\"https:\/\/cgfm.fr\/cgfmwp\/wp-content\/uploads\/2017\/03\/12238426_144016359289728_3294200909850834126_o-240x300.jpg 240w, https:\/\/cgfm.fr\/cgfmwp\/wp-content\/uploads\/2017\/03\/12238426_144016359289728_3294200909850834126_o-768x961.jpg 768w, https:\/\/cgfm.fr\/cgfmwp\/wp-content\/uploads\/2017\/03\/12238426_144016359289728_3294200909850834126_o-819x1024.jpg 819w, https:\/\/cgfm.fr\/cgfmwp\/wp-content\/uploads\/2017\/03\/12238426_144016359289728_3294200909850834126_o.jpg 821w\" sizes=\"auto, (max-width: 226px) 100vw, 226px\" \/><\/a><figcaption id=\"caption-attachment-488\" class=\"wp-caption-text\"><strong>Albert<\/strong> \u00a0812e en 7 h 50<\/figcaption><\/figure>\n<figure id=\"attachment_489\" aria-describedby=\"caption-attachment-489\" style=\"width: 137px\" class=\"wp-caption alignnone\"><a href=\"https:\/\/cgfm.fr\/cgfmwp\/wp-content\/uploads\/2017\/03\/michel-frechin.jpg\"><img loading=\"lazy\" decoding=\"async\" class=\"wp-image-489\" src=\"https:\/\/cgfm.fr\/cgfmwp\/wp-content\/uploads\/2017\/03\/michel-frechin-168x300.jpg\" alt=\"\" width=\"137\" height=\"245\" srcset=\"https:\/\/cgfm.fr\/cgfmwp\/wp-content\/uploads\/2017\/03\/michel-frechin-168x300.jpg 168w, https:\/\/cgfm.fr\/cgfmwp\/wp-content\/uploads\/2017\/03\/michel-frechin.jpg 170w\" sizes=\"auto, (max-width: 137px) 100vw, 137px\" \/><\/a><figcaption id=\"caption-attachment-489\" class=\"wp-caption-text\"><strong>Michel<\/strong> \u00a0831e en 7 h 53<\/figcaption><\/figure>\n<p><em><strong>Pour nos 6 inscrits sur 27 km<\/strong><\/em><\/p>\n<figure id=\"attachment_499\" aria-describedby=\"caption-attachment-499\" style=\"width: 374px\" class=\"wp-caption alignnone\"><a href=\"https:\/\/cgfm.fr\/cgfmwp\/wp-content\/uploads\/2017\/03\/20170319-grandscrus-094.jpg\"><img loading=\"lazy\" decoding=\"async\" class=\"wp-image-499\" src=\"https:\/\/cgfm.fr\/cgfmwp\/wp-content\/uploads\/2017\/03\/20170319-grandscrus-094-300x191.jpg\" alt=\"\" width=\"374\" height=\"238\" srcset=\"https:\/\/cgfm.fr\/cgfmwp\/wp-content\/uploads\/2017\/03\/20170319-grandscrus-094-300x191.jpg 300w, https:\/\/cgfm.fr\/cgfmwp\/wp-content\/uploads\/2017\/03\/20170319-grandscrus-094.jpg 477w\" sizes=\"auto, (max-width: 374px) 100vw, 374px\" \/><\/a><figcaption id=\"caption-attachment-499\" class=\"wp-caption-text\"><strong>\u00a0Fred<\/strong> \u00a085e en 2 h 15<\/figcaption><\/figure>\n<figure id=\"attachment_500\" aria-describedby=\"caption-attachment-500\" style=\"width: 371px\" class=\"wp-caption alignnone\"><a href=\"https:\/\/cgfm.fr\/cgfmwp\/wp-content\/uploads\/2017\/03\/20170319-grandscrus-097.jpg\"><img loading=\"lazy\" decoding=\"async\" class=\"wp-image-500\" src=\"https:\/\/cgfm.fr\/cgfmwp\/wp-content\/uploads\/2017\/03\/20170319-grandscrus-097-300x212.jpg\" alt=\"\" width=\"371\" height=\"262\" srcset=\"https:\/\/cgfm.fr\/cgfmwp\/wp-content\/uploads\/2017\/03\/20170319-grandscrus-097-300x212.jpg 300w, https:\/\/cgfm.fr\/cgfmwp\/wp-content\/uploads\/2017\/03\/20170319-grandscrus-097.jpg 466w\" sizes=\"auto, (max-width: 371px) 100vw, 371px\" \/><\/a><figcaption id=\"caption-attachment-500\" class=\"wp-caption-text\"><strong>\u00a0Didier<\/strong> 101e en 2 h 17<\/figcaption><\/figure>\n<p>C\u00e9line 483e en 2 h 54<\/p>\n<figure id=\"attachment_501\" aria-describedby=\"caption-attachment-501\" style=\"width: 367px\" class=\"wp-caption alignnone\"><a href=\"https:\/\/cgfm.fr\/cgfmwp\/wp-content\/uploads\/2017\/03\/michel.jpg\"><img loading=\"lazy\" decoding=\"async\" class=\"wp-image-501\" src=\"https:\/\/cgfm.fr\/cgfmwp\/wp-content\/uploads\/2017\/03\/michel-300x153.jpg\" alt=\"\" width=\"367\" height=\"187\" srcset=\"https:\/\/cgfm.fr\/cgfmwp\/wp-content\/uploads\/2017\/03\/michel-300x153.jpg 300w, https:\/\/cgfm.fr\/cgfmwp\/wp-content\/uploads\/2017\/03\/michel-768x391.jpg 768w, https:\/\/cgfm.fr\/cgfmwp\/wp-content\/uploads\/2017\/03\/michel-1024x521.jpg 1024w, https:\/\/cgfm.fr\/cgfmwp\/wp-content\/uploads\/2017\/03\/michel.jpg 1661w\" sizes=\"auto, (max-width: 367px) 100vw, 367px\" \/><\/a><figcaption id=\"caption-attachment-501\" class=\"wp-caption-text\"><strong>\u00a0Michel<\/strong> 489e en 2 h 54<\/figcaption><\/figure>\n<p>Erwan 765e en 3 h 13<\/p>\n<p>St\u00e9phanie 992e en 3 h 33<\/p>\n<p><em><strong>Pour nos 5 inscrites sur 9 km<\/strong><\/em><\/p>\n<figure id=\"attachment_506\" aria-describedby=\"caption-attachment-506\" style=\"width: 381px\" class=\"wp-caption alignnone\"><a href=\"https:\/\/cgfm.fr\/cgfmwp\/wp-content\/uploads\/2017\/03\/trail-de-rouffach.jpg\"><img loading=\"lazy\" decoding=\"async\" class=\"wp-image-506 \" src=\"https:\/\/cgfm.fr\/cgfmwp\/wp-content\/uploads\/2017\/03\/trail-de-rouffach-300x169.jpg\" alt=\"\" width=\"381\" height=\"215\" srcset=\"https:\/\/cgfm.fr\/cgfmwp\/wp-content\/uploads\/2017\/03\/trail-de-rouffach-300x169.jpg 300w, https:\/\/cgfm.fr\/cgfmwp\/wp-content\/uploads\/2017\/03\/trail-de-rouffach.jpg 640w\" sizes=\"auto, (max-width: 381px) 100vw, 381px\" \/><\/a><figcaption id=\"caption-attachment-506\" class=\"wp-caption-text\"><strong>Audrey<\/strong> 566e \/ 1 h 09 \u00a0<strong>Maryline<\/strong> 439e \/ 1 h 04 <strong>Gaelle\u00a0<\/strong>312e \/ 59 mn<\/figcaption><\/figure>\n<p><a href=\"https:\/\/cgfm.fr\/cgfmwp\/wp-content\/uploads\/2017\/03\/Gaelle-2.jpg\"><img loading=\"lazy\" decoding=\"async\" class=\"alignnone size-medium wp-image-505\" src=\"https:\/\/cgfm.fr\/cgfmwp\/wp-content\/uploads\/2017\/03\/Gaelle-2-220x300.jpg\" alt=\"\" width=\"220\" height=\"300\" srcset=\"https:\/\/cgfm.fr\/cgfmwp\/wp-content\/uploads\/2017\/03\/Gaelle-2-220x300.jpg 220w, https:\/\/cgfm.fr\/cgfmwp\/wp-content\/uploads\/2017\/03\/Gaelle-2.jpg 268w\" sizes=\"auto, (max-width: 220px) 100vw, 220px\" \/><\/a><\/p>\n<figure id=\"attachment_508\" aria-describedby=\"caption-attachment-508\" style=\"width: 383px\" class=\"wp-caption alignnone\"><a href=\"https:\/\/cgfm.fr\/cgfmwp\/wp-content\/uploads\/2017\/03\/mini-trail-de-l\u00e2ne-19.03.jpg\"><img loading=\"lazy\" decoding=\"async\" class=\"wp-image-508\" src=\"https:\/\/cgfm.fr\/cgfmwp\/wp-content\/uploads\/2017\/03\/mini-trail-de-l\u00e2ne-19.03-300x225.jpg\" alt=\"\" width=\"383\" height=\"287\" srcset=\"https:\/\/cgfm.fr\/cgfmwp\/wp-content\/uploads\/2017\/03\/mini-trail-de-l\u00e2ne-19.03-300x225.jpg 300w, https:\/\/cgfm.fr\/cgfmwp\/wp-content\/uploads\/2017\/03\/mini-trail-de-l\u00e2ne-19.03-768x576.jpg 768w, https:\/\/cgfm.fr\/cgfmwp\/wp-content\/uploads\/2017\/03\/mini-trail-de-l\u00e2ne-19.03-1024x768.jpg 1024w\" sizes=\"auto, (max-width: 383px) 100vw, 383px\" \/><\/a><figcaption id=\"caption-attachment-508\" class=\"wp-caption-text\"><strong>Anne et Chlo\u00e9<\/strong> 502e et 503e en 1 h 07<\/figcaption><\/figure>\n<p>&nbsp;<\/p>\n<p>&nbsp;<\/p>\n<p>&nbsp;<\/p>\n<p>&nbsp;<\/p>\n","protected":false},"excerpt":{"rendered":"<p>Fort de 18 participants notre club prouve encore une fois la passion de ces membres pour les courses nature et sa pr\u00e9sence\u00a0sur la sc\u00e8ne sportive r\u00e9gionale\u00a0 C&rsquo;est en effet par une m\u00e9t\u00e9o cl\u00e9mente que nos 18 inscrits sur les parcours de 52 \/ 27 et 9 km\u00a0ont relev\u00e9s ces d\u00e9fis en reliant la ligne d&rsquo;arriv\u00e9e &hellip; <\/p>\n<p class=\"link-more\"><a href=\"https:\/\/cgfm.fr\/cgfmwp\/record-de-participation-au-trail-du-petit-ballon-2017\/\" class=\"more-link\">Lire la suite de<span class=\"screen-reader-text\">\u00ab\u00a0RECORD DE PARTICIPATION AU TRAIL DU PETIT-BALLON 2017\u00a0\u00bb<\/span><\/a><\/p>\n","protected":false},"author":3,"featured_media":0,"comment_status":"open","ping_status":"open","sticky":false,"template":"","format":"standard","meta":{"footnotes":""},"categories":[6],"tags":[],"class_list":["post-474","post","type-post","status-publish","format-standard","hentry","category-les-resultats-des-cegefemienemiens"],"_links":{"self":[{"href":"https:\/\/cgfm.fr\/cgfmwp\/wp-json\/wp\/v2\/posts\/474","targetHints":{"allow":["GET"]}}],"collection":[{"href":"https:\/\/cgfm.fr\/cgfmwp\/wp-json\/wp\/v2\/posts"}],"about":[{"href":"https:\/\/cgfm.fr\/cgfmwp\/wp-json\/wp\/v2\/types\/post"}],"author":[{"embeddable":true,"href":"https:\/\/cgfm.fr\/cgfmwp\/wp-json\/wp\/v2\/users\/3"}],"replies":[{"embeddable":true,"href":"https:\/\/cgfm.fr\/cgfmwp\/wp-json\/wp\/v2\/comments?post=474"}],"version-history":[{"count":0,"href":"https:\/\/cgfm.fr\/cgfmwp\/wp-json\/wp\/v2\/posts\/474\/revisions"}],"wp:attachment":[{"href":"https:\/\/cgfm.fr\/cgfmwp\/wp-json\/wp\/v2\/media?parent=474"}],"wp:term":[{"taxonomy":"category","embeddable":true,"href":"https:\/\/cgfm.fr\/cgfmwp\/wp-json\/wp\/v2\/categories?post=474"},{"taxonomy":"post_tag","embeddable":true,"href":"https:\/\/cgfm.fr\/cgfmwp\/wp-json\/wp\/v2\/tags?post=474"}],"curies":[{"name":"wp","href":"https:\/\/api.w.org\/{rel}","templated":true}]}}