{"id":429,"date":"2017-02-27T09:56:41","date_gmt":"2017-02-27T08:56:41","guid":{"rendered":"http:\/\/cgfm.fr\/cgfmwp\/?p=429"},"modified":"2019-08-24T10:05:15","modified_gmt":"2019-08-24T08:05:15","slug":"trail-hivernal-de-la-moselotte-2017","status":"publish","type":"post","link":"https:\/\/cgfm.fr\/cgfmwp\/trail-hivernal-de-la-moselotte-2017\/","title":{"rendered":"TRAIL HIVERNAL DE LA MOSELOTTE 2017"},"content":{"rendered":"<p><strong>Apr\u00e8s les podiums de Didier et Jean-Marie sur les distances de 28 et 14 km, sans oublier la participation d&rsquo;Erwan au 28<\/strong> <strong>km,<\/strong> <strong>notre \u00e9quipe d&rsquo;ultra traileurs inscrits sur la premi\u00e8re \u00e9dition du Grand Trail de la Moselotte et ces 42 km nous gratifie de tr\u00e8s belles performances.<\/strong><\/p>\n<p>Bravo \u00e0 Sam, Eric, Fr\u00e9d\u00e9ric, et Mickael<\/p>\n<p><a href=\"https:\/\/cgfm.fr\/cgfmwp\/wp-content\/uploads\/2017\/02\/20170219_123803-Copier.jpg\"><img loading=\"lazy\" decoding=\"async\" class=\"alignnone wp-image-442\" src=\"https:\/\/cgfm.fr\/cgfmwp\/wp-content\/uploads\/2017\/02\/20170219_123803-Copier-300x240.jpg\" alt=\"\" width=\"443\" height=\"354\" srcset=\"https:\/\/cgfm.fr\/cgfmwp\/wp-content\/uploads\/2017\/02\/20170219_123803-Copier-300x240.jpg 300w, https:\/\/cgfm.fr\/cgfmwp\/wp-content\/uploads\/2017\/02\/20170219_123803-Copier.jpg 723w\" sizes=\"auto, (max-width: 443px) 100vw, 443px\" \/><\/a><\/p>\n<ul>\n<li style=\"text-align: left;\">En \u00a044e position dans un temps de 4h53&Prime; <strong>Frederic Jeanpierre<\/strong> termine les 42 km <strong>8e <\/strong>de sa cat\u00e9gorie<strong> \u00a0\u00a0<a href=\"https:\/\/cgfm.fr\/cgfmwp\/wp-content\/uploads\/2017\/02\/fred-1.jpg\"><img loading=\"lazy\" decoding=\"async\" class=\"alignnone wp-image-430\" src=\"https:\/\/cgfm.fr\/cgfmwp\/wp-content\/uploads\/2017\/02\/fred-1-300x200.jpg\" alt=\"\" width=\"423\" height=\"282\" srcset=\"https:\/\/cgfm.fr\/cgfmwp\/wp-content\/uploads\/2017\/02\/fred-1-300x200.jpg 300w, https:\/\/cgfm.fr\/cgfmwp\/wp-content\/uploads\/2017\/02\/fred-1-768x512.jpg 768w, https:\/\/cgfm.fr\/cgfmwp\/wp-content\/uploads\/2017\/02\/fred-1-1024x683.jpg 1024w, https:\/\/cgfm.fr\/cgfmwp\/wp-content\/uploads\/2017\/02\/fred-1.jpg 1920w\" sizes=\"auto, (max-width: 423px) 100vw, 423px\" \/><\/a><\/strong><\/li>\n<li style=\"text-align: left;\">En \u00a063e position dans un temps de 5h06&Prime; \u00a0<strong>Michael Francony<\/strong>\u00a0\u00a0 termine les 42 km <strong>35e <\/strong>de sa cat\u00e9gorie \u00a0<a href=\"https:\/\/cgfm.fr\/cgfmwp\/wp-content\/uploads\/2017\/02\/Mika-1.jpg\"><img loading=\"lazy\" decoding=\"async\" class=\"alignnone wp-image-431\" src=\"https:\/\/cgfm.fr\/cgfmwp\/wp-content\/uploads\/2017\/02\/Mika-1-300x200.jpg\" alt=\"\" width=\"423\" height=\"282\" srcset=\"https:\/\/cgfm.fr\/cgfmwp\/wp-content\/uploads\/2017\/02\/Mika-1-300x200.jpg 300w, https:\/\/cgfm.fr\/cgfmwp\/wp-content\/uploads\/2017\/02\/Mika-1-768x512.jpg 768w, https:\/\/cgfm.fr\/cgfmwp\/wp-content\/uploads\/2017\/02\/Mika-1-1024x683.jpg 1024w, https:\/\/cgfm.fr\/cgfmwp\/wp-content\/uploads\/2017\/02\/Mika-1.jpg 1920w\" sizes=\"auto, (max-width: 423px) 100vw, 423px\" \/><\/a><\/li>\n<li style=\"text-align: left;\">En \u00a081e position dans un temps de 5h23&Prime; <b>Eric Vernet<\/b>\u00a0termine les 42 km <strong>5e <\/strong>de sa cat\u00e9gorie<strong> \u00a0\u00a0<a href=\"https:\/\/cgfm.fr\/cgfmwp\/wp-content\/uploads\/2017\/02\/Eric-1.jpg\"><img loading=\"lazy\" decoding=\"async\" class=\"alignnone wp-image-433\" src=\"https:\/\/cgfm.fr\/cgfmwp\/wp-content\/uploads\/2017\/02\/Eric-1-300x200.jpg\" alt=\"\" width=\"422\" height=\"281\" srcset=\"https:\/\/cgfm.fr\/cgfmwp\/wp-content\/uploads\/2017\/02\/Eric-1-300x200.jpg 300w, https:\/\/cgfm.fr\/cgfmwp\/wp-content\/uploads\/2017\/02\/Eric-1-768x512.jpg 768w, https:\/\/cgfm.fr\/cgfmwp\/wp-content\/uploads\/2017\/02\/Eric-1-1024x683.jpg 1024w, https:\/\/cgfm.fr\/cgfmwp\/wp-content\/uploads\/2017\/02\/Eric-1.jpg 1920w\" sizes=\"auto, (max-width: 422px) 100vw, 422px\" \/><\/a><\/strong><\/li>\n<li style=\"text-align: left;\">En \u00a088e position dans un temps de 5h31&Prime; <b>Samuel N&rsquo;Noruka\u00a0<\/b>termine les 42 km <strong>15e <\/strong>de sa cat\u00e9gorie \u00a0<strong>\u00a0<a href=\"https:\/\/cgfm.fr\/cgfmwp\/wp-content\/uploads\/2017\/02\/sam-1.jpg\"><img loading=\"lazy\" decoding=\"async\" class=\"alignnone wp-image-434\" src=\"https:\/\/cgfm.fr\/cgfmwp\/wp-content\/uploads\/2017\/02\/sam-1-300x200.jpg\" alt=\"\" width=\"422\" height=\"281\" srcset=\"https:\/\/cgfm.fr\/cgfmwp\/wp-content\/uploads\/2017\/02\/sam-1-300x200.jpg 300w, https:\/\/cgfm.fr\/cgfmwp\/wp-content\/uploads\/2017\/02\/sam-1-768x512.jpg 768w, https:\/\/cgfm.fr\/cgfmwp\/wp-content\/uploads\/2017\/02\/sam-1-1024x683.jpg 1024w, https:\/\/cgfm.fr\/cgfmwp\/wp-content\/uploads\/2017\/02\/sam-1.jpg 1920w\" sizes=\"auto, (max-width: 422px) 100vw, 422px\" \/><\/a><\/strong><\/li>\n<\/ul>\n<p><strong>Encore un grand BRAVO pour ces belles performances qui confirment le dynamisme de notre club sur ce type d\u2019\u00e9preuves&#8230;<\/strong><\/p>\n<p>Rendez-vous sur les prochaines courses avec encore plus de plaisir et souhaitons que nos repr\u00e9sentantes f\u00e9minine soient de la partie.<\/p>\n<p>&nbsp;<\/p>\n","protected":false},"excerpt":{"rendered":"<p>Apr\u00e8s les podiums de Didier et Jean-Marie sur les distances de 28 et 14 km, sans oublier la participation d&rsquo;Erwan au 28 km, notre \u00e9quipe d&rsquo;ultra traileurs inscrits sur la premi\u00e8re \u00e9dition du Grand Trail de la Moselotte et ces 42 km nous gratifie de tr\u00e8s belles performances. Bravo \u00e0 Sam, Eric, Fr\u00e9d\u00e9ric, et Mickael &hellip; <\/p>\n<p class=\"link-more\"><a href=\"https:\/\/cgfm.fr\/cgfmwp\/trail-hivernal-de-la-moselotte-2017\/\" class=\"more-link\">Lire la suite de<span class=\"screen-reader-text\">\u00ab\u00a0TRAIL HIVERNAL DE LA MOSELOTTE 2017\u00a0\u00bb<\/span><\/a><\/p>\n","protected":false},"author":3,"featured_media":0,"comment_status":"open","ping_status":"open","sticky":false,"template":"","format":"standard","meta":{"footnotes":""},"categories":[6],"tags":[],"class_list":["post-429","post","type-post","status-publish","format-standard","hentry","category-les-resultats-des-cegefemienemiens"],"_links":{"self":[{"href":"https:\/\/cgfm.fr\/cgfmwp\/wp-json\/wp\/v2\/posts\/429","targetHints":{"allow":["GET"]}}],"collection":[{"href":"https:\/\/cgfm.fr\/cgfmwp\/wp-json\/wp\/v2\/posts"}],"about":[{"href":"https:\/\/cgfm.fr\/cgfmwp\/wp-json\/wp\/v2\/types\/post"}],"author":[{"embeddable":true,"href":"https:\/\/cgfm.fr\/cgfmwp\/wp-json\/wp\/v2\/users\/3"}],"replies":[{"embeddable":true,"href":"https:\/\/cgfm.fr\/cgfmwp\/wp-json\/wp\/v2\/comments?post=429"}],"version-history":[{"count":0,"href":"https:\/\/cgfm.fr\/cgfmwp\/wp-json\/wp\/v2\/posts\/429\/revisions"}],"wp:attachment":[{"href":"https:\/\/cgfm.fr\/cgfmwp\/wp-json\/wp\/v2\/media?parent=429"}],"wp:term":[{"taxonomy":"category","embeddable":true,"href":"https:\/\/cgfm.fr\/cgfmwp\/wp-json\/wp\/v2\/categories?post=429"},{"taxonomy":"post_tag","embeddable":true,"href":"https:\/\/cgfm.fr\/cgfmwp\/wp-json\/wp\/v2\/tags?post=429"}],"curies":[{"name":"wp","href":"https:\/\/api.w.org\/{rel}","templated":true}]}}