{"id":306,"date":"2016-12-11T20:50:36","date_gmt":"2016-12-11T20:50:36","guid":{"rendered":"http:\/\/cgfm.fr\/cgfmwp\/?p=306"},"modified":"2016-12-11T20:50:36","modified_gmt":"2016-12-11T20:50:36","slug":"felicitation-a-nos-coureurs-du-trophee-des-vosges","status":"publish","type":"post","link":"https:\/\/cgfm.fr\/cgfmwp\/felicitation-a-nos-coureurs-du-trophee-des-vosges\/","title":{"rendered":"F\u00c9LICITATION A NOS COUREURS DU TROPH\u00c9E DES VOSGES"},"content":{"rendered":"<p><strong>Classement final du Troph\u00e9e des Vosges \u00ab\u00a0montagne\u00a0\u00bb 2016<\/strong><\/p>\n<hr \/>\n<ul>\n<li><strong>14e<\/strong> BOCQUEL Didier V2M<\/li>\n<\/ul>\n<p><a href=\"https:\/\/cgfm.fr\/cgfmwp\/wp-content\/uploads\/2016\/12\/Didier-Trail-de-la-Moselotte-2016.jpg\"><img loading=\"lazy\" decoding=\"async\" class=\"alignnone  wp-image-268\" src=\"https:\/\/cgfm.fr\/cgfmwp\/wp-content\/uploads\/2016\/12\/Didier-Trail-de-la-Moselotte-2016-300x186.jpg\" alt=\"didier-trail-de-la-moselotte-2016\" width=\"306\" height=\"190\" srcset=\"https:\/\/cgfm.fr\/cgfmwp\/wp-content\/uploads\/2016\/12\/Didier-Trail-de-la-Moselotte-2016-300x186.jpg 300w, https:\/\/cgfm.fr\/cgfmwp\/wp-content\/uploads\/2016\/12\/Didier-Trail-de-la-Moselotte-2016.jpg 592w\" sizes=\"auto, (max-width: 306px) 100vw, 306px\" \/><\/a><\/p>\n<ul>\n<li><strong>20e<\/strong> BIHR Fr\u00e9deric V1M<\/li>\n<\/ul>\n<p><a href=\"https:\/\/cgfm.fr\/cgfmwp\/wp-content\/uploads\/2016\/12\/FRED-2.png\"><img loading=\"lazy\" decoding=\"async\" class=\"alignnone  wp-image-316\" src=\"https:\/\/cgfm.fr\/cgfmwp\/wp-content\/uploads\/2016\/12\/FRED-2-171x300.png\" alt=\"fred-2\" width=\"186\" height=\"326\" \/><\/a><\/p>\n<hr \/>\n<p><strong>Classement par \u00e9quipes Troph\u00e9e des Vosges 2016<\/strong><\/p>\n<p><strong>Podium et 3e<\/strong>\u00a0<strong>place<\/strong> BIHR F \/\u00a0GADEIX JM \/\u00a0BOCQUEL D \/\u00a0GADEIX J<\/p>\n<p><a href=\"https:\/\/cgfm.fr\/cgfmwp\/wp-content\/uploads\/2016\/12\/20161203-tdv-031-1.jpg\"><img loading=\"lazy\" decoding=\"async\" class=\"alignnone size-medium wp-image-311\" src=\"https:\/\/cgfm.fr\/cgfmwp\/wp-content\/uploads\/2016\/12\/20161203-tdv-031-1-300x234.jpg\" alt=\"20161203-tdv-031\" width=\"300\" height=\"234\" srcset=\"https:\/\/cgfm.fr\/cgfmwp\/wp-content\/uploads\/2016\/12\/20161203-tdv-031-1-300x234.jpg 300w, https:\/\/cgfm.fr\/cgfmwp\/wp-content\/uploads\/2016\/12\/20161203-tdv-031-1.jpg 505w\" sizes=\"auto, (max-width: 300px) 100vw, 300px\" \/><\/a><\/p>\n<hr \/>\n<p><strong>Classement 2016 par cat\u00e9gorie<\/strong><\/p>\n<p><strong>Podium et 2e Place en cat\u00e9gorie V2M <\/strong>BOCQUEL Didier<\/p>\n<p><a href=\"https:\/\/cgfm.fr\/cgfmwp\/wp-content\/uploads\/2016\/12\/20161203-tdv-008.jpg\"><img loading=\"lazy\" decoding=\"async\" class=\"alignnone size-medium wp-image-313\" src=\"https:\/\/cgfm.fr\/cgfmwp\/wp-content\/uploads\/2016\/12\/20161203-tdv-008-300x238.jpg\" alt=\"20161203-tdv-008\" width=\"300\" height=\"238\" srcset=\"https:\/\/cgfm.fr\/cgfmwp\/wp-content\/uploads\/2016\/12\/20161203-tdv-008-300x238.jpg 300w, https:\/\/cgfm.fr\/cgfmwp\/wp-content\/uploads\/2016\/12\/20161203-tdv-008.jpg 502w\" sizes=\"auto, (max-width: 300px) 100vw, 300px\" \/><\/a><\/p>\n<hr \/>\n<p><strong>Classement 2016 par cat\u00e9gorie<\/strong><\/p>\n<ul>\n<li><strong>Cat\u00e9gorie: SEM \/\u00a0<\/strong>14e GADEIX J\u00e9r\u00f4me<\/li>\n<li><strong>Cat\u00e9gorie: V1M \/\u00a0<\/strong>8e BIHR Fr\u00e9deric<\/li>\n<li><strong>Cat\u00e9gorie: V3M \/\u00a0<\/strong>4e GADEIX Jean Marie<\/li>\n<\/ul>\n","protected":false},"excerpt":{"rendered":"<p>Classement final du Troph\u00e9e des Vosges \u00ab\u00a0montagne\u00a0\u00bb 2016 14e BOCQUEL Didier V2M 20e BIHR Fr\u00e9deric V1M Classement par \u00e9quipes Troph\u00e9e des Vosges 2016 Podium et 3e\u00a0place BIHR F \/\u00a0GADEIX JM \/\u00a0BOCQUEL D \/\u00a0GADEIX J Classement 2016 par cat\u00e9gorie Podium et 2e Place en cat\u00e9gorie V2M BOCQUEL Didier Classement 2016 par cat\u00e9gorie Cat\u00e9gorie: SEM \/\u00a014e GADEIX &hellip; <\/p>\n<p class=\"link-more\"><a href=\"https:\/\/cgfm.fr\/cgfmwp\/felicitation-a-nos-coureurs-du-trophee-des-vosges\/\" class=\"more-link\">Lire la suite de<span class=\"screen-reader-text\">\u00ab\u00a0F\u00c9LICITATION A NOS COUREURS DU TROPH\u00c9E DES VOSGES\u00a0\u00bb<\/span><\/a><\/p>\n","protected":false},"author":3,"featured_media":293,"comment_status":"open","ping_status":"open","sticky":false,"template":"","format":"standard","meta":{"footnotes":""},"categories":[6],"tags":[],"class_list":["post-306","post","type-post","status-publish","format-standard","has-post-thumbnail","hentry","category-les-resultats-des-cegefemienemiens"],"_links":{"self":[{"href":"https:\/\/cgfm.fr\/cgfmwp\/wp-json\/wp\/v2\/posts\/306","targetHints":{"allow":["GET"]}}],"collection":[{"href":"https:\/\/cgfm.fr\/cgfmwp\/wp-json\/wp\/v2\/posts"}],"about":[{"href":"https:\/\/cgfm.fr\/cgfmwp\/wp-json\/wp\/v2\/types\/post"}],"author":[{"embeddable":true,"href":"https:\/\/cgfm.fr\/cgfmwp\/wp-json\/wp\/v2\/users\/3"}],"replies":[{"embeddable":true,"href":"https:\/\/cgfm.fr\/cgfmwp\/wp-json\/wp\/v2\/comments?post=306"}],"version-history":[{"count":0,"href":"https:\/\/cgfm.fr\/cgfmwp\/wp-json\/wp\/v2\/posts\/306\/revisions"}],"wp:featuredmedia":[{"embeddable":true,"href":"https:\/\/cgfm.fr\/cgfmwp\/wp-json\/wp\/v2\/media\/293"}],"wp:attachment":[{"href":"https:\/\/cgfm.fr\/cgfmwp\/wp-json\/wp\/v2\/media?parent=306"}],"wp:term":[{"taxonomy":"category","embeddable":true,"href":"https:\/\/cgfm.fr\/cgfmwp\/wp-json\/wp\/v2\/categories?post=306"},{"taxonomy":"post_tag","embeddable":true,"href":"https:\/\/cgfm.fr\/cgfmwp\/wp-json\/wp\/v2\/tags?post=306"}],"curies":[{"name":"wp","href":"https:\/\/api.w.org\/{rel}","templated":true}]}}