{"id":2810,"date":"2021-10-04T18:02:51","date_gmt":"2021-10-04T16:02:51","guid":{"rendered":"http:\/\/cgfm.fr\/cgfmwp\/?p=2810"},"modified":"2021-10-04T21:07:22","modified_gmt":"2021-10-04T19:07:22","slug":"le-trail-du-petit-ballon-2021-et-ses-4-distances","status":"publish","type":"post","link":"https:\/\/cgfm.fr\/cgfmwp\/le-trail-du-petit-ballon-2021-et-ses-4-distances\/","title":{"rendered":"Le Trail du petit ballon 2021 et ses 4 distances"},"content":{"rendered":"<p>A cause des conditions sanitaires actuelles , l&rsquo;\u00e9dition de mars 2021 a \u00e9t\u00e9 report\u00e9e au\u00a0 26 septembre 2021\u00a0 .<\/p>\n<p><a href=\"https:\/\/cgfm.fr\/cgfmwp\/wp-content\/uploads\/2021\/09\/unnamed.jpg\"><img loading=\"lazy\" decoding=\"async\" class=\"alignnone size-medium wp-image-2811\" src=\"https:\/\/cgfm.fr\/cgfmwp\/wp-content\/uploads\/2021\/09\/unnamed-300x300.jpg\" alt=\"\" width=\"300\" height=\"300\" \/><\/a>\u00a0 \u00a0 \u00a0 \u00a0 \u00a0 \u00a0 \u00a0 \u00a0 \u00a0<a href=\"https:\/\/www.trailpetitballon.fr\/\">https:\/\/www.trailpetitballon.fr\/<\/a><\/p>\n<p>4 distances : 56 \/ 28 \/ 16 \/ 8 km .<\/p>\n<h4><strong>10 membres du Cgfm\u00a0<\/strong> ont particip\u00e9 aux diff\u00e9rentes \u00e9preuves dont 2 sur le TRAIL DU PETIT BALLON\u00a0 56 km et 2200 m D + Fred et C\u00e9line qui prends gout aux + que 50 &#8230;<a href=\"https:\/\/cgfm.fr\/cgfmwp\/wp-content\/uploads\/2021\/09\/5ca904b7fb71c25b3bdfa625390cb556-e1632511333128.jpg\"><img loading=\"lazy\" decoding=\"async\" class=\"alignnone wp-image-2797\" src=\"https:\/\/cgfm.fr\/cgfmwp\/wp-content\/uploads\/2021\/09\/5ca904b7fb71c25b3bdfa625390cb556-e1632511333128-300x221.jpg\" alt=\"\" width=\"35\" height=\"26\" srcset=\"https:\/\/cgfm.fr\/cgfmwp\/wp-content\/uploads\/2021\/09\/5ca904b7fb71c25b3bdfa625390cb556-e1632511333128-300x221.jpg 300w, https:\/\/cgfm.fr\/cgfmwp\/wp-content\/uploads\/2021\/09\/5ca904b7fb71c25b3bdfa625390cb556-e1632511333128-768x564.jpg 768w, https:\/\/cgfm.fr\/cgfmwp\/wp-content\/uploads\/2021\/09\/5ca904b7fb71c25b3bdfa625390cb556-e1632511333128.jpg 1000w\" sizes=\"auto, (max-width: 35px) 100vw, 35px\" \/> \u00a0<\/a><\/h4>\n<h3>\u00a0Fred :<\/h3>\n<p><em>\u00ab\u00a0C\u2019\u00e9tait ma neuvi\u00e8me participation au trail du Petit Ballon.<\/em><\/p>\n<p><em>Le parcours a \u00e9t\u00e9 un peu modifi\u00e9 : un peu plus long que d\u2019habitude (pratiquement 56km) et une fin un peu plus casse pattes . Cela reste une course rapide o\u00f9 une grande partie est courue .Il faut donc \u00eatre capable de garder du rythme et de relancer quand il le faut.<\/em><\/p>\n<p><em>J\u2019\u00e9tais tr\u00e8s motiv\u00e9 au d\u00e9part car je voulais d\u00e9dicacer cette course \u00e0 G\u00e9g\u00e9. (il venait chaque ann\u00e9e nous soutenir sur les derniers kilom\u00e8tres).<\/em><\/p>\n<p><em>J\u2019avais le couteau entre les dents au d\u00e9part <a href=\"https:\/\/cgfm.fr\/cgfmwp\/wp-content\/uploads\/2021\/08\/images4-e1632510674340.jpg\"><img loading=\"lazy\" decoding=\"async\" class=\"alignnone wp-image-2634\" src=\"https:\/\/cgfm.fr\/cgfmwp\/wp-content\/uploads\/2021\/08\/images4-e1632510674340.jpg\" alt=\"\" width=\"27\" height=\"26\" srcset=\"https:\/\/cgfm.fr\/cgfmwp\/wp-content\/uploads\/2021\/08\/images4-e1632510674340.jpg 217w, https:\/\/cgfm.fr\/cgfmwp\/wp-content\/uploads\/2021\/08\/images4-e1632510674340-150x150.jpg 150w\" sizes=\"auto, (max-width: 27px) 100vw, 27px\" \/><\/a>car je savais que cela allait partir vite.<\/em><\/p>\n<p><em>J\u2019ai bataill\u00e9 tout au long du parcours pour garder un bonne cadence et j\u2019y ai laiss\u00e9 des plumes mais la r\u00e9compense est l\u00e0\u00a0; je finis 35<sup>\u00e8me<\/sup> au scratch <a href=\"https:\/\/cgfm.fr\/cgfmwp\/wp-content\/uploads\/2019\/05\/bravo-10.gif\"><img loading=\"lazy\" decoding=\"async\" class=\"alignnone wp-image-1347\" src=\"https:\/\/cgfm.fr\/cgfmwp\/wp-content\/uploads\/2019\/05\/bravo-10.gif\" alt=\"\" width=\"82\" height=\"82\" \/><\/a>et 7<sup>\u00e8me<\/sup> de ma cat\u00e9gorie.<\/em><\/p>\n<p><em>L\u2019esprit de G\u00e9g\u00e9 a \u00e9t\u00e9 avec moi.<\/em><\/p>\n<p><em>Maintenant, je me projette d\u00e9j\u00e0 en 2022 o\u00f9 j\u2019ai envie de revivre de belles aventures en ultra.\u00a0\u00bb<\/em><\/p>\n<p><a href=\"https:\/\/cgfm.fr\/cgfmwp\/wp-content\/uploads\/2021\/10\/TPB-septembre-2021-e1633287307497.jpg\"><img loading=\"lazy\" decoding=\"async\" class=\"alignnone size-medium wp-image-2827\" src=\"https:\/\/cgfm.fr\/cgfmwp\/wp-content\/uploads\/2021\/10\/TPB-septembre-2021-e1633287307497-300x246.jpg\" alt=\"\" width=\"300\" height=\"246\" srcset=\"https:\/\/cgfm.fr\/cgfmwp\/wp-content\/uploads\/2021\/10\/TPB-septembre-2021-e1633287307497-300x246.jpg 300w, https:\/\/cgfm.fr\/cgfmwp\/wp-content\/uploads\/2021\/10\/TPB-septembre-2021-e1633287307497.jpg 421w\" sizes=\"auto, (max-width: 300px) 100vw, 300px\" \/><\/a><\/p>\n<h6>Fred\u00a0 \u00a0.<\/h6>\n<h3><strong>\u00a0C\u00e9line<\/strong>\u00a0 :<\/h3>\n<p>pour son 2 -\u00e8me + de 50 km trail\u00a0 ,\u00a0 termine en 7 h et 51 mn\u00a0 et a une belle 213 -\u00e8me place sur 421\u00a0 finishers\u00a0 !!!<\/p>\n<p>son aventure\u00a0 :<\/p>\n<p><em>Que dire du Trail du Petit Ballon? Je suis partag\u00e9e entre un \u00ab bof bof \u00bb et un \u00ab super! \u00bb. &#8211; \u00ab Bof bof \u00bb parce que le parcours comprend beaucoup (trop \u00e0 mon go\u00fbt) de chemins forestiers et par cons\u00e9quent tr\u00e8s peu de point de vue sur notre belle r\u00e9gion. Moi qui aime la lumi\u00e8re et les paysages \u00e0 couper le souffle\u2026pfff\u2026 grosse frustration. Comble du comble: le seul sommet du Trail ( Petit Ballon) \u00e9tait dans les nuages\u2026 triste vie&#x1f600;. &#8211; \u00ab super \u00bb parce que le d\u00e9nivel\u00e9 est tr\u00e8s vari\u00e9 tout au long du parcours, l\u2019organisation est tout simplement parfaite, l\u2019ambiance est au top (b\u00e9n\u00e9voles, supporters, coureurs) \u2026. sans oublier des cadeaux finisher de qualit\u00e9 . Un petit b\u00e9mol pour la petite surprise des organisateurs qui nous ont vendu un Trail de 54km mais qui s\u2019est av\u00e9r\u00e9 \u00eatre plut\u00f4t un 57,5km &#x1f609;. Ce parcours a surtout \u00e9t\u00e9 l\u2019occasion pour moi de travailler mon mental (souvent d\u00e9faillant quand l\u2019ennuie l\u2019emporte) sur ces loooonngs faux plats forestiers: merci au travail plus que laborieux sur piste et sur notre cher anneau de l\u2019UHA. M\u00eame combat &#x1f600;. Je n\u2019oublie pas de remercie Coach Philippe qui m\u2019a patiemment attendu \u00e0 l\u2019arriv\u00e9e malgr\u00e9 la route qui lui restait \u00e0 faire pour rentrer dans sa vall\u00e9e ( et en v\u00e9lo \u2026). Un tel sourire \u00e0 qq m\u00e8tres de l\u2019arriv\u00e9e fait un bien fou. R\u00e9sultat final: 07h50 de course sans bobo suivi d\u2019un lundi sans courbature mais toujours avec cette grosse grosse fringale du lendemain! Je r\u00e9fl\u00e9chis d\u00e9j\u00e0 \u00e0 mon prochain Trail: Belfort Trail?\u00a0<\/em><\/p>\n<p>C\u00e9line<\/p>\n<p><a href=\"https:\/\/cgfm.fr\/cgfmwp\/wp-content\/uploads\/2021\/09\/IMG_1962-scaled.jpg\"><img loading=\"lazy\" decoding=\"async\" class=\"alignnone size-medium wp-image-2812\" src=\"https:\/\/cgfm.fr\/cgfmwp\/wp-content\/uploads\/2021\/09\/IMG_1962-300x225.jpg\" alt=\"\" width=\"300\" height=\"225\" srcset=\"https:\/\/cgfm.fr\/cgfmwp\/wp-content\/uploads\/2021\/09\/IMG_1962-300x225.jpg 300w, https:\/\/cgfm.fr\/cgfmwp\/wp-content\/uploads\/2021\/09\/IMG_1962-1024x768.jpg 1024w, https:\/\/cgfm.fr\/cgfmwp\/wp-content\/uploads\/2021\/09\/IMG_1962-768x576.jpg 768w, https:\/\/cgfm.fr\/cgfmwp\/wp-content\/uploads\/2021\/09\/IMG_1962-1536x1152.jpg 1536w, https:\/\/cgfm.fr\/cgfmwp\/wp-content\/uploads\/2021\/09\/IMG_1962-2048x1536.jpg 2048w\" sizes=\"auto, (max-width: 300px) 100vw, 300px\" \/>pas de photo de C\u00e9line mais un sommet du\u00a0 p&rsquo;tit ballon au loin&#8230;.<\/a><\/p>\n<p>&nbsp;<\/p>\n<h2><strong>Sur le 28 km<\/strong>\u00a0 :<\/h2>\n<p><strong>\u00a0Didier B :\u00a0<\/strong><\/p>\n<p>2 h 48 et 175 -\u00e8me\u00a0 .<\/p>\n<h2><strong>\u00a0Sur le 16 km :<\/strong><\/h2>\n<p><strong>Fredo\u00a0 :\u00a0<\/strong><\/p>\n<p>une belle 26 -\u00e8me place scratch en\u00a0 1 h 21 mn\u00a0 .<\/p>\n<p><strong>\u00a0Michael B :\u00a0<\/strong><span style=\"color: #ff0000;\"><strong>Nouvel arrivant alors\u00a0 : bienvenue au club !<a href=\"https:\/\/cgfm.fr\/cgfmwp\/wp-content\/uploads\/2020\/08\/OIP.jpg\"><img loading=\"lazy\" decoding=\"async\" class=\"alignnone wp-image-2218\" src=\"https:\/\/cgfm.fr\/cgfmwp\/wp-content\/uploads\/2020\/08\/OIP-300x300.jpg\" alt=\"\" width=\"107\" height=\"107\" srcset=\"https:\/\/cgfm.fr\/cgfmwp\/wp-content\/uploads\/2020\/08\/OIP-300x300.jpg 300w, https:\/\/cgfm.fr\/cgfmwp\/wp-content\/uploads\/2020\/08\/OIP-150x150.jpg 150w, https:\/\/cgfm.fr\/cgfmwp\/wp-content\/uploads\/2020\/08\/OIP.jpg 474w\" sizes=\"auto, (max-width: 107px) 100vw, 107px\" \/><\/a><\/strong><\/span><\/p>\n<p>171 eme en 1 h 43 mn<\/p>\n<p>son premier r\u00e9cit<a href=\"https:\/\/cgfm.fr\/cgfmwp\/wp-content\/uploads\/2021\/09\/5ca904b7fb71c25b3bdfa625390cb556-e1632511333128.jpg\"><img loading=\"lazy\" decoding=\"async\" class=\"alignnone wp-image-2797\" src=\"https:\/\/cgfm.fr\/cgfmwp\/wp-content\/uploads\/2021\/09\/5ca904b7fb71c25b3bdfa625390cb556-e1632511333128-300x221.jpg\" alt=\"\" width=\"61\" height=\"45\" srcset=\"https:\/\/cgfm.fr\/cgfmwp\/wp-content\/uploads\/2021\/09\/5ca904b7fb71c25b3bdfa625390cb556-e1632511333128-300x221.jpg 300w, https:\/\/cgfm.fr\/cgfmwp\/wp-content\/uploads\/2021\/09\/5ca904b7fb71c25b3bdfa625390cb556-e1632511333128-768x564.jpg 768w, https:\/\/cgfm.fr\/cgfmwp\/wp-content\/uploads\/2021\/09\/5ca904b7fb71c25b3bdfa625390cb556-e1632511333128.jpg 1000w\" sizes=\"auto, (max-width: 61px) 100vw, 61px\" \/><\/a> :<\/p>\n<div dir=\"auto\"><em>Ce trail \u00e9tait une premi\u00e8re pour moi. J&rsquo;avais d\u00e9j\u00e0 couru le trail de l&rsquo;\u00e2ne (8km +250)l&rsquo;ann\u00e9e derni\u00e8re mais sans comparaison avec cette course Zinnkoepftrail(16km +600).\u00a0<\/em><\/div>\n<div dir=\"auto\"><em>Je n&rsquo;ai pas de rep\u00e8re sur cette distance mais vise au d\u00e9part 1:35:00.<\/em><\/div>\n<div dir=\"auto\"><em>Le d\u00e9but est assez plat et je pars sur mes habitudes de course, sur plat. J&rsquo;avais regard\u00e9 le relev\u00e9 altim\u00e9trique avant la course et savais que la mont\u00e9e se terminait au niveau du 10eme km. D\u00e8s le 6eme km je me rends compte qu&rsquo;il va falloir int\u00e9grer des passages de marche et serrer les dents jusqu&rsquo;au 10.\u00a0<\/em><\/div>\n<div dir=\"auto\"><em>Je passe les 11km et je paye mon d\u00e9part trop rapide. J&rsquo;ai un coup de \u00a0\u00bb bambou\u00a0\u00bb comme il ne m&rsquo;est jamais arriv\u00e9: jambes lourdes, t\u00eate qui tourne. Je d\u00e9cide de marcher sur le faux plat montant en buvant r\u00e9guli\u00e8rement. Je me remets \u00e0 courir aux alentours du 12eme km, en descente jusqu&rsquo;\u00e0 l&rsquo;arriv\u00e9e. Temps \u00e0 l&rsquo;arriv\u00e9e 1:43:36.<\/em><\/div>\n<div dir=\"auto\"><em>Sentiments partag\u00e9s. Je suis d\u00e9\u00e7u de ma mauvaise gestion de course qui a g\u00e2ch\u00e9e le plaisir de courir. Par contre je suis content d&rsquo;avoir pu finir la course malgr\u00e9 tout. J&rsquo;ai maintenant un rep\u00e8re de gestion de cet effort et ferai mieux la prochaine fois.<\/em><\/div>\n<div dir=\"auto\"><\/div>\n<div dir=\"auto\">Michael .<\/div>\n<div dir=\"auto\"><\/div>\n<div dir=\"auto\"><span style=\"color: #ff6600;\">\u00a0Ne sois pas d\u00e9\u00e7u tu as appris \u00e9norm\u00e9ment\u00a0 !<\/span><\/div>\n<div dir=\"auto\"><span style=\"color: #ff6600;\">c&rsquo;\u00e9tait une belle exp\u00e9rience\u00a0<\/span><span style=\"color: #ff6600;\">b\u00e9n\u00e9fique pour la suite .<\/span><\/div>\n<div dir=\"auto\"><\/div>\n<div dir=\"auto\">et un peu\u00a0 plus loin &#8230;.<\/div>\n<div dir=\"auto\"><\/div>\n<div dir=\"auto\"><strong>Jean Christophe\u00a0 :\u00a0<\/strong><\/div>\n<div dir=\"auto\"><\/div>\n<div dir=\"auto\">\u00a0218 eme en 1 h 49 mn<\/div>\n<div dir=\"auto\">\u00a0 Bien pour un revenant &#8230;.!<a href=\"https:\/\/cgfm.fr\/cgfmwp\/wp-content\/uploads\/2021\/08\/images5.jpg\"><img loading=\"lazy\" decoding=\"async\" class=\"alignnone wp-image-2629\" src=\"https:\/\/cgfm.fr\/cgfmwp\/wp-content\/uploads\/2021\/08\/images5.jpg\" alt=\"\" width=\"34\" height=\"34\" srcset=\"https:\/\/cgfm.fr\/cgfmwp\/wp-content\/uploads\/2021\/08\/images5.jpg 225w, https:\/\/cgfm.fr\/cgfmwp\/wp-content\/uploads\/2021\/08\/images5-150x150.jpg 150w\" sizes=\"auto, (max-width: 34px) 100vw, 34px\" \/><\/a><\/div>\n<div dir=\"auto\">Bravo<\/div>\n<div dir=\"auto\"><\/div>\n<div dir=\"auto\">\u00a0et puis au tour de<strong> Sylvie K<\/strong> . d&rsquo;en finir en 2 h et 2 mn\u00a0 !<\/div>\n<div dir=\"auto\"><\/div>\n<div dir=\"auto\">\u00a0 \u00a0 \u00a0 \u00a0 \u00a0 \u00a0 \u00a0 \u00a0 \u00a0 \u00a0 <a href=\"https:\/\/cgfm.fr\/cgfmwp\/wp-content\/uploads\/2021\/09\/image1-1-e1632858615719.jpeg\"><img loading=\"lazy\" decoding=\"async\" class=\"alignnone size-medium wp-image-2813\" src=\"https:\/\/cgfm.fr\/cgfmwp\/wp-content\/uploads\/2021\/09\/image1-1-e1632858615719-140x300.jpeg\" alt=\"\" width=\"140\" height=\"300\" srcset=\"https:\/\/cgfm.fr\/cgfmwp\/wp-content\/uploads\/2021\/09\/image1-1-e1632858615719-140x300.jpeg 140w, https:\/\/cgfm.fr\/cgfmwp\/wp-content\/uploads\/2021\/09\/image1-1-e1632858615719-478x1024.jpeg 478w, https:\/\/cgfm.fr\/cgfmwp\/wp-content\/uploads\/2021\/09\/image1-1-e1632858615719-768x1644.jpeg 768w, https:\/\/cgfm.fr\/cgfmwp\/wp-content\/uploads\/2021\/09\/image1-1-e1632858615719-718x1536.jpeg 718w, https:\/\/cgfm.fr\/cgfmwp\/wp-content\/uploads\/2021\/09\/image1-1-e1632858615719.jpeg 942w\" sizes=\"auto, (max-width: 140px) 100vw, 140px\" \/><\/a><\/div>\n<div dir=\"auto\"><em>\u00a0 \u00a0 \u00a0 \u00a0 Inscrite depuis presque 2 ans pour les 16 km du Zinnkoepfle trail , je m\u2019 y suis align\u00e9e sans grande conviction. Je n\u2019ai pour ainsi dire pas couru de l\u2019\u00e9t\u00e9 et la reprise d\u00e9but septembre fut douloureuse comme d habitude. 3 petites semaines d\u2019entra\u00eenement et me voil\u00e0 sur la ligne de d\u00e9part\u2026 j\u2019ai parcouru la distance sans pression en avan\u00e7ant encore et encore pour finalement passer la ligne d\u2019arriv\u00e9e sans me sentir cram\u00e9e. C\u2019\u00e9tait ma deuxi\u00e8me participation sur la m\u00eame distance et je pense d\u00e9j\u00e0 me r\u00e9inscrire une troisi\u00e8me fois en mars 2022.<a href=\"https:\/\/cgfm.fr\/cgfmwp\/wp-content\/uploads\/2020\/09\/OIP.jpg\"><img loading=\"lazy\" decoding=\"async\" class=\"alignnone wp-image-2263\" src=\"https:\/\/cgfm.fr\/cgfmwp\/wp-content\/uploads\/2020\/09\/OIP-300x300.jpg\" alt=\"\" width=\"56\" height=\"56\" srcset=\"https:\/\/cgfm.fr\/cgfmwp\/wp-content\/uploads\/2020\/09\/OIP-300x300.jpg 300w, https:\/\/cgfm.fr\/cgfmwp\/wp-content\/uploads\/2020\/09\/OIP-150x150.jpg 150w, https:\/\/cgfm.fr\/cgfmwp\/wp-content\/uploads\/2020\/09\/OIP.jpg 474w\" sizes=\"auto, (max-width: 56px) 100vw, 56px\" \/><\/a><\/em><\/div>\n<div dir=\"auto\"><\/div>\n<div dir=\"auto\">Sylvie .<\/div>\n<div dir=\"auto\"><\/div>\n<div dir=\"auto\">\u00a0Bravo Sylvie seule f\u00e9minine Cgfm\u00a0 sur ce 16 km !<\/div>\n<div dir=\"auto\">m\u00eame pas peur <a href=\"https:\/\/cgfm.fr\/cgfmwp\/wp-content\/uploads\/2019\/05\/ny00amai.gif\"><img loading=\"lazy\" decoding=\"async\" class=\"alignnone wp-image-1377\" src=\"https:\/\/cgfm.fr\/cgfmwp\/wp-content\/uploads\/2019\/05\/ny00amai.gif\" alt=\"\" width=\"32\" height=\"32\" \/><\/a><\/div>\n<div dir=\"auto\"><\/div>\n<div dir=\"auto\"><\/div>\n<h3 dir=\"auto\">et sur le 8 km\u00a0 :<\/h3>\n<div dir=\"auto\">Catherine et Anne M .<\/div>\n<div dir=\"auto\"><\/div>\n<h4 dir=\"auto\"><strong>Catherine L :\u00a0<\/strong><\/h4>\n<p>qui r\u00e9alise un tr\u00e8s beau parcours pour finir en 46 mn \/ 40 eme place et surtout une belle 2 eme place dans sa cat\u00e9gorie !!<\/p>\n<p><a href=\"https:\/\/cgfm.fr\/cgfmwp\/wp-content\/uploads\/2019\/05\/bravo-11.gif\"><img loading=\"lazy\" decoding=\"async\" class=\"alignnone size-full wp-image-1348\" src=\"https:\/\/cgfm.fr\/cgfmwp\/wp-content\/uploads\/2019\/05\/bravo-11.gif\" alt=\"\" width=\"66\" height=\"66\" \/><\/a><a href=\"https:\/\/cgfm.fr\/cgfmwp\/wp-content\/uploads\/2019\/02\/coupe-2eme.jpg\"><img loading=\"lazy\" decoding=\"async\" class=\"alignnone wp-image-1206\" src=\"https:\/\/cgfm.fr\/cgfmwp\/wp-content\/uploads\/2019\/02\/coupe-2eme.jpg\" alt=\"\" width=\"109\" height=\"109\" srcset=\"https:\/\/cgfm.fr\/cgfmwp\/wp-content\/uploads\/2019\/02\/coupe-2eme.jpg 225w, https:\/\/cgfm.fr\/cgfmwp\/wp-content\/uploads\/2019\/02\/coupe-2eme-150x150.jpg 150w\" sizes=\"auto, (max-width: 109px) 100vw, 109px\" \/><\/a><a href=\"https:\/\/cgfm.fr\/cgfmwp\/wp-content\/uploads\/2019\/05\/bravo-11.gif\"><img loading=\"lazy\" decoding=\"async\" class=\"alignnone size-full wp-image-1348\" src=\"https:\/\/cgfm.fr\/cgfmwp\/wp-content\/uploads\/2019\/05\/bravo-11.gif\" alt=\"\" width=\"66\" height=\"66\" \/><\/a><\/p>\n<p>Son r\u00e9cit :<\/p>\n<div dir=\"auto\">\n<div dir=\"auto\"><em>1ere participation trail officiel dans un beau cadre du vignoble alsacien\u00a0<\/em><\/div>\n<div dir=\"auto\"><em>Tr\u00e8s belle course , temps id\u00e9al .<\/em><\/div>\n<div dir=\"auto\"><em>Tr\u00e8s contente de ma participation de derni\u00e8re minute la veille&#x1f609;\u00a0 et de mon temps et aussi de mon r\u00e9sultat !<\/em><\/div>\n<div dir=\"auto\"><em>Tr\u00e8s bon ressenti malgr\u00e9 une soir\u00e9e l\u00e0 veille et peu se sommeil\u00a0<\/em><\/div>\n<\/div>\n<div dir=\"auto\"><\/div>\n<div dir=\"auto\"><\/div>\n<div dir=\"auto\"><a href=\"https:\/\/cgfm.fr\/cgfmwp\/wp-content\/uploads\/2019\/05\/bravo-10.gif\"><img loading=\"lazy\" decoding=\"async\" class=\"alignnone size-full wp-image-1347\" src=\"https:\/\/cgfm.fr\/cgfmwp\/wp-content\/uploads\/2019\/05\/bravo-10.gif\" alt=\"\" width=\"66\" height=\"66\" \/><\/a><a href=\"https:\/\/cgfm.fr\/cgfmwp\/wp-content\/uploads\/2021\/09\/received_825717894765263.jpeg\"><img loading=\"lazy\" decoding=\"async\" class=\"alignnone wp-image-2814\" src=\"https:\/\/cgfm.fr\/cgfmwp\/wp-content\/uploads\/2021\/09\/received_825717894765263-225x300.jpeg\" alt=\"\" width=\"187\" height=\"248\" srcset=\"https:\/\/cgfm.fr\/cgfmwp\/wp-content\/uploads\/2021\/09\/received_825717894765263-225x300.jpeg 225w, https:\/\/cgfm.fr\/cgfmwp\/wp-content\/uploads\/2021\/09\/received_825717894765263.jpeg 720w\" sizes=\"auto, (max-width: 187px) 100vw, 187px\" \/><\/a><a href=\"https:\/\/cgfm.fr\/cgfmwp\/wp-content\/uploads\/2019\/05\/bravo-10.gif\"><img loading=\"lazy\" decoding=\"async\" class=\"alignnone size-full wp-image-1347\" src=\"https:\/\/cgfm.fr\/cgfmwp\/wp-content\/uploads\/2019\/05\/bravo-10.gif\" alt=\"\" width=\"66\" height=\"66\" \/><\/a><\/div>\n<div dir=\"auto\"><\/div>\n<div dir=\"auto\"><\/div>\n<div dir=\"auto\">\u00a0 \u00a0 \u00a0 \u00a0 \u00a0 \u00a0 \u00a0 \u00a0 \u00a0 <a href=\"https:\/\/cgfm.fr\/cgfmwp\/wp-content\/uploads\/2021\/09\/FB_IMG_1632907469160-e1632944428271.jpg\"><img loading=\"lazy\" decoding=\"async\" class=\"alignnone size-medium wp-image-2822\" src=\"https:\/\/cgfm.fr\/cgfmwp\/wp-content\/uploads\/2021\/09\/FB_IMG_1632907469160-e1632944428271-142x300.jpg\" alt=\"\" width=\"142\" height=\"300\" srcset=\"https:\/\/cgfm.fr\/cgfmwp\/wp-content\/uploads\/2021\/09\/FB_IMG_1632907469160-e1632944428271-142x300.jpg 142w, https:\/\/cgfm.fr\/cgfmwp\/wp-content\/uploads\/2021\/09\/FB_IMG_1632907469160-e1632944428271-483x1024.jpg 483w, https:\/\/cgfm.fr\/cgfmwp\/wp-content\/uploads\/2021\/09\/FB_IMG_1632907469160-e1632944428271.jpg 510w\" sizes=\"auto, (max-width: 142px) 100vw, 142px\" \/><\/a><a href=\"https:\/\/cgfm.fr\/cgfmwp\/wp-content\/uploads\/2020\/09\/OIP.jpg\"><img loading=\"lazy\" decoding=\"async\" class=\"alignnone wp-image-2263\" src=\"https:\/\/cgfm.fr\/cgfmwp\/wp-content\/uploads\/2020\/09\/OIP-300x300.jpg\" alt=\"\" width=\"59\" height=\"59\" srcset=\"https:\/\/cgfm.fr\/cgfmwp\/wp-content\/uploads\/2020\/09\/OIP-300x300.jpg 300w, https:\/\/cgfm.fr\/cgfmwp\/wp-content\/uploads\/2020\/09\/OIP-150x150.jpg 150w, https:\/\/cgfm.fr\/cgfmwp\/wp-content\/uploads\/2020\/09\/OIP.jpg 474w\" sizes=\"auto, (max-width: 59px) 100vw, 59px\" \/>bravo Cat !<\/a><\/div>\n<div dir=\"auto\"><strong>Catherine .<\/strong><\/div>\n<div dir=\"auto\"><\/div>\n<div dir=\"auto\"><\/div>\n<div dir=\"auto\">un peu plus loin &#8230;.<\/div>\n<div dir=\"auto\"><\/div>\n<div dir=\"auto\"><strong>Anne M<\/strong> en termine a son tour en 57 mn et 115 eme place .<\/div>\n<div dir=\"auto\"><\/div>\n<div dir=\"auto\"><\/div>\n<div dir=\"auto\">\n<div class=\"moz-text-plain\" lang=\"x-unicode\">\n<div dir=\"auto\"><em>J&rsquo;ai mis 57,21 min pour boucler les 8 km du mini trail de l&rsquo;\u00e2ne.\u00a0 \u00a0<\/em><\/div>\n<div dir=\"auto\"><em>Apr\u00e8s les 4km de mont\u00e9e, un petit point de cot\u00e9 dans la descente m&rsquo;a bien contrari\u00e9\u00a0 !!\u00a0<\/em><\/div>\n<p><em>\u00a0Malgr\u00e9 tout c&rsquo;\u00e9tait\u00a0un parcours tr\u00e8s chouette et une m\u00e9t\u00e9o id\u00e9ale\u00a0 !<\/em><\/p>\n<p><strong>Anne M<\/strong> .<\/p>\n<p><a href=\"https:\/\/cgfm.fr\/cgfmwp\/wp-content\/uploads\/2021\/09\/received_614560239563871-e1632860014328.jpeg\"><img loading=\"lazy\" decoding=\"async\" class=\"alignnone size-medium wp-image-2815\" src=\"https:\/\/cgfm.fr\/cgfmwp\/wp-content\/uploads\/2021\/09\/received_614560239563871-e1632860014328-179x300.jpeg\" alt=\"\" width=\"179\" height=\"300\" srcset=\"https:\/\/cgfm.fr\/cgfmwp\/wp-content\/uploads\/2021\/09\/received_614560239563871-e1632860014328-179x300.jpeg 179w, https:\/\/cgfm.fr\/cgfmwp\/wp-content\/uploads\/2021\/09\/received_614560239563871-e1632860014328.jpeg 367w\" sizes=\"auto, (max-width: 179px) 100vw, 179px\" \/>l&rsquo;essentiel est le plaisir d&rsquo;arriver ! <\/a><\/p>\n<p><strong> \u00a03\u00a0 des 4\u00a0 repr\u00e9sentantes CGFM\u00a0 du\u00a0 jour\u00a0<\/strong> :<\/p>\n<p><a href=\"https:\/\/cgfm.fr\/cgfmwp\/wp-content\/uploads\/2021\/09\/received_397162245147038.jpeg\"><img loading=\"lazy\" decoding=\"async\" class=\"alignnone size-medium wp-image-2816\" src=\"https:\/\/cgfm.fr\/cgfmwp\/wp-content\/uploads\/2021\/09\/received_397162245147038-225x300.jpeg\" alt=\"\" width=\"225\" height=\"300\" srcset=\"https:\/\/cgfm.fr\/cgfmwp\/wp-content\/uploads\/2021\/09\/received_397162245147038-225x300.jpeg 225w, https:\/\/cgfm.fr\/cgfmwp\/wp-content\/uploads\/2021\/09\/received_397162245147038.jpeg 720w\" sizes=\"auto, (max-width: 225px) 100vw, 225px\" \/>Sylvie\/Anne\/Cat<\/a><\/p>\n<p><strong>C\u00e9line<\/strong> \u00e9tait d\u00e9j\u00e0 a l&rsquo;attaque du petit ballon &#8230;.<\/p>\n<p>&nbsp;<\/p>\n<p><span style=\"color: #ff0000;\">Pour celles\/ceux qui aime le Trail : rdv Mars 2022 au m\u00eame endroit ou ailleurs&#8230;avant .<\/span><\/p>\n<\/div>\n<\/div>\n","protected":false},"excerpt":{"rendered":"<p>A cause des conditions sanitaires actuelles , l&rsquo;\u00e9dition de mars 2021 a \u00e9t\u00e9 report\u00e9e au\u00a0 26 septembre 2021\u00a0 . \u00a0 \u00a0 \u00a0 \u00a0 \u00a0 \u00a0 \u00a0 \u00a0 \u00a0https:\/\/www.trailpetitballon.fr\/ 4 distances : 56 \/ 28 \/ 16 \/ 8 km . 10 membres du Cgfm\u00a0 ont particip\u00e9 aux diff\u00e9rentes \u00e9preuves dont 2 sur le TRAIL DU &hellip; <\/p>\n<p class=\"link-more\"><a href=\"https:\/\/cgfm.fr\/cgfmwp\/le-trail-du-petit-ballon-2021-et-ses-4-distances\/\" class=\"more-link\">Lire la suite de<span class=\"screen-reader-text\">\u00ab\u00a0Le Trail du petit ballon 2021 et ses 4 distances\u00a0\u00bb<\/span><\/a><\/p>\n","protected":false},"author":5,"featured_media":0,"comment_status":"open","ping_status":"open","sticky":false,"template":"","format":"standard","meta":{"footnotes":""},"categories":[6],"tags":[],"class_list":["post-2810","post","type-post","status-publish","format-standard","hentry","category-les-resultats-des-cegefemienemiens"],"_links":{"self":[{"href":"https:\/\/cgfm.fr\/cgfmwp\/wp-json\/wp\/v2\/posts\/2810","targetHints":{"allow":["GET"]}}],"collection":[{"href":"https:\/\/cgfm.fr\/cgfmwp\/wp-json\/wp\/v2\/posts"}],"about":[{"href":"https:\/\/cgfm.fr\/cgfmwp\/wp-json\/wp\/v2\/types\/post"}],"author":[{"embeddable":true,"href":"https:\/\/cgfm.fr\/cgfmwp\/wp-json\/wp\/v2\/users\/5"}],"replies":[{"embeddable":true,"href":"https:\/\/cgfm.fr\/cgfmwp\/wp-json\/wp\/v2\/comments?post=2810"}],"version-history":[{"count":0,"href":"https:\/\/cgfm.fr\/cgfmwp\/wp-json\/wp\/v2\/posts\/2810\/revisions"}],"wp:attachment":[{"href":"https:\/\/cgfm.fr\/cgfmwp\/wp-json\/wp\/v2\/media?parent=2810"}],"wp:term":[{"taxonomy":"category","embeddable":true,"href":"https:\/\/cgfm.fr\/cgfmwp\/wp-json\/wp\/v2\/categories?post=2810"},{"taxonomy":"post_tag","embeddable":true,"href":"https:\/\/cgfm.fr\/cgfmwp\/wp-json\/wp\/v2\/tags?post=2810"}],"curies":[{"name":"wp","href":"https:\/\/api.w.org\/{rel}","templated":true}]}}