{"id":2369,"date":"2021-01-02T18:54:59","date_gmt":"2021-01-02T17:54:59","guid":{"rendered":"http:\/\/cgfm.fr\/cgfmwp\/?p=2369"},"modified":"2021-01-13T20:40:34","modified_gmt":"2021-01-13T19:40:34","slug":"hommage-a-gege","status":"publish","type":"post","link":"https:\/\/cgfm.fr\/cgfmwp\/hommage-a-gege\/","title":{"rendered":"HOMMAGE  a  G\u00e9g\u00e9"},"content":{"rendered":"<h2><\/h2>\n<h2>\u00a0 \u00a0 \u00a0 \u00a0 \u00a0 \u00a0 \u00a0 \u00a0 \u00a0 \u00a0 \u00a0 \u00a0<strong>Gerard Mergy<\/strong><\/h2>\n<p>******************\u00a0 \u00a01951-2020\u00a0 \u00a0*******************<\/p>\n<p>plus simplement d\u00e9nomm\u00e9\u00a0<strong> :\u00a0<\/strong><\/p>\n<h1>\u00a0 \u00a0 \u00a0 \u00a0 \u00a0 \u00a0 \u00a0 \u00a0 \u00a0 \u00a0 \u00a0 \u00a0 \u00a0 \u00a0 \u00a0 \u00a0 \u00a0 G\u00e9g\u00e9<\/h1>\n<p>nous a quitt\u00e9 brutalement et laiss\u00e9 le monde de l&rsquo;athl\u00e9tisme dans une grande tristesse dont\u00a0 le CGFM qui a perdu son ex pr\u00e9sident &#8211; fondateur\/ entraineur \/ organisateur et bien plus encore .<\/p>\n<p><a href=\"https:\/\/cgfm.fr\/cgfmwp\/wp-content\/uploads\/2020\/12\/DSC_0022.jpg\">\u00a0<img loading=\"lazy\" decoding=\"async\" class=\"alignnone size-medium wp-image-2371\" src=\"https:\/\/cgfm.fr\/cgfmwp\/wp-content\/uploads\/2020\/12\/DSC_0022-271x300.jpg\" alt=\"\" width=\"271\" height=\"300\" srcset=\"https:\/\/cgfm.fr\/cgfmwp\/wp-content\/uploads\/2020\/12\/DSC_0022-271x300.jpg 271w, https:\/\/cgfm.fr\/cgfmwp\/wp-content\/uploads\/2020\/12\/DSC_0022-768x851.jpg 768w, https:\/\/cgfm.fr\/cgfmwp\/wp-content\/uploads\/2020\/12\/DSC_0022.jpg 882w\" sizes=\"auto, (max-width: 271px) 100vw, 271px\" \/>\u00a0 \u00a0<strong>l&rsquo;Homme\u00a0\u00a0<\/strong><\/a><\/p>\n<p><a href=\"https:\/\/cgfm.fr\/cgfmwp\/wp-content\/uploads\/2021\/01\/DSC_0080-scaled.jpg\">\u00a0 \u00a0 \u00a0 \u00a0 \u00a0 \u00a0<img loading=\"lazy\" decoding=\"async\" class=\"alignnone size-medium wp-image-2397\" src=\"https:\/\/cgfm.fr\/cgfmwp\/wp-content\/uploads\/2021\/01\/DSC_0080-300x199.jpg\" alt=\"\" width=\"300\" height=\"199\" srcset=\"https:\/\/cgfm.fr\/cgfmwp\/wp-content\/uploads\/2021\/01\/DSC_0080-300x199.jpg 300w, https:\/\/cgfm.fr\/cgfmwp\/wp-content\/uploads\/2021\/01\/DSC_0080-1024x681.jpg 1024w, https:\/\/cgfm.fr\/cgfmwp\/wp-content\/uploads\/2021\/01\/DSC_0080-768x511.jpg 768w, https:\/\/cgfm.fr\/cgfmwp\/wp-content\/uploads\/2021\/01\/DSC_0080-1536x1021.jpg 1536w, https:\/\/cgfm.fr\/cgfmwp\/wp-content\/uploads\/2021\/01\/DSC_0080-2048x1362.jpg 2048w\" sizes=\"auto, (max-width: 300px) 100vw, 300px\" \/><strong>Le coureur <\/strong>.<\/a><\/p>\n<p><a href=\"https:\/\/cgfm.fr\/cgfmwp\/wp-content\/uploads\/2020\/12\/FEC_2007_0139.jpg\">\u00a0 <\/a><a href=\"https:\/\/cgfm.fr\/cgfmwp\/wp-content\/uploads\/2020\/12\/title-1608136710.jpg\"><img loading=\"lazy\" decoding=\"async\" class=\"alignnone wp-image-2373\" src=\"https:\/\/cgfm.fr\/cgfmwp\/wp-content\/uploads\/2020\/12\/title-1608136710-226x300.jpg\" alt=\"\" width=\"128\" height=\"170\" srcset=\"https:\/\/cgfm.fr\/cgfmwp\/wp-content\/uploads\/2020\/12\/title-1608136710-226x300.jpg 226w, https:\/\/cgfm.fr\/cgfmwp\/wp-content\/uploads\/2020\/12\/title-1608136710.jpg 271w\" sizes=\"auto, (max-width: 128px) 100vw, 128px\" \/>\u00a0 \u00a0 \u00a0 \u00a0<strong> L<\/strong><\/a><strong><a href=\"https:\/\/cgfm.fr\/cgfmwp\/wp-content\/uploads\/2020\/12\/title-1608136710.jpg\">&lsquo;entraineur\u00a0\u00a0<\/a><\/strong><\/p>\n<p><a href=\"https:\/\/cgfm.fr\/cgfmwp\/wp-content\/uploads\/2021\/01\/Cgfm2012-057-scaled.jpg\"><img loading=\"lazy\" decoding=\"async\" class=\"alignnone size-medium wp-image-2395\" src=\"https:\/\/cgfm.fr\/cgfmwp\/wp-content\/uploads\/2021\/01\/Cgfm2012-057-300x201.jpg\" alt=\"\" width=\"300\" height=\"201\" srcset=\"https:\/\/cgfm.fr\/cgfmwp\/wp-content\/uploads\/2021\/01\/Cgfm2012-057-300x201.jpg 300w, https:\/\/cgfm.fr\/cgfmwp\/wp-content\/uploads\/2021\/01\/Cgfm2012-057-1024x685.jpg 1024w, https:\/\/cgfm.fr\/cgfmwp\/wp-content\/uploads\/2021\/01\/Cgfm2012-057-768x514.jpg 768w, https:\/\/cgfm.fr\/cgfmwp\/wp-content\/uploads\/2021\/01\/Cgfm2012-057-1536x1028.jpg 1536w, https:\/\/cgfm.fr\/cgfmwp\/wp-content\/uploads\/2021\/01\/Cgfm2012-057-2048x1371.jpg 2048w\" sizes=\"auto, (max-width: 300px) 100vw, 300px\" \/> <strong>le marcheur<\/strong><\/a><\/p>\n<p><a href=\"https:\/\/cgfm.fr\/cgfmwp\/wp-content\/uploads\/2021\/01\/GMTU_2019_018.jpg\"><img loading=\"lazy\" decoding=\"async\" class=\"alignnone size-medium wp-image-2392\" src=\"https:\/\/cgfm.fr\/cgfmwp\/wp-content\/uploads\/2021\/01\/GMTU_2019_018-215x300.jpg\" alt=\"\" width=\"215\" height=\"300\" srcset=\"https:\/\/cgfm.fr\/cgfmwp\/wp-content\/uploads\/2021\/01\/GMTU_2019_018-215x300.jpg 215w, https:\/\/cgfm.fr\/cgfmwp\/wp-content\/uploads\/2021\/01\/GMTU_2019_018.jpg 517w\" sizes=\"auto, (max-width: 215px) 100vw, 215px\" \/><\/a><a href=\"https:\/\/cgfm.fr\/cgfmwp\/wp-content\/uploads\/2021\/01\/GMTU_2019_018.jpg\">\u00a0<strong>L&rsquo;organisateur .<\/strong><\/a><\/p>\n<h6><a href=\"https:\/\/cgfm.fr\/cgfmwp\/wp-content\/uploads\/2020\/12\/FEC_2007_0139.jpg\"><img loading=\"lazy\" decoding=\"async\" class=\"alignnone size-medium wp-image-2372\" src=\"https:\/\/cgfm.fr\/cgfmwp\/wp-content\/uploads\/2020\/12\/FEC_2007_0139-242x300.jpg\" alt=\"\" width=\"242\" height=\"300\" srcset=\"https:\/\/cgfm.fr\/cgfmwp\/wp-content\/uploads\/2020\/12\/FEC_2007_0139-242x300.jpg 242w, https:\/\/cgfm.fr\/cgfmwp\/wp-content\/uploads\/2020\/12\/FEC_2007_0139.jpg 511w\" sizes=\"auto, (max-width: 242px) 100vw, 242px\" \/>Une<\/a><a href=\"https:\/\/cgfm.fr\/cgfmwp\/wp-content\/uploads\/2020\/12\/FEC_2007_0139.jpg\"> personnalit\u00e9\u00a0 &#8230;<\/a><\/h6>\n<p>&nbsp;<\/p>\n<h6><a href=\"https:\/\/cgfm.fr\/cgfmwp\/wp-content\/uploads\/2021\/01\/DSC_0199.jpg\"><img loading=\"lazy\" decoding=\"async\" class=\"alignnone size-medium wp-image-2399\" src=\"https:\/\/cgfm.fr\/cgfmwp\/wp-content\/uploads\/2021\/01\/DSC_0199-234x300.jpg\" alt=\"\" width=\"234\" height=\"300\" srcset=\"https:\/\/cgfm.fr\/cgfmwp\/wp-content\/uploads\/2021\/01\/DSC_0199-234x300.jpg 234w, https:\/\/cgfm.fr\/cgfmwp\/wp-content\/uploads\/2021\/01\/DSC_0199-800x1024.jpg 800w, https:\/\/cgfm.fr\/cgfmwp\/wp-content\/uploads\/2021\/01\/DSC_0199-768x984.jpg 768w, https:\/\/cgfm.fr\/cgfmwp\/wp-content\/uploads\/2021\/01\/DSC_0199-1199x1536.jpg 1199w, https:\/\/cgfm.fr\/cgfmwp\/wp-content\/uploads\/2021\/01\/DSC_0199.jpg 1318w\" sizes=\"auto, (max-width: 234px) 100vw, 234px\" \/>attachante .<\/a><\/h6>\n<p>&nbsp;<\/p>\n<p>&nbsp;<\/p>\n<p><a href=\"https:\/\/cgfm.fr\/cgfmwp\/wp-content\/uploads\/2021\/01\/safe_image.php_.jpg\"><img loading=\"lazy\" decoding=\"async\" class=\"alignnone size-medium wp-image-2384\" src=\"https:\/\/cgfm.fr\/cgfmwp\/wp-content\/uploads\/2021\/01\/safe_image.php_-300x156.jpg\" alt=\"\" width=\"300\" height=\"156\" srcset=\"https:\/\/cgfm.fr\/cgfmwp\/wp-content\/uploads\/2021\/01\/safe_image.php_-300x156.jpg 300w, https:\/\/cgfm.fr\/cgfmwp\/wp-content\/uploads\/2021\/01\/safe_image.php_.jpg 476w\" sizes=\"auto, (max-width: 300px) 100vw, 300px\" \/><strong> sa derni\u00e8re<\/strong> <strong>organisation.<\/strong><\/a><\/p>\n<p>&#8212;&#8212;&#8212;&#8212;&#8212;&#8212;&#8212;&#8212;&#8212;&#8212;&#8212;&#8212;&#8212;&#8212;&#8212;&#8212;&#8212;&#8212;&#8212;&#8212;&#8212;&#8212;&#8212;<\/p>\n<h3><strong>\u00a0vous trouverez ci dessous<\/strong><\/h3>\n<h3><strong>les diff\u00e9rents hommages\u00a0 \/ anecdotes \/ pens\u00e9es\u00a0<\/strong><\/h3>\n<h3><strong>dont le\u00a0 v\u00f4tre , vous qui l&rsquo;avez connu .<\/strong><\/h3>\n<p>&nbsp;<\/p>\n<p>*************************************************************************<\/p>\n<h4>\u00a0Commen\u00e7ons\u00a0 par l&rsquo;hommage r\u00e9dig\u00e9 et lu par\u00a0 \u00a0 \u00a0 \u00a0Bernard , lors des fun\u00e9railles a l&rsquo;\u00e9glise :<\/h4>\n<p>&nbsp;<\/p>\n<p><strong><em><span style=\"font-size: large;\">Bonjour Mich\u00e8le, bonjour \u00e0 sa famille<\/span><\/em><\/strong><\/p>\n<p><strong><em><span style=\"font-size: large;\">Mesdames, Messieurs,<\/span><\/em><\/strong><\/p>\n<p><strong><em><span style=\"font-size: large;\">Il y a tellement de choses \u00e0 dire sur la vie sportive de G\u00e9rard que tout se bouscule dans ma t\u00eate.<\/span><\/em><\/strong><\/p>\n<p><strong><em><span style=\"font-size: large;\">Alors j\u2019y ai mis un peu d\u2019ordre.<\/span><\/em><\/strong><\/p>\n<p><strong><em><span style=\"font-size: large;\">J\u2019ai pass\u00e9 3 heures avec G\u00e9rard ce lundi, la veille de son d\u00e9part, \u00e0 faire des plans d\u2019entrainements pour la reprise, pr\u00e9voir des stages, parler du trail urbain. Il \u00e9tait en pleine forme et dynamique comme d\u2019habitude.<\/span><\/em><\/strong><\/p>\n<p><strong><em><span style=\"font-size: large;\">Il m\u2019avait remis avant de nous quitter les 6 dossiers des trails qu\u2019il avait organis\u00e9s. Pour l\u2019\u00e9dition 2020, il avait annul\u00e9 l\u2019\u00e9preuve qui devait se d\u00e9rouler le 2 octobre, en raison de cette sacr\u00e9e pand\u00e9mie. Etait \u2013ce d\u00e9j\u00e0 un pr\u00e9sage\u00a0?<\/span><\/em><\/strong><\/p>\n<p><strong><em><span style=\"font-size: large;\">Et d\u2019un coup, tout s\u2019arr\u00eate.<\/span><\/em><\/strong><\/p>\n<p><strong><em><span style=\"font-size: large;\">Toujours \u00e0 l\u2019\u00e9coute de tout le monde, toujours pr\u00e9sent aux entrainements, toujours le sourire et la bienveillance. Malgr\u00e9 les athl\u00e8tes tr\u00e8s costauds, il ne faisait aucune diff\u00e9rence entre l\u2019\u00e9lite du club, comme il disait, et le d\u00e9butant. Il conseillait tout le monde avec la m\u00eame ferveur et les 129 licenci\u00e9s du club peuvent en t\u00e9moigner.<\/span><\/em><\/strong><\/p>\n<p><strong><em><span style=\"font-size: large;\">Il a amen\u00e9 des athl\u00e8tes \u00e0 un niveau que jamais ils n\u2019auraient imagin\u00e9s atteindre.<\/span><\/em><\/strong><\/p>\n<p><strong><em><span style=\"font-size: large;\">Nous avions le dernier entrainement mercredi et son groupe de 25 filles et gars s\u2019\u00e9tait cotis\u00e9 pour lui faire un beau cadeau.<\/span><\/em><\/strong><\/p>\n<p><strong><em><span style=\"font-size: large;\">Mais G\u00e9g\u00e9 n\u2019\u00e9tait d\u00e9j\u00e0 plus l\u00e0\u2026<\/span><\/em><\/strong><\/p>\n<p><strong><em><span style=\"font-size: large;\">Tout le club \u00e9tait atterr\u00e9.<\/span><\/em><\/strong><\/p>\n<p><strong><em><span style=\"font-size: large;\">Nous lui avions fait une belle c\u00e9r\u00e9monie d\u2019hommage mercredi au stade comme vous avez pu le voir dans la presse.<\/span><\/em><\/strong><\/p>\n<p><strong><em><span style=\"font-size: large;\">Mais G\u00e9rard \u00e9tait surtout un organisateur hors pair, tr\u00e8s m\u00e9thodique et tr\u00e8s professionnel alors qu\u2019il n\u2019\u00e9tait simplement qu\u2019un b\u00e9n\u00e9vole.<\/span><\/em><\/strong><\/p>\n<p><strong><em><span style=\"font-size: large;\">Je me suis amus\u00e9 un peu \u00e0 chiffrer le nombre de ses organisations et j\u2019arrive en gros \u00e0 une bonne centaine.<\/span><\/em><\/strong><\/p>\n<p><strong><em><span style=\"font-size: large;\">Que ce soit des 10 km, des semi marathons, des marathons, des 100 km, des 24 heures, des trail urbains et des trails nature et il donnait toujours des conseils aux organisateurs.<\/span><\/em><\/strong><\/p>\n<p><strong><em><span style=\"font-size: large;\">Il a m\u00eame organis\u00e9 les championnats de France des 100 kms et des 24 heures \u00e0 Mulhouse.<\/span><\/em><\/strong><\/p>\n<p><strong><em><span style=\"font-size: large;\">Il a \u00e9galement conseill\u00e9 l\u2019\u00e9quipe des Mulhousiennes pour leur fantastique \u00e9preuve.<\/span><\/em><\/strong><\/p>\n<p><strong><em><span style=\"font-size: large;\">Il \u00e9tait l\u00e0 pour la course des kids, plus de 700 enfants la veille de leur course, la course de No\u00ebl 2019 de Mulhouse, avec pr\u00e8s de 400 participants.<\/span><\/em><\/strong><\/p>\n<p><strong><em><span style=\"font-size: large;\">Il a couru le marathon de Munich et un 100 kms et accompagnait toujours ses athl\u00e8tes dans les comp\u00e9titions<\/span><\/em><\/strong><\/p>\n<p><strong><em><span style=\"font-size: large;\">Pendant sa pr\u00e9sidence, le CGFM a \u00e9t\u00e9 champion de France par \u00e9quipe sur 100 km et un athl\u00e8te a m\u00eame particip\u00e9 \u00e0 la marche de Paris \u2013Strasbourg.<\/span><\/em><\/strong><\/p>\n<p><strong><em><span style=\"font-size: large;\">Il faisait \u00e9galement partie d\u2019une \u00e9quipe de curling qui a particip\u00e9 aux championnats du monde v\u00e9t\u00e9rans en Su\u00e8de.<\/span><\/em><\/strong><\/p>\n<p><strong><em><span style=\"font-size: large;\">Il a \u00e9t\u00e9 Pr\u00e9sident pendant 20 ans du CGFM, Pr\u00e9sident pendant 4 ans de l\u2019EGMA qui regroupe les 4 clubs d\u2019athl\u00e9tismes mulhousiens, membre du conseil local de l\u2019excellence sportive et de l\u2019office municipal des sports.<\/span><\/em><\/strong><\/p>\n<p><strong><em><span style=\"font-size: large;\">Il \u00e9tait \u00e9galement \u00e0 l\u2019origine de l\u2019implantation des 5 circuits de running \u00e0 travers Mulhouse et en pr\u00e9parait un 6eme.<\/span><\/em><\/strong><\/p>\n<p><strong><em><span style=\"font-size: large;\">Il y aurait encore tellement de choses \u00e0 dire, mais j\u2019arr\u00eate l\u00e0.<\/span><\/em><\/strong><\/p>\n<p><strong><em><span style=\"font-size: large;\">Aujourd\u2019hui, G\u00e9rard, tu nous as quitt\u00e9s et tu nous manques d\u00e9j\u00e0 terriblement. Nous garderons de toi le souvenir de toutes ces ann\u00e9es pass\u00e9es \u00e0 tes c\u00f4t\u00e9s avec toujours cet esprit familial que tu as su insuffler au club.<\/span><\/em><\/strong><\/p>\n<p><strong><em><span style=\"font-size: large;\">Je suis fier d\u2019avoir pris la suite du club depuis 3 ans et nous continuerons \u00e0 faire aimer la course \u00e0 pied et \u00e0 faire progresser \u00abtes runners\u00a0\u00bb dans la joie et la convivialit\u00e9.<\/span><\/em><\/strong><\/p>\n<p><strong><em><span style=\"font-size: large;\">Et je termine par la promesse des filles et des gars du club d\u2019organiser le 7 \u00e8me trail urbain, certainement sous un autre nom\u2026et pourquoi pas le trail de G\u00e9rard\u2026. <\/span><\/em><\/strong><\/p>\n<p><strong><em><span style=\"font-size: large;\">Merci .<\/span><\/em><\/strong><\/p>\n<p>&nbsp;<\/p>\n<p><b>Bernard\u00a0 Hofmann , Pr\u00e9sident CGFM .<\/b><\/p>\n<p>**************************************************************************<\/p>\n<h4><em style=\"font-size: 16px; font-weight: 400;\">Comme j<\/em><em style=\"font-size: 16px; font-weight: 400;\">e le disait derni\u00e8rement , et pas de rapport avec la course a pied&#8230;.je connaissait G\u00e9g\u00e9 depuis plus de 40 ans, quand il habitait encore a Soppe le bas. Jamais ( je dit bien, jamais) je l&rsquo;aie entendue dire du mal ou critiquer quelqu&rsquo;un. Et \u00e7a je pense que c&rsquo;est une grande qualit\u00e9 !!!!<\/em><\/h4>\n<p><strong>\u00a0Jean- marie C .<\/strong><\/p>\n<p>************************************************************************<\/p>\n<p><em>\u00ab\u00a0Juin 2011 : je me d\u00e9cide \u00e0 prendre le d\u00e9part des 6h de Mulhouse. C&rsquo;est la premi\u00e8re fois que j&rsquo;ose franchir la barre du marathon. Le monde de l&rsquo;ultra-distance me fascine autant qu&rsquo;il m&rsquo;effraye. J&rsquo;arrive sur la pointe des pieds. La course se passe plut\u00f4t bien. A ce moment, on ne se conna\u00eet pas, m\u00eame s&rsquo;il m&rsquo;est arriv\u00e9 de t&rsquo;apercevoir sur quelques \u00e9preuves alsaciennes.<\/em><\/p>\n<p><em>Tu m&rsquo;encourages sans rel\u00e2che, m&rsquo;informes sur mes temps de passage et m&rsquo;accompagneras m\u00eame quelques tours.<\/em><\/p>\n<p><em>L&rsquo;\u00e9preuve est une r\u00e9ussite. Nous poursuivrons notre conversation une fois la ligne franchie. Le courant passe d&#8217;embl\u00e9e.<\/em><\/p>\n<p><em>D\u00e8s lors, nous \u00e9changerons tr\u00e8s r\u00e9guli\u00e8rement par mail ou t\u00e9l\u00e9phone. Je te fais part de mes r\u00eaves de 100km, de 24h&#8230;. Tu m&rsquo;encourages, me soutiens, me rassures. Par respect pour ton engagement, j&rsquo;adh\u00e8re au CGFM (alors que tu ne me l&rsquo;avais jamais demand\u00e9).<\/em><\/p>\n<p><em>Gr\u00e2ce \u00e0 toi, et durant toutes ces ann\u00e9es, je vivrais mes plus beaux souvenirs de course \u00e0 pieds.<\/em><\/p>\n<p><em>Aucun de mes messages n&rsquo;est jamais rest\u00e9 sans r\u00e9ponse. Tu as toujours \u00e9t\u00e9 l\u00e0, pour partager mes joies de victoires, m&rsquo;aider \u00e0 relativiser mes \u00e9checs, \u00e9couter mes doutes, me rassurer, me soutenir, avec bienveillance et gentillesse.<\/em><\/p>\n<p><em>2 jours avant ton d\u00e9part, nous \u00e9changions encore et je te faisais part de mes bobos du moment. Et, comme \u00e0 chaque fois, tu as su trouver les bons mots et conclus ton messages par \u00ab\u00a0je te souhaite de faire le bon choix et reste \u00e0 tes c\u00f4t\u00e9s\u00a0\u00bb.<\/em><\/p>\n<p><em>Tu \u00e9t\u00e9 bien plus qu&rsquo;un coach, G\u00e9g\u00e9. Et, oui, tu m&rsquo;accompagneras sur toutes mes sorties. Chaque dossard \u00e9pingl\u00e9 sera aussi pour toi.<\/em><\/p>\n<p><em>Ce fut une vraie chance d&rsquo;avoir crois\u00e9 ta route.<\/em><\/p>\n<p><em>M\u00eame si tu n&rsquo;aimais pas que je te le dise, je te remercie, une derni\u00e8re fois, tr\u00e8s sinc\u00e8rement, d&rsquo;avoir cru en moi. Sans toi, je ne serai jamais all\u00e9e aussi loin. Merci pour tout.<\/em><\/p>\n<p><em>Bye, G\u00e9g\u00e9\u00a0\u00bb.<\/em><\/p>\n<p><strong>Fabienne G .<\/strong><\/p>\n<p>**********************************************************************<\/p>\n<p><em>Je ne retiendrais que tout les bons moments pass\u00e9s avec Gerard et non\u00a0 pas nos coups de gueule . <\/em><\/p>\n<p><em>Gerard ,\u00a0 je le\u00a0 connaissais depuis pr\u00e8s de 20 ans\u00a0 , \u00e9tait\u00a0 quelqu&rsquo;un d&rsquo;attachant , plein d&rsquo;\u00e9nergie et\u00a0 de bons\u00a0 conseils\u00a0 , une forte personnalit\u00e9 que l&rsquo;on ne pourra remplacer car il \u00e9tait G\u00e9g\u00e9\u00a0 , avec ses\u00a0 grandes qualit\u00e9s et ses d\u00e9fauts\u00a0 .<\/em><\/p>\n<p><em>Une\u00a0 personnalit\u00e9 qui a marqu\u00e9 son entourage de son empreinte\u00a0 lors de ses longues ann\u00e9e pass\u00e9es au CGFM.<\/em><\/p>\n<p><a href=\"https:\/\/cgfm.fr\/cgfmwp\/wp-content\/uploads\/2020\/12\/un-vibrant-hommage-a-ete-rendu-a-gerard-mergy-par-des-nombreux-membres-de-son-club-presents-sur-la-piste-du-stade-de-l-ill-sa-seconde-maison-photo-l-alsace-darek-szuster-1608220552.jpg\"><img loading=\"lazy\" decoding=\"async\" class=\"alignnone wp-image-2377\" src=\"https:\/\/cgfm.fr\/cgfmwp\/wp-content\/uploads\/2020\/12\/un-vibrant-hommage-a-ete-rendu-a-gerard-mergy-par-des-nombreux-membres-de-son-club-presents-sur-la-piste-du-stade-de-l-ill-sa-seconde-maison-photo-l-alsace-darek-szuster-1608220552-300x225.jpg\" alt=\"\" width=\"112\" height=\"84\" srcset=\"https:\/\/cgfm.fr\/cgfmwp\/wp-content\/uploads\/2020\/12\/un-vibrant-hommage-a-ete-rendu-a-gerard-mergy-par-des-nombreux-membres-de-son-club-presents-sur-la-piste-du-stade-de-l-ill-sa-seconde-maison-photo-l-alsace-darek-szuster-1608220552-300x225.jpg 300w, https:\/\/cgfm.fr\/cgfmwp\/wp-content\/uploads\/2020\/12\/un-vibrant-hommage-a-ete-rendu-a-gerard-mergy-par-des-nombreux-membres-de-son-club-presents-sur-la-piste-du-stade-de-l-ill-sa-seconde-maison-photo-l-alsace-darek-szuster-1608220552-1024x768.jpg 1024w, https:\/\/cgfm.fr\/cgfmwp\/wp-content\/uploads\/2020\/12\/un-vibrant-hommage-a-ete-rendu-a-gerard-mergy-par-des-nombreux-membres-de-son-club-presents-sur-la-piste-du-stade-de-l-ill-sa-seconde-maison-photo-l-alsace-darek-szuster-1608220552-768x576.jpg 768w, https:\/\/cgfm.fr\/cgfmwp\/wp-content\/uploads\/2020\/12\/un-vibrant-hommage-a-ete-rendu-a-gerard-mergy-par-des-nombreux-membres-de-son-club-presents-sur-la-piste-du-stade-de-l-ill-sa-seconde-maison-photo-l-alsace-darek-szuster-1608220552.jpg 1399w\" sizes=\"auto, (max-width: 112px) 100vw, 112px\" \/><\/a><\/p>\n<p><em>Repose en paix et sois fier de ton parcours .<\/em><\/p>\n<p><strong>Eric . v<\/strong><\/p>\n<p>*************************************************************************<\/p>\n<p><em>La famille Lemaitre dont le papa ,\u00a0 Serge ( d\u00e9c\u00e9d\u00e9 il y a 2 mois ) et son \u00e9pouse\u00a0 Jeannine\u00a0 \u00a0, avaient promis \u00e0 G\u00e9rard de donner un coup de main pour les 100 km qu\u2019il organisait \u00e0 Mulhouse en 1997.<\/em><\/p>\n<p><em>Or, la date de leur mariage \u00e9tait fix\u00e9 au 4 juillet et GG \u00e0 eu l\u2019id\u00e9e d\u2019organiser le 100 km le m\u00eame jour\u2026.<\/em><\/p>\n<p><em>Vous ne devinerez jamais ce qu\u2019ont fait les Lemaitre\u2026.Ils ont d\u00e9cal\u00e9 leur mariage d\u2019un jour, se sont mari\u00e9s le vendredi \u00a0pour \u00eatre pr\u00e9sent sur la course \u00a0, au poste de ravitaillement le jour pr\u00e9vu et en plus avec toute la famille Bretonne\u2026\u2026<\/em><\/p>\n<p><em>Voil\u00e0 l\u2019esprit que G\u00e9rard a su communiquer autour de lui. \u00a0Magnifique pour lui mais \u00e9galement magnifique pour les Lemaitre\u00a0<\/em><\/p>\n<p><strong>Jeanine Lemaitre<\/strong> , maman de <strong>Franck<\/strong> ,\u00a0 \u00e0 propos de GG .<\/p>\n<p>**************************************************************************<\/p>\n<p>\u00ab\u00a0<em>Mon cher G\u00e9g\u00e9, <\/em><\/p>\n<p><em>Je tenais \u00e0 t\u2019\u00e9crire ce petit texte afin de te rendre un dernier hommage. <\/em><\/p>\n<p><em>Tu nous as quitt\u00e9 si brutalement, sans doute que Saint-Pierre et les anges avaient besoin de se pr\u00e9parer au marathon du Paradis et voulaient un entraineur exigeant et tr\u00e8s comp\u00e9tent. <\/em><\/p>\n<p><em>Si dans la courte p\u00e9riode o\u00f9 je t\u2019ai connu et o\u00f9 tu m\u2019as entrain\u00e9 (de 2016 \u00e0 maintenant), c\u2019est certainement le marathon de Paris que j\u2019ai couru le 8 avril 2018 qui restera \u00e0 jamais grav\u00e9 dans ma vie que je souhaite te d\u00e9dier. Ce fut une exp\u00e9rience extraordinaire et tu m\u2019as permis de le r\u00e9ussir avec le sourire jusqu\u2019\u00e0 l\u2019arriv\u00e9e.<\/em><\/p>\n<p><em>Je souhaite aussi te rendre hommage \u00e0 travers \u00a0 ces entrainements sur la piste que tu organisais d\u2019une main de ma\u00eetre par tous les temps, pour nous guider et nous faire progresser. A chaque fois, tu nous pr\u00e9parais des entrainements sp\u00e9cifiques \u00e0 la hauteur de nos objectifs. J\u2019ai d\u00e9couvert la piste et j\u2019y ai pris go\u00fbt gr\u00e2ce \u00e0 ton talent.<\/em><\/p>\n<p><em>Ton charisme me poussait \u00e0 donner le meilleur de moi-m\u00eame, foul\u00e9e apr\u00e8s foul\u00e9e, entra\u00eenement apr\u00e8s entra\u00eenement afin de r\u00e9ussir les objectifs.<\/em><\/p>\n<p><em>L\u2019un des plus beaux exemples fut le semi-marathon de Mulhouse de 2019 o\u00f9 tu m\u2019as permis de r\u00e9ussir cette course gr\u00e2ce \u00e0 tes entrainement sur piste dont toi seul avait le secret. \u00a0 Du d\u00e9but \u00e0 la fin de cette \u00e9preuve, m\u00e8tre apr\u00e8s m\u00e8tre, ton image me resta en t\u00eate et me permis de repousser mes limites. <\/em><\/p>\n<p><em>Ton d\u00e9part subit me fit un choc terrible avec une immense tristesse mais je continuerai foul\u00e9e apr\u00e8s foul\u00e9e \u00e0 te rendre hommage. \u00ab\u00a0<\/em><\/p>\n<p><strong>Nicolas G.<\/strong><\/p>\n<p>**************************************************************************<\/p>\n<p align=\"JUSTIFY\">\n","protected":false},"excerpt":{"rendered":"<p>\u00a0 \u00a0 \u00a0 \u00a0 \u00a0 \u00a0 \u00a0 \u00a0 \u00a0 \u00a0 \u00a0 \u00a0Gerard Mergy ******************\u00a0 \u00a01951-2020\u00a0 \u00a0******************* plus simplement d\u00e9nomm\u00e9\u00a0 :\u00a0 \u00a0 \u00a0 \u00a0 \u00a0 \u00a0 \u00a0 \u00a0 \u00a0 \u00a0 \u00a0 \u00a0 \u00a0 \u00a0 \u00a0 \u00a0 \u00a0 \u00a0 G\u00e9g\u00e9 nous a quitt\u00e9 brutalement et laiss\u00e9 le monde de l&rsquo;athl\u00e9tisme dans une grande tristesse dont\u00a0 le CGFM &hellip; <\/p>\n<p class=\"link-more\"><a href=\"https:\/\/cgfm.fr\/cgfmwp\/hommage-a-gege\/\" class=\"more-link\">Lire la suite de<span class=\"screen-reader-text\">\u00ab\u00a0HOMMAGE  a  G\u00e9g\u00e9\u00a0\u00bb<\/span><\/a><\/p>\n","protected":false},"author":5,"featured_media":2387,"comment_status":"open","ping_status":"open","sticky":false,"template":"","format":"standard","meta":{"footnotes":""},"categories":[29],"tags":[],"class_list":["post-2369","post","type-post","status-publish","format-standard","has-post-thumbnail","hentry","category-hommages"],"_links":{"self":[{"href":"https:\/\/cgfm.fr\/cgfmwp\/wp-json\/wp\/v2\/posts\/2369","targetHints":{"allow":["GET"]}}],"collection":[{"href":"https:\/\/cgfm.fr\/cgfmwp\/wp-json\/wp\/v2\/posts"}],"about":[{"href":"https:\/\/cgfm.fr\/cgfmwp\/wp-json\/wp\/v2\/types\/post"}],"author":[{"embeddable":true,"href":"https:\/\/cgfm.fr\/cgfmwp\/wp-json\/wp\/v2\/users\/5"}],"replies":[{"embeddable":true,"href":"https:\/\/cgfm.fr\/cgfmwp\/wp-json\/wp\/v2\/comments?post=2369"}],"version-history":[{"count":0,"href":"https:\/\/cgfm.fr\/cgfmwp\/wp-json\/wp\/v2\/posts\/2369\/revisions"}],"wp:featuredmedia":[{"embeddable":true,"href":"https:\/\/cgfm.fr\/cgfmwp\/wp-json\/wp\/v2\/media\/2387"}],"wp:attachment":[{"href":"https:\/\/cgfm.fr\/cgfmwp\/wp-json\/wp\/v2\/media?parent=2369"}],"wp:term":[{"taxonomy":"category","embeddable":true,"href":"https:\/\/cgfm.fr\/cgfmwp\/wp-json\/wp\/v2\/categories?post=2369"},{"taxonomy":"post_tag","embeddable":true,"href":"https:\/\/cgfm.fr\/cgfmwp\/wp-json\/wp\/v2\/tags?post=2369"}],"curies":[{"name":"wp","href":"https:\/\/api.w.org\/{rel}","templated":true}]}}