{"id":2270,"date":"2020-09-19T11:52:07","date_gmt":"2020-09-19T09:52:07","guid":{"rendered":"http:\/\/cgfm.fr\/cgfmwp\/?p=2270"},"modified":"2020-10-03T20:36:30","modified_gmt":"2020-10-03T18:36:30","slug":"sortie-club-2020","status":"publish","type":"post","link":"https:\/\/cgfm.fr\/cgfmwp\/sortie-club-2020\/","title":{"rendered":"Sortie club 2020 ."},"content":{"rendered":"<p>Cette ann\u00e9e Christine\u00a0 nous a trouv\u00e9 une sortie club\u00a0 du cot\u00e9\u00a0 d&rsquo;AMB\u00c9RIEU-EN-BUGEY ( 30 minutes de Lyon )<\/p>\n<p><a href=\"http:\/\/www.rondedesgrangeons.fr\/\">http:\/\/www.rondedesgrangeons.fr\/<\/a><\/p>\n<p><a href=\"https:\/\/cgfm.fr\/cgfmwp\/wp-content\/uploads\/2020\/09\/SORTIE-CLUB-2020.jpg\"><img loading=\"lazy\" decoding=\"async\" class=\"alignnone wp-image-2276\" src=\"https:\/\/cgfm.fr\/cgfmwp\/wp-content\/uploads\/2020\/09\/SORTIE-CLUB-2020-300x200.jpg\" alt=\"\" width=\"215\" height=\"143\" srcset=\"https:\/\/cgfm.fr\/cgfmwp\/wp-content\/uploads\/2020\/09\/SORTIE-CLUB-2020-300x200.jpg 300w, https:\/\/cgfm.fr\/cgfmwp\/wp-content\/uploads\/2020\/09\/SORTIE-CLUB-2020-768x512.jpg 768w, https:\/\/cgfm.fr\/cgfmwp\/wp-content\/uploads\/2020\/09\/SORTIE-CLUB-2020.jpg 1024w\" sizes=\"auto, (max-width: 215px) 100vw, 215px\" \/>\u00a0 <\/a><a href=\"https:\/\/cgfm.fr\/cgfmwp\/wp-content\/uploads\/2020\/09\/P1070394a.jpg\"><img loading=\"lazy\" decoding=\"async\" class=\"alignnone wp-image-2281\" src=\"https:\/\/cgfm.fr\/cgfmwp\/wp-content\/uploads\/2020\/09\/P1070394a-300x216.jpg\" alt=\"\" width=\"208\" height=\"150\" srcset=\"https:\/\/cgfm.fr\/cgfmwp\/wp-content\/uploads\/2020\/09\/P1070394a-300x216.jpg 300w, https:\/\/cgfm.fr\/cgfmwp\/wp-content\/uploads\/2020\/09\/P1070394a-768x553.jpg 768w, https:\/\/cgfm.fr\/cgfmwp\/wp-content\/uploads\/2020\/09\/P1070394a.jpg 1024w\" sizes=\"auto, (max-width: 208px) 100vw, 208px\" \/><\/a><\/p>\n<h5>Une partie des repr\u00e9sentants de cette sortie &#8230;<\/h5>\n<h5>( certains \u00e9tait d\u00e9j\u00e0 partis ou a l&rsquo;\u00e9chauffement 16 km \/ 27 km )<\/h5>\n<h6>Avec la \u00ab Ronde \u00bb venez d\u00e9couvrir les contreforts du bas Bugey,<br \/>\ntout au long des chemins et des routes jalonn\u00e9s par les vignes,<br \/>\nles c\u00f4teaux et les grangeons. Certains d\u2019entre eux offrent la possibilit\u00e9 aux coureurs de se ravitailler,<br \/>\naux marcheurs de d\u00e9guster les produits du terroir, au son des groupes de musique.<\/h6>\n<h4>Les diff\u00e9rentes \u00ab\u00a0\u00e9preuves officielles\u00a0\u00bb du jour :<\/h4>\n<ul>\n<li><strong>Ronde du Ramequin 26km\u00a0 1300 D +<\/strong><\/li>\n<li><strong>Ronde des Grangeons 16km 500 D +<\/strong><\/li>\n<li><strong>Ronde Express 9 km 250 D +\u00a0 \u00a0<\/strong><\/li>\n<li>&#8212;&#8212;&#8212;&#8212;&#8212;&#8212;&#8212;&#8212;&#8212;&#8212;&#8212;&#8212;&#8212;&#8212;&#8212;&#8212;&#8212;&#8212;&#8212;&#8212;&#8212;&#8212;&#8212;-<\/li>\n<li><b>\u00a0Voici donc les r\u00e9sultats de nos repr\u00e9sentants CGFM a commencer par ce 9 km\u00a0 ( 139 arrivants ): <\/b><strong>\u00a0\u00a0<\/strong><\/li>\n<\/ul>\n<p>83 -\u00e8me <strong>Estelle z<\/strong> sur avec une tr\u00e8s belle troisi\u00e8me place dans sa cat\u00e9gorie \u00a0en <strong>53 mn <a href=\"https:\/\/cgfm.fr\/cgfmwp\/wp-content\/uploads\/2019\/05\/45168947-smiley-heureux-dessin-anim\u00e9-\u00e9motic\u00f4ne-avec-clignotement-des-yeux.jpg\"><img loading=\"lazy\" decoding=\"async\" class=\"alignnone wp-image-1375\" src=\"https:\/\/cgfm.fr\/cgfmwp\/wp-content\/uploads\/2019\/05\/45168947-smiley-heureux-dessin-anim\u00e9-\u00e9motic\u00f4ne-avec-clignotement-des-yeux-300x300.jpg\" alt=\"\" width=\"33\" height=\"33\" srcset=\"https:\/\/cgfm.fr\/cgfmwp\/wp-content\/uploads\/2019\/05\/45168947-smiley-heureux-dessin-anim\u00e9-\u00e9motic\u00f4ne-avec-clignotement-des-yeux-300x300.jpg 300w, https:\/\/cgfm.fr\/cgfmwp\/wp-content\/uploads\/2019\/05\/45168947-smiley-heureux-dessin-anim\u00e9-\u00e9motic\u00f4ne-avec-clignotement-des-yeux-150x150.jpg 150w, https:\/\/cgfm.fr\/cgfmwp\/wp-content\/uploads\/2019\/05\/45168947-smiley-heureux-dessin-anim\u00e9-\u00e9motic\u00f4ne-avec-clignotement-des-yeux-768x768.jpg 768w, https:\/\/cgfm.fr\/cgfmwp\/wp-content\/uploads\/2019\/05\/45168947-smiley-heureux-dessin-anim\u00e9-\u00e9motic\u00f4ne-avec-clignotement-des-yeux-1024x1024.jpg 1024w, https:\/\/cgfm.fr\/cgfmwp\/wp-content\/uploads\/2019\/05\/45168947-smiley-heureux-dessin-anim\u00e9-\u00e9motic\u00f4ne-avec-clignotement-des-yeux.jpg 1300w\" sizes=\"auto, (max-width: 33px) 100vw, 33px\" \/><\/a><\/strong><\/p>\n<p>108 -\u00e8me <strong>Martine S<\/strong> en<strong> 58 mn<\/strong> et \u00e9galement 1 \u00e8re dans sa cat\u00e9gorie<\/p>\n<p>112 -\u00e8me <strong>Serge\u00a0 59 mn\u00a0<\/strong> et 2 -\u00e8me dans sa cat\u00e9gorie\u00a0 mais derri\u00e8re\u00a0 Martine\u00a0 <a href=\"https:\/\/cgfm.fr\/cgfmwp\/wp-content\/uploads\/2019\/05\/lol-37.gif\"><img loading=\"lazy\" decoding=\"async\" class=\"alignnone wp-image-1346\" src=\"https:\/\/cgfm.fr\/cgfmwp\/wp-content\/uploads\/2019\/05\/lol-37.gif\" alt=\"\" width=\"46\" height=\"34\" \/><\/a><\/p>\n<p>123\/124\u00a0 -\u00e8me <b>Christine K\u00a0 et France\u00a0 <\/b>\u00a0dans un m\u00eame temps\u00a0 de<\/p>\n<p>1 h 01\u00a0 et une belle 2 -\u00e8me place dans sa cat\u00e9gorie pour<strong> Christine<\/strong> .<\/p>\n<hr \/>\n<h6>\u00a0Sur le\u00a0 16 km\u00a0 \u00a0(300 arrivants )<\/h6>\n<p>&nbsp;<\/p>\n<p><strong>Anthony<\/strong><strong> ( fils de Christine ) a une belle 49 \u00e8me place en\u00a0 1h 20 mn\u00a0 .<\/strong><\/p>\n<p>&nbsp;<\/p>\n<p><b>Audrey\u00a0 .\u00a0 <\/b><a href=\"https:\/\/cgfm.fr\/cgfmwp\/wp-content\/uploads\/2020\/09\/20200914_232007.jpg\"><b><img loading=\"lazy\" decoding=\"async\" class=\"alignnone size-medium wp-image-2298\" src=\"https:\/\/cgfm.fr\/cgfmwp\/wp-content\/uploads\/2020\/09\/20200914_232007-146x300.jpg\" alt=\"\" width=\"146\" height=\"300\" srcset=\"https:\/\/cgfm.fr\/cgfmwp\/wp-content\/uploads\/2020\/09\/20200914_232007-146x300.jpg 146w, https:\/\/cgfm.fr\/cgfmwp\/wp-content\/uploads\/2020\/09\/20200914_232007.jpg 288w\" sizes=\"auto, (max-width: 146px) 100vw, 146px\" \/>\u00a0 \u00a0<\/b><span style=\"color: #41a62a;\"><b>d\u00e9part<\/b><\/span><b> le sourire<\/b> !<\/a><\/p>\n<p>qui boucle\u00a0 ses 16 km en 1 h 39 mn ! et termine donc a la 156 -\u00e8me place . Bravo <a href=\"https:\/\/cgfm.fr\/cgfmwp\/wp-content\/uploads\/2019\/05\/bravo-10.gif\"><img loading=\"lazy\" decoding=\"async\" class=\"alignnone size-full wp-image-1347\" src=\"https:\/\/cgfm.fr\/cgfmwp\/wp-content\/uploads\/2019\/05\/bravo-10.gif\" alt=\"\" width=\"66\" height=\"66\" \/>\u00a0\u00a0<\/a><\/p>\n<p><em>\u00ab\u00a0J&rsquo;ai v\u00e9cu un superbe week-end, fort en sensations et \u00e9motions. J&rsquo;y ai d\u00e9couvert une superbe ambiance de groupe, un joli m\u00e9lange de rires, de partage, de bonne humeur. Pour une premi\u00e8re course, le challenge est au RDV. Entre appr\u00e9hension et excitation, c&rsquo;est l&rsquo;occasion d&rsquo;aller \u00e0 la rencontre de soi, d&rsquo;aller chercher ses ressources int\u00e9rieures qui nous \u00e9l\u00e8vent et nous am\u00e8nent \u00e0 nous surpasser. La course est longue, les mont\u00e9es sont rudes, mais le plaisir de courir avec tous les autres est plus fort et me donne l&rsquo;\u00e9nergie pour progresser, foul\u00e9e apr\u00e8s foul\u00e9e. Et quelle fiert\u00e9 \u00e0 l&rsquo;arriv\u00e9e, avec les camarades qui nous accompagnent dans les derniers m\u00e8tres avec leurs encouragements et leur sourire. Tr\u00e8s belle exp\u00e9rience sportive et humaine. Merci au club pour ce moment v\u00e9cu ensemble.\u00a0\u00bb<\/em><\/p>\n<p>Audrey .<\/p>\n<p>suivi de\u00a0<b> Julian <\/b>en 1 h 42 \/ 194 -\u00e8me place<\/p>\n<p><em>Ce fut ma premi\u00e8re sortie Club depuis que je suis arriv\u00e9 mais aussi ma premi\u00e8re course Trail en comp\u00e9tition. Un tr\u00e8s beau parcours partag\u00e9 avec les nombreux marcheurs et les chiens, ce qui ne nous rendait pas la t\u00e2che facile.\u00a0<span style=\"font-family: Wingdings, serif;\">\uf04a<\/span><\/em><\/p>\n<p><em>Entrain\u00e9 par l\u2019enthousiasme collectif du d\u00e9part, j\u2019\u00e9tais parti trop vite, ce qui m\u2019a fait souffrir un peu au 10-12 km en \u00e9tant au bout du souffle. Je me suis senti d\u00e9stabilis\u00e9 \u00e0 l\u2019arriv\u00e9 car elle \u00e9tait invisible et encombr\u00e9e. N\u00e9anmoins, j\u2019ai mis moins de temps que celui que j\u2019avais estim\u00e9. Je suis revenu avec quelque courbatures dans mes jambes (mais rien de cass\u00e9, contrairement \u00e0 d\u2019autres) et surtout avec des rep\u00e8res utiles dans ma poche pour ce genre de course. Vive la prochaine.<\/em><\/p>\n<p><b>Iulian P. <\/b><\/p>\n<p>Puis\u00a0<strong> Michel W<\/strong> 1 h 46 mn\u00a0 \/ 222 -\u00e8me place<\/p>\n<p><em>\u00ab\u00a0<\/em><span style=\"font-family: Times New Roman, Times, serif;\"><span style=\"font-family: Times New Roman, Times, serif;\"><span style=\"font-family: Times New Roman, Times, serif;\"><span style=\"font-family: Times New Roman, Times, serif;\"><em> course sans histoire, r\u00e9sultat conforme \u00e0 mes attentes. Impressions : terrain pas \u00e9vident, accident\u00e9 avec un sol irr\u00e9gulier (beaucoup de cailloux) et un parcours fr\u00e9quent\u00e9 (beaucoup de marcheurs, cani-cross, marche nordique, marche festive) ralentissant parfois la progression (mais bonne ambiance du coup). Une sortie club tr\u00e8s r\u00e9ussie comme d&rsquo;habitude avec une organisation au top de Christine et au final un excellent week-end.\u00a0\u00bb<\/em><br \/>\n<\/span><\/span><\/span><\/span><\/p>\n<p>Michel .<\/p>\n<p>et<strong> Claude<\/strong> \u00a0\u00bb le retour\u00a0\u00bb <a href=\"https:\/\/cgfm.fr\/cgfmwp\/wp-content\/uploads\/2019\/05\/bravo-11.gif\"><img loading=\"lazy\" decoding=\"async\" class=\"alignnone wp-image-1348\" src=\"https:\/\/cgfm.fr\/cgfmwp\/wp-content\/uploads\/2019\/05\/bravo-11.gif\" alt=\"\" width=\"40\" height=\"40\" \/><\/a> \u00ab\u00a0un revenant\u00a0\u00bb en 1 h 54 256 -\u00e8me et une tr\u00e8s belle 2 -\u00e8me place dans sa cat\u00e9gorie . Bravo Claude <a href=\"https:\/\/cgfm.fr\/cgfmwp\/wp-content\/uploads\/2020\/09\/OIP.jpg\"><img loading=\"lazy\" decoding=\"async\" class=\"alignnone wp-image-2263\" src=\"https:\/\/cgfm.fr\/cgfmwp\/wp-content\/uploads\/2020\/09\/OIP-300x300.jpg\" alt=\"\" width=\"26\" height=\"26\" srcset=\"https:\/\/cgfm.fr\/cgfmwp\/wp-content\/uploads\/2020\/09\/OIP-300x300.jpg 300w, https:\/\/cgfm.fr\/cgfmwp\/wp-content\/uploads\/2020\/09\/OIP-150x150.jpg 150w, https:\/\/cgfm.fr\/cgfmwp\/wp-content\/uploads\/2020\/09\/OIP.jpg 474w\" sizes=\"auto, (max-width: 26px) 100vw, 26px\" \/><\/a><\/p>\n<p><b><a href=\"https:\/\/cgfm.fr\/cgfmwp\/wp-content\/uploads\/2020\/09\/P1070381a.jpg\"><img loading=\"lazy\" decoding=\"async\" class=\"alignnone size-medium wp-image-2299\" src=\"https:\/\/cgfm.fr\/cgfmwp\/wp-content\/uploads\/2020\/09\/P1070381a-300x246.jpg\" alt=\"\" width=\"300\" height=\"246\" srcset=\"https:\/\/cgfm.fr\/cgfmwp\/wp-content\/uploads\/2020\/09\/P1070381a-300x246.jpg 300w, https:\/\/cgfm.fr\/cgfmwp\/wp-content\/uploads\/2020\/09\/P1070381a-768x631.jpg 768w, https:\/\/cgfm.fr\/cgfmwp\/wp-content\/uploads\/2020\/09\/P1070381a.jpg 935w\" sizes=\"auto, (max-width: 300px) 100vw, 300px\" \/><\/a>Anthony \/Julian\/Audrey<\/b><\/p>\n<h4>\u00a0En parlant de cat\u00e9gorie &#8230;<\/h4>\n<h4>passons aux plus costauds\u00a0 : le 26 km ( 193 arrivants)<\/h4>\n<h4>ou trois de nos membres ont pris le d\u00e9part\u00a0 :<strong> Fredo \/ Laurent \/ Pierre.<\/strong><\/h4>\n<h4><strong>Fredo\u00a0<\/strong> arrive a la 55 -\u00e8me place en 3 h 02 mn\u00a0 malgr\u00e9 quelques soucis de crampes mais une belle 3 -\u00e8me dans sa cat\u00e9gorie\u00a0 <a href=\"https:\/\/cgfm.fr\/cgfmwp\/wp-content\/uploads\/2019\/05\/bravo-10.gif\"><img loading=\"lazy\" decoding=\"async\" class=\"alignnone size-full wp-image-1347\" src=\"https:\/\/cgfm.fr\/cgfmwp\/wp-content\/uploads\/2019\/05\/bravo-10.gif\" alt=\"\" width=\"66\" height=\"66\" \/><\/a><\/h4>\n<h5><strong>Puis\u00a0 Laurent<\/strong>\u00a0 : 64 -\u00e8me\u00a0 en 3 h 06 mn avec \u00e9galement qq soucis &#8230; pour lui une erreur d&rsquo;aiguillage !<a href=\"https:\/\/cgfm.fr\/cgfmwp\/wp-content\/uploads\/2020\/08\/5fc6189152faa36c902c7a14f9837c76-smiley-faces-emojis.jpg\">\u00a0\u00a0<\/a><img loading=\"lazy\" decoding=\"async\" class=\"alignnone wp-image-2217\" src=\"https:\/\/cgfm.fr\/cgfmwp\/wp-content\/uploads\/2020\/08\/5fc6189152faa36c902c7a14f9837c76-smiley-faces-emojis-300x300.jpg\" alt=\"\" width=\"53\" height=\"53\" srcset=\"https:\/\/cgfm.fr\/cgfmwp\/wp-content\/uploads\/2020\/08\/5fc6189152faa36c902c7a14f9837c76-smiley-faces-emojis-300x300.jpg 300w, https:\/\/cgfm.fr\/cgfmwp\/wp-content\/uploads\/2020\/08\/5fc6189152faa36c902c7a14f9837c76-smiley-faces-emojis-150x150.jpg 150w, https:\/\/cgfm.fr\/cgfmwp\/wp-content\/uploads\/2020\/08\/5fc6189152faa36c902c7a14f9837c76-smiley-faces-emojis.jpg 480w\" sizes=\"auto, (max-width: 53px) 100vw, 53px\" \/><\/h5>\n<h5><strong>\u00a0Pierre<\/strong> : 180 -\u00e8me en &#8230;. 4 h 25 mn<\/h5>\n<p><a href=\"https:\/\/cgfm.fr\/cgfmwp\/wp-content\/uploads\/2020\/09\/Pierre.png\"><img loading=\"lazy\" decoding=\"async\" class=\"alignnone size-full wp-image-2283\" src=\"https:\/\/cgfm.fr\/cgfmwp\/wp-content\/uploads\/2020\/09\/Pierre.png\" alt=\"\" width=\"171\" height=\"191\" \/><\/a><\/p>\n<p><em>\u00ab 4:25:29\u2026c\u2019est le temps que j\u2019ai pass\u00e9 pour effectuer les 27km et les 1400 D+ de cette Ronde du Ramequin. \u00c7a peut para\u00eetre beaucoup, mais pour moi, l\u2019essentiel \u00e9tait de finir ! C\u2019\u00e9tait la course des premi\u00e8res fois\u2026premi\u00e8re fois sur une distance aussi longue, premi\u00e8re fois sur un aussi grand d\u00e9nivel\u00e9 et premi\u00e8re fois sur un effort aussi long\u2026Le parcours m\u2019a sembl\u00e9 tr\u00e8s difficile avec ses successions de mont\u00e9es (parfois jusqu\u2019\u00e0 3km \u00e0 la file\u2026) et de descentes plus techniques les unes que les autres (le camp des moines pour ceux \u00e0 qui \u00e7a parle \u2026). Quand on est un grimpeur moyen et un descendeur plus que moyen, \u00e7a laisse peu d\u2019endroits o\u00f9 gagner un peu de temps ou plut\u00f4t pour ne pas en perdre ! N\u2019ayant pas d\u2019exp\u00e9rience sur cette distance et ce d\u00e9nivel\u00e9, j\u2019a choisi de g\u00e9rer en commen\u00e7ant pas trop vite et en terminant\u2026doucement Les crampes aussi \u00e9taient de la partie, et \u00e0 10km de l\u2019arriv\u00e9e, j\u2019ai du faire avec avec comme seul but\u2026la ligne d&rsquo;arriv\u00e9e ! Mais quel ravissement d\u2019arriver au bout\u2026les jambes douloureuses, mais pas si mal d\u2019un point de vue fatigue et avec le moral ! Sinon, la Ronde du Ramequin, c\u2019est aussi de superbes points de vue sur la plaine, de beaux ch\u00e2teaux, des ruines, des for\u00eats\u2026bref un parcours difficile et magnifique \u00e0 la fois ! Un grand merci \u00e0 Christine pour l\u2019organisation sans faille de ce we, \u00e0 G\u00e9rard pour ses conseils avis\u00e9s d\u2019avant course (eh oui, G\u00e9rard, j\u2019ai r\u00e9alis\u00e9 l\u2019objectif que tu m\u2019as fix\u00e9 avec humour dans le bus\u2026;) ) et bien sur \u00e0 Eric pour ses entra\u00eenements du mercredi soir ainsi que pour ses conseils avis\u00e9s\u2026 Un grand bravo plus g\u00e9n\u00e9ral \u00e0 tous les participants \u00e0 cette sortie pour leur empathie et leur bonne humeur. A refaire sans mod\u00e9ration\u2026 ! \u00bb<\/em><\/p>\n<p>Pierre .<\/p>\n<h4>\u00a0et pour un bon r\u00e9sultat d&rsquo;ensemble voici la belle r\u00e9compense :\u00a0 \u00a0 \u00a0 \u00a0 \u00a0 \u00a0 \u00a0<a href=\"https:\/\/cgfm.fr\/cgfmwp\/wp-content\/uploads\/2020\/09\/2603413025824739916.jpg\"><img loading=\"lazy\" decoding=\"async\" class=\"alignnone size-medium wp-image-2302\" src=\"https:\/\/cgfm.fr\/cgfmwp\/wp-content\/uploads\/2020\/09\/2603413025824739916-181x300.jpg\" alt=\"\" width=\"181\" height=\"300\" \/><\/a><\/h4>\n<p>&nbsp;<\/p>\n<p><strong>Et comme c&rsquo;\u00e9tait une sortie club\u00a0 : il en fallait pour tout le monde :<\/strong><\/p>\n<p>Donc il y avait \u00e9galement une marche de 9km pour tout les autres participants a cette sortie club2020 :<strong> Bernard \/ Philippe \/ Christel \/\u00a0 Sylvie\u00a0 \/ Dom \/ Gerard .<\/strong><\/p>\n<p>&#8212;&#8212;&#8212;&#8212;&#8212;&#8212;&#8212;&#8212;&#8212;&#8212;&#8212;&#8212;&#8212;&#8212;&#8212;&#8212;&#8212;&#8212;&#8212;&#8212;&#8212;&#8212;&#8212;&#8212;&#8212;&#8212;&#8212;&#8212;-<\/p>\n<h4><strong>Et pour finir dans la tradition d&rsquo;une sortie club ou l&rsquo;on\u00a0 ne fait pas que courir&#8230;<\/strong><\/h4>\n<p>Voici les\u00a0 diff\u00e9rents lieux visit\u00e9s la veille de ces \u00e9preuves :<\/p>\n<h5>Grotte de la Balme :<\/h5>\n<p><a href=\"https:\/\/www.grotteslabalme.com\/fr\/\">https:\/\/www.grotteslabalme.com\/fr\/<\/a><\/p>\n<p><a href=\"https:\/\/cgfm.fr\/cgfmwp\/wp-content\/uploads\/2020\/09\/20200905_154201_resized_1.jpg\"><img loading=\"lazy\" decoding=\"async\" class=\"alignnone size-medium wp-image-2284\" src=\"https:\/\/cgfm.fr\/cgfmwp\/wp-content\/uploads\/2020\/09\/20200905_154201_resized_1-225x300.jpg\" alt=\"\" width=\"225\" height=\"300\" srcset=\"https:\/\/cgfm.fr\/cgfmwp\/wp-content\/uploads\/2020\/09\/20200905_154201_resized_1-225x300.jpg 225w, https:\/\/cgfm.fr\/cgfmwp\/wp-content\/uploads\/2020\/09\/20200905_154201_resized_1.jpg 612w\" sizes=\"auto, (max-width: 225px) 100vw, 225px\" \/>\u00a0\u00a0\u00a0\u00a0<\/a> <a href=\"https:\/\/cgfm.fr\/cgfmwp\/wp-content\/uploads\/2020\/09\/20200905_162347_resized_1.jpg\"><img loading=\"lazy\" decoding=\"async\" class=\"alignnone size-medium wp-image-2285\" src=\"https:\/\/cgfm.fr\/cgfmwp\/wp-content\/uploads\/2020\/09\/20200905_162347_resized_1-225x300.jpg\" alt=\"\" width=\"225\" height=\"300\" srcset=\"https:\/\/cgfm.fr\/cgfmwp\/wp-content\/uploads\/2020\/09\/20200905_162347_resized_1-225x300.jpg 225w, https:\/\/cgfm.fr\/cgfmwp\/wp-content\/uploads\/2020\/09\/20200905_162347_resized_1.jpg 612w\" sizes=\"auto, (max-width: 225px) 100vw, 225px\" \/><\/a><\/p>\n<p><a href=\"https:\/\/cgfm.fr\/cgfmwp\/wp-content\/uploads\/2020\/09\/20200905_162946_resized_1.jpg\"><img loading=\"lazy\" decoding=\"async\" class=\"alignnone wp-image-2286\" src=\"https:\/\/cgfm.fr\/cgfmwp\/wp-content\/uploads\/2020\/09\/20200905_162946_resized_1-300x225.jpg\" alt=\"\" width=\"231\" height=\"173\" srcset=\"https:\/\/cgfm.fr\/cgfmwp\/wp-content\/uploads\/2020\/09\/20200905_162946_resized_1-300x225.jpg 300w, https:\/\/cgfm.fr\/cgfmwp\/wp-content\/uploads\/2020\/09\/20200905_162946_resized_1-768x576.jpg 768w, https:\/\/cgfm.fr\/cgfmwp\/wp-content\/uploads\/2020\/09\/20200905_162946_resized_1.jpg 816w\" sizes=\"auto, (max-width: 231px) 100vw, 231px\" \/>\u00a0\u00a0<\/a> <a href=\"https:\/\/cgfm.fr\/cgfmwp\/wp-content\/uploads\/2020\/09\/20200905_163229_resized_1.jpg\"><img loading=\"lazy\" decoding=\"async\" class=\"alignnone wp-image-2287\" src=\"https:\/\/cgfm.fr\/cgfmwp\/wp-content\/uploads\/2020\/09\/20200905_163229_resized_1-300x225.jpg\" alt=\"\" width=\"221\" height=\"166\" srcset=\"https:\/\/cgfm.fr\/cgfmwp\/wp-content\/uploads\/2020\/09\/20200905_163229_resized_1-300x225.jpg 300w, https:\/\/cgfm.fr\/cgfmwp\/wp-content\/uploads\/2020\/09\/20200905_163229_resized_1-768x576.jpg 768w, https:\/\/cgfm.fr\/cgfmwp\/wp-content\/uploads\/2020\/09\/20200905_163229_resized_1.jpg 816w\" sizes=\"auto, (max-width: 221px) 100vw, 221px\" \/><\/a><\/p>\n<p><a href=\"https:\/\/cgfm.fr\/cgfmwp\/wp-content\/uploads\/2020\/09\/20200905_164229_resized_1.jpg\"><img loading=\"lazy\" decoding=\"async\" class=\"alignnone wp-image-2288\" src=\"https:\/\/cgfm.fr\/cgfmwp\/wp-content\/uploads\/2020\/09\/20200905_164229_resized_1-300x225.jpg\" alt=\"\" width=\"217\" height=\"163\" srcset=\"https:\/\/cgfm.fr\/cgfmwp\/wp-content\/uploads\/2020\/09\/20200905_164229_resized_1-300x225.jpg 300w, https:\/\/cgfm.fr\/cgfmwp\/wp-content\/uploads\/2020\/09\/20200905_164229_resized_1-768x576.jpg 768w, https:\/\/cgfm.fr\/cgfmwp\/wp-content\/uploads\/2020\/09\/20200905_164229_resized_1.jpg 816w\" sizes=\"auto, (max-width: 217px) 100vw, 217px\" \/><\/a><\/p>\n<h6>merci Martine . S <a href=\"https:\/\/cgfm.fr\/cgfmwp\/wp-content\/uploads\/2020\/09\/OIP.jpg\"><img loading=\"lazy\" decoding=\"async\" class=\"alignnone wp-image-2263\" src=\"https:\/\/cgfm.fr\/cgfmwp\/wp-content\/uploads\/2020\/09\/OIP-300x300.jpg\" alt=\"\" width=\"44\" height=\"44\" srcset=\"https:\/\/cgfm.fr\/cgfmwp\/wp-content\/uploads\/2020\/09\/OIP-300x300.jpg 300w, https:\/\/cgfm.fr\/cgfmwp\/wp-content\/uploads\/2020\/09\/OIP-150x150.jpg 150w, https:\/\/cgfm.fr\/cgfmwp\/wp-content\/uploads\/2020\/09\/OIP.jpg 474w\" sizes=\"auto, (max-width: 44px) 100vw, 44px\" \/><\/a> pour ces photos .<\/h6>\n<p>&nbsp;<\/p>\n<h5>\u00a0Et une visite \/d\u00e9gustation au Cellier Lingot Martin<\/h5>\n<p><a href=\"https:\/\/cgfm.fr\/cgfmwp\/wp-content\/uploads\/2020\/09\/vin.jpg\"><img loading=\"lazy\" decoding=\"async\" class=\"alignnone wp-image-2290\" src=\"https:\/\/cgfm.fr\/cgfmwp\/wp-content\/uploads\/2020\/09\/vin-300x225.jpg\" alt=\"\" width=\"143\" height=\"107\" \/>\u00a0\u00a0\u00a0 https:\/\/www.lingot-martin.fr\/<\/a><\/p>\n<h6>aussi Dominique n&rsquo;a pas manqu\u00e9 de nous \u00e9tonner en commandant un super verre vin de rouge lors du repas ( parole de Pr\u00e9sident )<\/h6>\n<p>&nbsp;<\/p>\n<p><a href=\"https:\/\/cgfm.fr\/cgfmwp\/wp-content\/uploads\/2020\/09\/8957345060573661662.jpg\">\u00a0 \u00a0 \u00a0 <img loading=\"lazy\" decoding=\"async\" class=\"alignnone wp-image-2303\" src=\"https:\/\/cgfm.fr\/cgfmwp\/wp-content\/uploads\/2020\/09\/8957345060573661662-181x300.jpg\" alt=\"\" width=\"79\" height=\"131\" \/><\/a><a href=\"https:\/\/cgfm.fr\/cgfmwp\/wp-content\/uploads\/2019\/05\/bravo-11.gif\"><img loading=\"lazy\" decoding=\"async\" class=\"alignnone size-full wp-image-1348\" src=\"https:\/\/cgfm.fr\/cgfmwp\/wp-content\/uploads\/2019\/05\/bravo-11.gif\" alt=\"\" width=\"66\" height=\"66\" \/><\/a><\/p>\n<h3>Une fois de plus un grand Bravo a Christine pour cette nouvelle\u00a0 organisation r\u00e9ussie\u00a0 !<a style=\"font-weight: bold;\" href=\"https:\/\/cgfm.fr\/cgfmwp\/wp-content\/uploads\/2019\/05\/lol-35.gif\"><img loading=\"lazy\" decoding=\"async\" class=\"alignnone wp-image-1349\" src=\"https:\/\/cgfm.fr\/cgfmwp\/wp-content\/uploads\/2019\/05\/lol-35.gif\" alt=\"\" width=\"56\" height=\"56\" \/><\/a> <a style=\"font-weight: bold;\" href=\"https:\/\/cgfm.fr\/cgfmwp\/wp-content\/uploads\/2019\/05\/bravo-10.gif\"><img loading=\"lazy\" decoding=\"async\" class=\"alignnone size-full wp-image-1347\" src=\"https:\/\/cgfm.fr\/cgfmwp\/wp-content\/uploads\/2019\/05\/bravo-10.gif\" alt=\"\" width=\"66\" height=\"66\" \/><\/a> <a style=\"font-weight: bold;\" href=\"https:\/\/cgfm.fr\/cgfmwp\/wp-content\/uploads\/2019\/05\/bravo-11.gif\"><img loading=\"lazy\" decoding=\"async\" class=\"alignnone size-full wp-image-1348\" src=\"https:\/\/cgfm.fr\/cgfmwp\/wp-content\/uploads\/2019\/05\/bravo-11.gif\" alt=\"\" width=\"66\" height=\"66\" \/>\u00a0<\/a><\/h3>\n<h4>\u00a0qq mots de notre Pr\u00e9sident dont c&rsquo;\u00e9tait une premi\u00e8re sortie club\u00a0 \u00a0:<\/h4>\n<p><em>Par deux fois j&rsquo;ai \u00e9t\u00e9 oblig\u00e9 d&rsquo;annuler le d\u00e9placement club, suite \u00e0 des d\u00e9c\u00e8s dans la famille. Mais cette ann\u00e9e j&rsquo;ai pu participer \u00e0 ce d\u00e9placement que beaucoup d&rsquo;athl\u00e8tes du club appr\u00e9ciaient. J&rsquo;ai pu discuter avec des personnes que je ne voyais que furtivement les mercredis soirs, tellement je devais r\u00e9pondre \u00e0 toutes les sollicitations. C&rsquo;\u00e9tait tr\u00e8s agr\u00e9able de pouvoir prendre des repas, un petit d\u00e9jeuner dans un autre cadre et les liens se tissent agr\u00e9ablement. Merci \u00e0 notre Christine pour toute cette organisation : La visite d&rsquo;une cave, suivi de d\u00e9gustations, et certain en avait bien profit\u00e9. Je tairai les noms&#8230; Notre labyrinthe dans une grotte exceptionnelle ou certain on m\u00eame failli se perdre. Et bien sur la comp\u00e9tition, sous un soleil tr\u00e8s agr\u00e9able ou Laurent a pr\u00e9f\u00e9rer m\u00eame faire deux voire trois kms en plus &#8230;. Les organisateurs \u00e9taient surpris de voir un club venir d&rsquo;aussi loin et nous ont remis une tr\u00e8s belle corbeille de produits du terroir que nous d\u00e9gusterons tous ensemble apr\u00e8s un entrainement dans nos vestiaires. Nous renouvelleront une sortie l&rsquo;ann\u00e9e prochaine. Tout le monde y est convi\u00e9. Chaque ann\u00e9e Christine trouve une comp\u00e9tition et un lieu diff\u00e9rent et je lui fais d\u00e9j\u00e0 confiance pour l&rsquo;ann\u00e9e prochaine\u00a0 !\u00a0<\/em><\/p>\n<p><strong>Bernard .<\/strong><\/p>\n<p><span style=\"font-family: Times New Roman, Times, serif;\">\u00a0<\/span><\/p>\n","protected":false},"excerpt":{"rendered":"<p>Cette ann\u00e9e Christine\u00a0 nous a trouv\u00e9 une sortie club\u00a0 du cot\u00e9\u00a0 d&rsquo;AMB\u00c9RIEU-EN-BUGEY ( 30 minutes de Lyon ) http:\/\/www.rondedesgrangeons.fr\/ \u00a0 Une partie des repr\u00e9sentants de cette sortie &#8230; ( certains \u00e9tait d\u00e9j\u00e0 partis ou a l&rsquo;\u00e9chauffement 16 km \/ 27 km ) Avec la \u00ab Ronde \u00bb venez d\u00e9couvrir les contreforts du bas Bugey, tout &hellip; <\/p>\n<p class=\"link-more\"><a href=\"https:\/\/cgfm.fr\/cgfmwp\/sortie-club-2020\/\" class=\"more-link\">Lire la suite de<span class=\"screen-reader-text\">\u00ab\u00a0Sortie club 2020 .\u00a0\u00bb<\/span><\/a><\/p>\n","protected":false},"author":5,"featured_media":0,"comment_status":"open","ping_status":"open","sticky":false,"template":"","format":"standard","meta":{"footnotes":""},"categories":[23],"tags":[],"class_list":["post-2270","post","type-post","status-publish","format-standard","hentry","category-un-weekend-de-depaysement"],"_links":{"self":[{"href":"https:\/\/cgfm.fr\/cgfmwp\/wp-json\/wp\/v2\/posts\/2270","targetHints":{"allow":["GET"]}}],"collection":[{"href":"https:\/\/cgfm.fr\/cgfmwp\/wp-json\/wp\/v2\/posts"}],"about":[{"href":"https:\/\/cgfm.fr\/cgfmwp\/wp-json\/wp\/v2\/types\/post"}],"author":[{"embeddable":true,"href":"https:\/\/cgfm.fr\/cgfmwp\/wp-json\/wp\/v2\/users\/5"}],"replies":[{"embeddable":true,"href":"https:\/\/cgfm.fr\/cgfmwp\/wp-json\/wp\/v2\/comments?post=2270"}],"version-history":[{"count":0,"href":"https:\/\/cgfm.fr\/cgfmwp\/wp-json\/wp\/v2\/posts\/2270\/revisions"}],"wp:attachment":[{"href":"https:\/\/cgfm.fr\/cgfmwp\/wp-json\/wp\/v2\/media?parent=2270"}],"wp:term":[{"taxonomy":"category","embeddable":true,"href":"https:\/\/cgfm.fr\/cgfmwp\/wp-json\/wp\/v2\/categories?post=2270"},{"taxonomy":"post_tag","embeddable":true,"href":"https:\/\/cgfm.fr\/cgfmwp\/wp-json\/wp\/v2\/tags?post=2270"}],"curies":[{"name":"wp","href":"https:\/\/api.w.org\/{rel}","templated":true}]}}