{"id":1966,"date":"2019-12-02T10:11:38","date_gmt":"2019-12-02T09:11:38","guid":{"rendered":"http:\/\/cgfm.fr\/cgfmwp\/?p=1966"},"modified":"2020-01-13T18:38:17","modified_gmt":"2020-01-13T17:38:17","slug":"le-temps-des-telethons","status":"publish","type":"post","link":"https:\/\/cgfm.fr\/cgfmwp\/le-temps-des-telethons\/","title":{"rendered":"le temps des T\u00e9l\u00e9thons"},"content":{"rendered":"<p>&nbsp;<\/p>\n<p><img loading=\"lazy\" decoding=\"async\" class=\"irc_mi\" src=\"http:\/\/www.jogging-plus.com\/wp-content\/uploads\/2018\/10\/trail-telethon-buhl.png\" alt=\"R\u00e9sultat de recherche d'images pour &quot;TELETHON DE BUHL 2019&quot;\" width=\"350\" height=\"250\" \/><\/p>\n<h4>\u00a0le trail s&rsquo;associe au T\u00e9l\u00e9thon\u00a0 &#8230; pourquoi pas ,\u00a0 c&rsquo;est compatible !<\/h4>\n<h4>\u00a0 \u00a0 \u00a0 \u00a0 \u00a0 \u00a0 \u00a0 \u00a0Esprit de solidarit\u00e9 oblige .<\/h4>\n<p><strong>Pierre<\/strong> y a particip\u00e9 et nous fait part de son parcours &#8230;.<\/p>\n<div class=\"\"><em>\u00ab H\u00e9sitant \u00e0 prendre un dossard jusqu\u2019\u00e0 la derni\u00e8re minute, c\u2019est le matin m\u00eame de la course, sur place, que je me suis inscrit pour le 18 km de ce 3\u00e8me Trail du T\u00e9l\u00e9thon \u00e0 Buhl (68). 800m de d\u00e9nivel\u00e9 positif annonc\u00e9, mais au final ma montre indiquera 641m de D+. Je finirai la course 104\u00e8me sur 226 class\u00e9s en 01:52:29.<\/em><\/div>\n<div><a href=\"https:\/\/cgfm.fr\/cgfmwp\/wp-content\/uploads\/2019\/12\/IMG_6463-e1575275928673.jpg\"><img loading=\"lazy\" decoding=\"async\" class=\"alignnone  wp-image-1970\" src=\"https:\/\/cgfm.fr\/cgfmwp\/wp-content\/uploads\/2019\/12\/IMG_6463-e1575275928673-300x259.jpg\" alt=\"\" width=\"203\" height=\"175\" srcset=\"https:\/\/cgfm.fr\/cgfmwp\/wp-content\/uploads\/2019\/12\/IMG_6463-e1575275928673-300x259.jpg 300w, https:\/\/cgfm.fr\/cgfmwp\/wp-content\/uploads\/2019\/12\/IMG_6463-e1575275928673.jpg 310w\" sizes=\"auto, (max-width: 203px) 100vw, 203px\" \/><\/a><\/div>\n<div><\/div>\n<div><\/div>\n<div><\/div>\n<div class=\"\"><em> C\u2019\u00e9tait ma premi\u00e8re sur cette distance en trail (mes deux seuls trails ou plut\u00f4t \u00ab course de montagne \u00bb \u00e9taient sur 13 et 14 km cet \u00e9t\u00e9).<\/em><\/div>\n<div class=\"\"><em> Au del\u00e0 de \u00e7a, c\u2019\u00e9tait surtout ma premi\u00e8re en terrain boueux ! Et je peux dire que ce fut un bapt\u00eame r\u00e9ussi (ou pas !) puisque j\u2019ai go\u00fbt\u00e9 \u00e0 cette boue \u00e0 2km de la fin suite \u00e0 un gadin m\u00e9morable dans une descente tr\u00e8s raide couverte d\u2019une couche de 10cm de boue.<\/em><\/div>\n<div><a href=\"https:\/\/cgfm.fr\/cgfmwp\/wp-content\/uploads\/2019\/12\/IMG_6768.jpg\"><img loading=\"lazy\" decoding=\"async\" class=\"alignnone  wp-image-1969\" src=\"https:\/\/cgfm.fr\/cgfmwp\/wp-content\/uploads\/2019\/12\/IMG_6768-300x225.jpg\" alt=\"\" width=\"199\" height=\"149\" srcset=\"https:\/\/cgfm.fr\/cgfmwp\/wp-content\/uploads\/2019\/12\/IMG_6768-300x225.jpg 300w, https:\/\/cgfm.fr\/cgfmwp\/wp-content\/uploads\/2019\/12\/IMG_6768.jpg 640w\" sizes=\"auto, (max-width: 199px) 100vw, 199px\" \/><\/a><\/div>\n<div class=\"\"><em> Roul\u00e9-boul\u00e9 dans la gadoue et je me retrouve sur mes cannes pour finir la course\u2026Plus de peur que de mal ! C\u2019est donc macul\u00e9 de boue de la t\u00eate aux pieds que je passe la ligne d\u2019arriv\u00e9e, satisfait d\u2019avoir augment\u00e9 ma distance sur ce type de course et d\u2019avoir \u00e9volu\u00e9 dans un environnement plus hostile et donc plus technique qu\u2019\u00e0 mon habitude ! Et puisque la totalit\u00e9 du montant de l\u2019inscription sera revers\u00e9 au T\u00e9l\u00e9thon\u2026que demander de plus ?! \u00bb<\/em><\/div>\n<div class=\"\"><\/div>\n<p><strong>Bravo Pierre\u00a0 pour ce beau geste T\u00e9l\u00e9thon !<\/strong> <a href=\"https:\/\/cgfm.fr\/cgfmwp\/wp-content\/uploads\/2019\/05\/bravo-11.gif\"><img loading=\"lazy\" decoding=\"async\" class=\"alignnone size-full wp-image-1348\" src=\"https:\/\/cgfm.fr\/cgfmwp\/wp-content\/uploads\/2019\/05\/bravo-11.gif\" alt=\"\" width=\"66\" height=\"66\" \/><\/a><\/p>\n<p>&nbsp;<\/p>\n<h4>et voici un\u00a0 autre T\u00e9l\u00e9thon a 2 pas de Mulhouse\u00a0 :<\/h4>\n<h4>\u00a0 \u00a0 \u00a0 \u00a0 \u00a0 \u00a0 \u00a0 \u00a0 \u00a0 \u00a0 \u00a0 \u00a0 celui de Bruebach\u00a0 le 08 \/12 \/2019<\/h4>\n<h6>\u00a0n&rsquo;ayez pas pas peur\u00a0 , ce n&rsquo;est pas 18 km\u00a0 !!! <a href=\"https:\/\/cgfm.fr\/cgfmwp\/wp-content\/uploads\/2019\/05\/ny00amai.gif\"><img loading=\"lazy\" decoding=\"async\" class=\"alignnone  wp-image-1377\" src=\"https:\/\/cgfm.fr\/cgfmwp\/wp-content\/uploads\/2019\/05\/ny00amai.gif\" alt=\"\" width=\"24\" height=\"24\" \/><\/a><\/h6>\n<h4>mais juste une boucle de 700 m\u00e8tres\u00a0 a faire soit en courant soit en marchant . + d&rsquo;infos ci dessous\u00a0 .<\/h4>\n<p><a href=\"https:\/\/cgfm.fr\/cgfmwp\/wp-content\/uploads\/2019\/12\/Telethon-Bruebach-scaled.jpg\"><img loading=\"lazy\" decoding=\"async\" class=\"alignnone size-medium wp-image-1972\" src=\"https:\/\/cgfm.fr\/cgfmwp\/wp-content\/uploads\/2019\/12\/Telethon-Bruebach-212x300.jpg\" alt=\"\" width=\"212\" height=\"300\" \/><\/a><\/p>\n<p>&nbsp;<\/p>\n","protected":false},"excerpt":{"rendered":"<p>&nbsp; \u00a0le trail s&rsquo;associe au T\u00e9l\u00e9thon\u00a0 &#8230; pourquoi pas ,\u00a0 c&rsquo;est compatible ! \u00a0 \u00a0 \u00a0 \u00a0 \u00a0 \u00a0 \u00a0 \u00a0Esprit de solidarit\u00e9 oblige . Pierre y a particip\u00e9 et nous fait part de son parcours &#8230;. \u00ab H\u00e9sitant \u00e0 prendre un dossard jusqu\u2019\u00e0 la derni\u00e8re minute, c\u2019est le matin m\u00eame de la course, sur &hellip; <\/p>\n<p class=\"link-more\"><a href=\"https:\/\/cgfm.fr\/cgfmwp\/le-temps-des-telethons\/\" class=\"more-link\">Lire la suite de<span class=\"screen-reader-text\">\u00ab\u00a0le temps des T\u00e9l\u00e9thons\u00a0\u00bb<\/span><\/a><\/p>\n","protected":false},"author":5,"featured_media":0,"comment_status":"open","ping_status":"open","sticky":false,"template":"","format":"standard","meta":{"footnotes":""},"categories":[24],"tags":[],"class_list":["post-1966","post","type-post","status-publish","format-standard","hentry","category-benevolat-courses-caricatives"],"_links":{"self":[{"href":"https:\/\/cgfm.fr\/cgfmwp\/wp-json\/wp\/v2\/posts\/1966","targetHints":{"allow":["GET"]}}],"collection":[{"href":"https:\/\/cgfm.fr\/cgfmwp\/wp-json\/wp\/v2\/posts"}],"about":[{"href":"https:\/\/cgfm.fr\/cgfmwp\/wp-json\/wp\/v2\/types\/post"}],"author":[{"embeddable":true,"href":"https:\/\/cgfm.fr\/cgfmwp\/wp-json\/wp\/v2\/users\/5"}],"replies":[{"embeddable":true,"href":"https:\/\/cgfm.fr\/cgfmwp\/wp-json\/wp\/v2\/comments?post=1966"}],"version-history":[{"count":0,"href":"https:\/\/cgfm.fr\/cgfmwp\/wp-json\/wp\/v2\/posts\/1966\/revisions"}],"wp:attachment":[{"href":"https:\/\/cgfm.fr\/cgfmwp\/wp-json\/wp\/v2\/media?parent=1966"}],"wp:term":[{"taxonomy":"category","embeddable":true,"href":"https:\/\/cgfm.fr\/cgfmwp\/wp-json\/wp\/v2\/categories?post=1966"},{"taxonomy":"post_tag","embeddable":true,"href":"https:\/\/cgfm.fr\/cgfmwp\/wp-json\/wp\/v2\/tags?post=1966"}],"curies":[{"name":"wp","href":"https:\/\/api.w.org\/{rel}","templated":true}]}}