{"id":1829,"date":"2019-09-27T14:21:05","date_gmt":"2019-09-27T12:21:05","guid":{"rendered":"http:\/\/cgfm.fr\/cgfmwp\/?p=1829"},"modified":"2019-09-29T09:08:43","modified_gmt":"2019-09-29T07:08:43","slug":"les-kids-mulhousiennes-2019","status":"publish","type":"post","link":"https:\/\/cgfm.fr\/cgfmwp\/les-kids-mulhousiennes-2019\/","title":{"rendered":"Les Kids + Mulhousiennes 2019"},"content":{"rendered":"<p>Cette fin de mois de septembre\u00a0 a \u00e9t\u00e9 tr\u00e8s riche et repr\u00e9sentative du b\u00e9n\u00e9volat +\u00a0 participation\u00a0 de notre club lors de ces 2 \u00e9v\u00e9nements .<\/p>\n<h5><strong>\u00ab\u00a0L&rsquo;esprit\u00a0\u00bb CGFM tout simplement\u00a0 !<\/strong><\/h5>\n<p>&nbsp;<\/p>\n<p>a\u00a0 commencer par le samedi des<strong> Kids <\/strong>\u00a0:<\/p>\n<p>ou Yasmina , Laura , Elisabeth +\u00a0 , Anne , Amal ,\u00a0 \u00a0C\u00e9line,\u00a0 Jean Christophe, Eric et Marine, se devait d&rsquo;ouvrir \/ fermer les diff\u00e9rentes courses des <strong>Kids\u00a0<\/strong><\/p>\n<p><img decoding=\"async\" class=\"tolb-img\" src=\"https:\/\/lesmulhousiennes.com\/wp-content\/uploads\/2019\/09\/les-mulhousiennes-kids-2019_22-Eva-ouvreurs-TH.jpg\" alt=\"Les mulhousiennes kids 2019_22 Eva ouvreurs TH\" \/><\/p>\n<p>&nbsp;<\/p>\n<p><img loading=\"lazy\" decoding=\"async\" class=\"spotlight\" src=\"https:\/\/scontent-cdg2-1.xx.fbcdn.net\/v\/t1.0-9\/71558551_506136373510379_6256314989900988416_n.jpg?_nc_cat=108&amp;_nc_oc=AQlnYPTq98Uo6C0EufQNwg6keRwrWq095zIKbyOA_WHLQXUevs0GaD7uuKzN0Q82rehwATynLP50C1IPriwPbXbR&amp;_nc_ht=scontent-cdg2-1.xx&amp;oh=8d72714323c14386546b1802248fee23&amp;oe=5E367083\" alt=\"L\u2019image contient peut-\u00eatre\u00a0: 3 personnes, personnes souriantes, personnes debout et plein air\" width=\"168\" height=\"126\" aria-busy=\"false\" \/>\u00a0 \u00a0 \u00a0 \u00a0 \u00a0 \u00a0 \u00a0 \u00a0 \u00a0 \u00a0 \u00a0<img loading=\"lazy\" decoding=\"async\" class=\"spotlight\" src=\"https:\/\/scontent-cdg2-1.xx.fbcdn.net\/v\/t1.0-9\/70581830_506136430177040_8666678446329430016_n.jpg?_nc_cat=103&amp;_nc_oc=AQlejv1TYEZNwCdOYKdLGUdarsifC0SVGl2Lgdrko5jYdD03HYiN_lx5iV-2LxVzdtbYD_pM4snbRyZlnl93_ZCs&amp;_nc_ht=scontent-cdg2-1.xx&amp;oh=9d3933558a546e4a9140520797abc67b&amp;oe=5E296BCB\" alt=\"L\u2019image contient peut-\u00eatre\u00a0: 1 personne, pratique un sport et plein air\" width=\"189\" height=\"126\" aria-busy=\"false\" \/><\/p>\n<p>&nbsp;<\/p>\n<p>et bien sur sous les \u00ab\u00a0ordres \u00a0\u00bb de notre pr\u00e9sident\u00a0 \u00a0Bernard\u00a0 !<\/p>\n<p><img loading=\"lazy\" decoding=\"async\" class=\"spotlight\" src=\"https:\/\/scontent-cdg2-1.xx.fbcdn.net\/v\/t1.0-9\/70762358_506136520177031_7366686867686686720_n.jpg?_nc_cat=104&amp;_nc_oc=AQmJw8a0hOpF5YeXaBXUj7FyIzsixFMIzmrNxaNMJkqSdeD6PfLXPdNoYd9YnQQVMUePIZ6I1Sz6Wy4l1gBl1URN&amp;_nc_ht=scontent-cdg2-1.xx&amp;oh=1a2cd05a6a846577aadc109e9d384dfa&amp;oe=5DFE77DF\" alt=\"L\u2019image contient peut-\u00eatre\u00a0: 3 personnes, personnes debout et plein air\" width=\"200\" height=\"133\" aria-busy=\"false\" \/>\u00a0 \u00a0 \u00a0 \u00a0\u00a0 <img loading=\"lazy\" decoding=\"async\" class=\"spotlight\" src=\"https:\/\/scontent-cdg2-1.xx.fbcdn.net\/v\/t1.0-9\/71167707_506136290177054_1022854175303663616_n.jpg?_nc_cat=111&amp;_nc_oc=AQkIxPWrfvEUnc_TEX-xNfpJljoKHt373ILP6FgF3QzQvGX-NMh_u5sOPhQowOEgafPLjQ2Ko2oFRsR0NcgCpb_v&amp;_nc_ht=scontent-cdg2-1.xx&amp;oh=53b02826db0cc1c7cb740897b84d1b9c&amp;oe=5E328F28\" alt=\"L\u2019image contient peut-\u00eatre\u00a0: 4 personnes, personnes debout et personnes sur sc\u00e8ne\" width=\"173\" height=\"260\" aria-busy=\"false\" \/><\/p>\n<p>Un grand bravo aux enfants pour toute cette \u00e9nergie !<\/p>\n<p><img loading=\"lazy\" decoding=\"async\" class=\"spotlight\" src=\"https:\/\/scontent-cdg2-1.xx.fbcdn.net\/v\/t1.0-9\/71570888_506136476843702_1425458134683484160_n.jpg?_nc_cat=104&amp;_nc_oc=AQlUeZG8jeW72DKrRv3fBDOQCt9q3iNrF4Q2Q7c4--FNFEVskf5PDfJspAo0rfwiMEwJK7OfTOWzoRmAJUHvc7p2&amp;_nc_ht=scontent-cdg2-1.xx&amp;oh=44591491a1146e567ac0e6fe1b368998&amp;oe=5E2AD250\" alt=\"L\u2019image contient peut-\u00eatre\u00a0: une personne ou plus, personnes debout, terrain de basketball et plein air\" width=\"194\" height=\"129\" aria-busy=\"false\" \/>\u00a0 \u00a0 \u00a0 \u00a0 <img loading=\"lazy\" decoding=\"async\" class=\"tolb-img\" src=\"https:\/\/lesmulhousiennes.com\/wp-content\/uploads\/2019\/09\/Leane-7-9.jpg\" alt=\"Leane 7-9\" width=\"140\" height=\"210\" \/><\/p>\n<p>Et merci aux b\u00e9n\u00e9voles pour ce temps donn\u00e9 !<\/p>\n<p>bravo et merci \u00e9galement a\u00a0 Laura pour les photos ! <a href=\"https:\/\/cgfm.fr\/cgfmwp\/wp-content\/uploads\/2019\/05\/ny00amai.gif\"><img loading=\"lazy\" decoding=\"async\" class=\"alignnone wp-image-1377\" src=\"https:\/\/cgfm.fr\/cgfmwp\/wp-content\/uploads\/2019\/05\/ny00amai.gif\" alt=\"\" width=\"94\" height=\"94\" \/>\u00a0<\/a><\/p>\n<h4>Le lendemain\u00a0 dimanche &#8230; c\u2019\u00e9tait une vague f\u00e9minine\u00a0qui s&rsquo;est empar\u00e9 du stade de l&rsquo;Ill !<\/h4>\n<p><strong style=\"font-size: 18px;\">Les MULHOUSIENNES\u00a0 : une\u00a0 manifestation au profit de bonnes causes\u00a0 :\u00a0 le cancer et autres causes en lien avec les femmes et les enfants.<\/strong><\/p>\n<p><img decoding=\"async\" class=\"spotlight\" src=\"https:\/\/scontent-cdg2-1.xx.fbcdn.net\/v\/t1.0-9\/71337772_2443664732385271_7630198139386855424_n.jpg?_nc_cat=105&amp;_nc_oc=AQmdISynYURp1O4hgdLor9xAIqoBJXfpiNENLBu8K_6Um8D6IUQGyKEjn1XppPlAqz2cUK07sECj5Un4KbqrpsDk&amp;_nc_ht=scontent-cdg2-1.xx&amp;oh=ad51e4e284eb30fc236a64320864f3fc&amp;oe=5DF43C66\" alt=\"L\u2019image contient peut-\u00eatre\u00a0: 2 personnes, foule, stade et plein air\" aria-busy=\"true\" \/><\/p>\n<h6 class=\"vc_custom_heading\"><span style=\"font-size: 24px;\">8000 coureuses et marcheuses , <\/span><span style=\"font-size: 24px;\">400 b\u00e9n\u00e9voles, 100 partenaires, un public encourageant\u2026un\u00a0 stade de l\u2019Ill gonfl\u00e9 \u00e0 bloc et couleur saumon pour la 6\u00e8me \u00e9dition des Mulhousiennes !<\/span><\/h6>\n<p>&nbsp;<\/p>\n<h4>\u00a0Bravo\u00a0 a toutes ces <strong>cgfmoises<\/strong> d&rsquo;avoir\u00a0 d&rsquo;avoir apport\u00e9 leur soutien aux diff\u00e9rentes bonnes causes tout en r\u00e9alisant de bons \u00a0\u00bb chronos \u00a0\u00bb .<\/h4>\n<p>&nbsp;<\/p>\n<p><img decoding=\"async\" class=\"spotlight\" src=\"https:\/\/scontent-cdg2-1.xx.fbcdn.net\/v\/t1.0-9\/70949572_506798056777544_6503605643297947648_n.jpg?_nc_cat=110&amp;_nc_oc=AQltDc7ZCISimZlKjyDEGLMJ3mSw0Cp-CUYKVhEBGc_lWk5VsjjHfTWyfjNpVMaALr3wL150pv2AzUUpcXCvshhY&amp;_nc_ht=scontent-cdg2-1.xx&amp;oh=497a36b18dcee0cc2f45548de97dca8b&amp;oe=5DF8101F\" alt=\"L\u2019image contient peut-\u00eatre\u00a0: 19 personnes, personnes souriantes, chaussures\" aria-busy=\"false\" \/><\/p>\n<h5><strong>Bravo a toutes celles qui ont particip\u00e9 a cette edition 2019 :<\/strong><\/h5>\n<p><strong>Yahia , Ga\u00eblle\u00a0 , Catherine , Yasmina ,\u00a0 Martine D. ,\u00a0 \u00a0Estelle\u00a0 B\u00a0 ,\u00a0 Elisabeth , P\u00e9tra ,\u00a0 Estelle U ,\u00a0 \u00a0 Estelle A\u00a0 , Catherine , Lisa , Laura ,\u00a0 Quelis ,\u00a0 \u00a0Anne M , Marie\u00a0 ,\u00a0 Sylvie K\u00a0 , Mait\u00e9 , Caroline, Viviane A , B\u00e9n\u00e9dicte, Sandrine W , Anne C ,\u00a0 \u00a0G\u00e9raldine\u00a0 , H\u00e9l\u00e8ne\u00a0 \u00a0,\u00a0 \u00a0Viviane L\u00a0 .<\/strong> &#8230;&#8230;<\/p>\n<h4>\u00a0sans oublier bien sur\u00a0 toutes les autres\u00a0 qui font partie de cette superbe grande organisation\u00a0 des<\/h4>\n<h4><strong>\u00a0 \u00a0 \u00a0 \u00a0 \u00a0 \u00a0 \u00a0 \u00a0 \u00a0 \u00a0 \u00a0 \u00a0 \u00a0 \u00a0 \u00a0 \u00a0 \u00a0 \u00a0\u00a0\u00bb Mulhousiennes \u00a0\u00bb\u00a0\u00a0<\/strong><\/h4>\n<p>&nbsp;<\/p>\n<h5 class=\"moz-quote-pre\">Christelle, Fred, Laurence L, Laurence S, Martine, Muriel et Claudia qui sommes au Club mais \u00e9galement\u2026 Aline, Anne-Catherine, Catherine, Cathy, Dany, Katia, Maryline et Patricia<\/h5>\n<h4>sans qui tout cela n&rsquo;existerait pas .<\/h4>\n<p>&nbsp;<\/p>\n<p>&nbsp;<\/p>\n","protected":false},"excerpt":{"rendered":"<p>Cette fin de mois de septembre\u00a0 a \u00e9t\u00e9 tr\u00e8s riche et repr\u00e9sentative du b\u00e9n\u00e9volat +\u00a0 participation\u00a0 de notre club lors de ces 2 \u00e9v\u00e9nements . \u00ab\u00a0L&rsquo;esprit\u00a0\u00bb CGFM tout simplement\u00a0 ! &nbsp; a\u00a0 commencer par le samedi des Kids \u00a0: ou Yasmina , Laura , Elisabeth +\u00a0 , Anne , Amal ,\u00a0 \u00a0C\u00e9line,\u00a0 Jean Christophe, Eric &hellip; <\/p>\n<p class=\"link-more\"><a href=\"https:\/\/cgfm.fr\/cgfmwp\/les-kids-mulhousiennes-2019\/\" class=\"more-link\">Lire la suite de<span class=\"screen-reader-text\">\u00ab\u00a0Les Kids + Mulhousiennes 2019\u00a0\u00bb<\/span><\/a><\/p>\n","protected":false},"author":5,"featured_media":0,"comment_status":"open","ping_status":"open","sticky":false,"template":"","format":"standard","meta":{"footnotes":""},"categories":[24],"tags":[],"class_list":["post-1829","post","type-post","status-publish","format-standard","hentry","category-benevolat-courses-caricatives"],"_links":{"self":[{"href":"https:\/\/cgfm.fr\/cgfmwp\/wp-json\/wp\/v2\/posts\/1829","targetHints":{"allow":["GET"]}}],"collection":[{"href":"https:\/\/cgfm.fr\/cgfmwp\/wp-json\/wp\/v2\/posts"}],"about":[{"href":"https:\/\/cgfm.fr\/cgfmwp\/wp-json\/wp\/v2\/types\/post"}],"author":[{"embeddable":true,"href":"https:\/\/cgfm.fr\/cgfmwp\/wp-json\/wp\/v2\/users\/5"}],"replies":[{"embeddable":true,"href":"https:\/\/cgfm.fr\/cgfmwp\/wp-json\/wp\/v2\/comments?post=1829"}],"version-history":[{"count":0,"href":"https:\/\/cgfm.fr\/cgfmwp\/wp-json\/wp\/v2\/posts\/1829\/revisions"}],"wp:attachment":[{"href":"https:\/\/cgfm.fr\/cgfmwp\/wp-json\/wp\/v2\/media?parent=1829"}],"wp:term":[{"taxonomy":"category","embeddable":true,"href":"https:\/\/cgfm.fr\/cgfmwp\/wp-json\/wp\/v2\/categories?post=1829"},{"taxonomy":"post_tag","embeddable":true,"href":"https:\/\/cgfm.fr\/cgfmwp\/wp-json\/wp\/v2\/tags?post=1829"}],"curies":[{"name":"wp","href":"https:\/\/api.w.org\/{rel}","templated":true}]}}