{"id":1641,"date":"2019-07-23T20:52:27","date_gmt":"2019-07-23T18:52:27","guid":{"rendered":"http:\/\/cgfm.fr\/cgfmwp\/?p=1641"},"modified":"2019-07-23T20:52:27","modified_gmt":"2019-07-23T18:52:27","slug":"les-cretes-vosgiennes-a-decouvrir","status":"publish","type":"post","link":"https:\/\/cgfm.fr\/cgfmwp\/les-cretes-vosgiennes-a-decouvrir\/","title":{"rendered":"les Cr\u00eates Vosgiennes &#8230;a d\u00e9couvrir !"},"content":{"rendered":"<h3>\u00a0C\u00e9line nous partage sa reco des Cr\u00eates 2019 !<\/h3>\n<p>&nbsp;<\/p>\n<pre><em>J\u2019ai particip\u00e9 le 21\/07\/2019 \u00e0 la reconnaissance du Trail des cr\u00eates vosgiennes.\r\n<a href=\"https:\/\/cgfm.fr\/cgfmwp\/wp-content\/uploads\/2019\/07\/IMG_8451.jpg\"><img loading=\"lazy\" decoding=\"async\" class=\"alignnone wp-image-1642\" src=\"https:\/\/cgfm.fr\/cgfmwp\/wp-content\/uploads\/2019\/07\/IMG_8451-300x225.jpg\" alt=\"\" width=\"239\" height=\"179\" srcset=\"https:\/\/cgfm.fr\/cgfmwp\/wp-content\/uploads\/2019\/07\/IMG_8451-300x225.jpg 300w, https:\/\/cgfm.fr\/cgfmwp\/wp-content\/uploads\/2019\/07\/IMG_8451-768x576.jpg 768w, https:\/\/cgfm.fr\/cgfmwp\/wp-content\/uploads\/2019\/07\/IMG_8451-1024x768.jpg 1024w, https:\/\/cgfm.fr\/cgfmwp\/wp-content\/uploads\/2019\/07\/IMG_8451.jpg 1280w\" sizes=\"auto, (max-width: 239px) 100vw, 239px\" \/><\/a> Superbe parcours de 33km et 1400D+. Nous \u00e9tions une vingtaine jusqu\u2019au col de la Schlucht puis plus que 5 jusqu\u2019\u00e0 l\u2019arriv\u00e9e \u00e0 l\u2019auberge de Blancrupt. Les panoramas sont uniques et \u00e9poustouflants. <a href=\"https:\/\/cgfm.fr\/cgfmwp\/wp-content\/uploads\/2019\/07\/IMG_8447.jpg\"><img loading=\"lazy\" decoding=\"async\" class=\"alignnone size-medium wp-image-1643\" src=\"https:\/\/cgfm.fr\/cgfmwp\/wp-content\/uploads\/2019\/07\/IMG_8447-300x225.jpg\" alt=\"\" width=\"300\" height=\"225\" srcset=\"https:\/\/cgfm.fr\/cgfmwp\/wp-content\/uploads\/2019\/07\/IMG_8447-300x225.jpg 300w, https:\/\/cgfm.fr\/cgfmwp\/wp-content\/uploads\/2019\/07\/IMG_8447-768x576.jpg 768w, https:\/\/cgfm.fr\/cgfmwp\/wp-content\/uploads\/2019\/07\/IMG_8447-1024x768.jpg 1024w, https:\/\/cgfm.fr\/cgfmwp\/wp-content\/uploads\/2019\/07\/IMG_8447.jpg 2048w\" sizes=\"auto, (max-width: 300px) 100vw, 300px\" \/><\/a>\r\nLes sentiers sont pour la plupart \u00e9puisants nerveusement car tr\u00e8s caillouteux. La moindre d\u00e9concentration et c\u2019est la chute assur\u00e9e. \r\n<a href=\"https:\/\/cgfm.fr\/cgfmwp\/wp-content\/uploads\/2019\/07\/IMG_8449.jpg\"><img loading=\"lazy\" decoding=\"async\" class=\"alignnone size-medium wp-image-1644\" src=\"https:\/\/cgfm.fr\/cgfmwp\/wp-content\/uploads\/2019\/07\/IMG_8449-300x225.jpg\" alt=\"\" width=\"300\" height=\"225\" srcset=\"https:\/\/cgfm.fr\/cgfmwp\/wp-content\/uploads\/2019\/07\/IMG_8449-300x225.jpg 300w, https:\/\/cgfm.fr\/cgfmwp\/wp-content\/uploads\/2019\/07\/IMG_8449-768x576.jpg 768w, https:\/\/cgfm.fr\/cgfmwp\/wp-content\/uploads\/2019\/07\/IMG_8449-1024x768.jpg 1024w, https:\/\/cgfm.fr\/cgfmwp\/wp-content\/uploads\/2019\/07\/IMG_8449.jpg 2048w\" sizes=\"auto, (max-width: 300px) 100vw, 300px\" \/><\/a>\r\n\r\nHeureusement pas de bobos parmi les participants &#x1f600;.\r\n\r\n<a href=\"https:\/\/cgfm.fr\/cgfmwp\/wp-content\/uploads\/2019\/07\/IMG_8458.jpg\"><img loading=\"lazy\" decoding=\"async\" class=\"alignnone size-medium wp-image-1645\" src=\"https:\/\/cgfm.fr\/cgfmwp\/wp-content\/uploads\/2019\/07\/IMG_8458-300x225.jpg\" alt=\"\" width=\"300\" height=\"225\" srcset=\"https:\/\/cgfm.fr\/cgfmwp\/wp-content\/uploads\/2019\/07\/IMG_8458-300x225.jpg 300w, https:\/\/cgfm.fr\/cgfmwp\/wp-content\/uploads\/2019\/07\/IMG_8458-768x576.jpg 768w, https:\/\/cgfm.fr\/cgfmwp\/wp-content\/uploads\/2019\/07\/IMG_8458-1024x768.jpg 1024w, https:\/\/cgfm.fr\/cgfmwp\/wp-content\/uploads\/2019\/07\/IMG_8458.jpg 1600w\" sizes=\"auto, (max-width: 300px) 100vw, 300px\" \/><\/a> \r\n\r\n<a href=\"https:\/\/cgfm.fr\/cgfmwp\/wp-content\/uploads\/2019\/07\/IMG_8455.jpg\"><img loading=\"lazy\" decoding=\"async\" class=\"alignnone size-medium wp-image-1646\" src=\"https:\/\/cgfm.fr\/cgfmwp\/wp-content\/uploads\/2019\/07\/IMG_8455-300x225.jpg\" alt=\"\" width=\"300\" height=\"225\" srcset=\"https:\/\/cgfm.fr\/cgfmwp\/wp-content\/uploads\/2019\/07\/IMG_8455-300x225.jpg 300w, https:\/\/cgfm.fr\/cgfmwp\/wp-content\/uploads\/2019\/07\/IMG_8455-768x576.jpg 768w, https:\/\/cgfm.fr\/cgfmwp\/wp-content\/uploads\/2019\/07\/IMG_8455-1024x768.jpg 1024w, https:\/\/cgfm.fr\/cgfmwp\/wp-content\/uploads\/2019\/07\/IMG_8455.jpg 1600w\" sizes=\"auto, (max-width: 300px) 100vw, 300px\" \/><\/a>\r\nJ'ai pass\u00e9 une superbe journ\u00e9e avec un groupe tr\u00e8s sympathique, \u00e0 refaire.\r\n\r\n\r\n<\/em> C\u00e9line\r\n<a href=\"https:\/\/cgfm.fr\/cgfmwp\/wp-content\/uploads\/2019\/07\/IMG_8460.jpg\"><img loading=\"lazy\" decoding=\"async\" class=\"alignnone size-medium wp-image-1647\" src=\"https:\/\/cgfm.fr\/cgfmwp\/wp-content\/uploads\/2019\/07\/IMG_8460-300x225.jpg\" alt=\"\" width=\"300\" height=\"225\" srcset=\"https:\/\/cgfm.fr\/cgfmwp\/wp-content\/uploads\/2019\/07\/IMG_8460-300x225.jpg 300w, https:\/\/cgfm.fr\/cgfmwp\/wp-content\/uploads\/2019\/07\/IMG_8460-768x576.jpg 768w, https:\/\/cgfm.fr\/cgfmwp\/wp-content\/uploads\/2019\/07\/IMG_8460-1024x768.jpg 1024w, https:\/\/cgfm.fr\/cgfmwp\/wp-content\/uploads\/2019\/07\/IMG_8460.jpg 1280w\" sizes=\"auto, (max-width: 300px) 100vw, 300px\" \/><\/a><\/pre>\n<h6 id=\"cc-m-header-11498262798\">Merci a C\u00e9line pour ces magnifiques photos de paysages !<\/h6>\n<pre>les Cretes Vosgiennes auront lieu le dimanche 18 ao\u00fbt 2019 pour la 44e \u00e9dition !<\/pre>\n<p>il existe aussi une version courte de 13 km et\u00a0 \u00a0450 D + .<\/p>\n<p>a notez que c&rsquo;est une course en ligne &#8230; pr\u00e9voir temps suppl\u00e9mentaire pour transport \/navette.<\/p>\n<p>\/\/\/\/\/\/\/\/\/\/\/\/\/\/\/\/\/\/\/\/\/\/\/\/\/\/\/\/\/\/\/\/\/\/\/\/\/\/\/\/\/\/\/\/\/\/\/\/\/\/\/\/\/\/\/\/\/\/\/\/\/\/\/\/\/\/\/\/\/\/\/\/\/\/\/\/\/\/\/\/\/\/\/\/\/\/\/\/\/\/\/\/<\/p>\n<p>autres\u00a0 infos :<\/p>\n<p><b>r\u00e9ouverture<\/b><strong>\u00a0vestiaires Club le mercredi 07 Ao\u00fbt 2019 .<\/strong><\/p>\n<p>et aussi la reprise a la salle de musculation du Palais des sports qui sera disponible les vendredis soirs de 19 h \u00e0 20 h 15 .<\/p>\n<p>Prochain article entre autres &#8230; :\u00a0<a href=\"https:\/\/www.la6000d.com\/fr\/\">https:\/\/www.la6000d.com\/fr\/<\/a><\/p>\n<p>&nbsp;<\/p>\n","protected":false},"excerpt":{"rendered":"<p>\u00a0C\u00e9line nous partage sa reco des Cr\u00eates 2019 ! &nbsp; J\u2019ai particip\u00e9 le 21\/07\/2019 \u00e0 la reconnaissance du Trail des cr\u00eates vosgiennes. Superbe parcours de 33km et 1400D+. Nous \u00e9tions une vingtaine jusqu\u2019au col de la Schlucht puis plus que 5 jusqu\u2019\u00e0 l\u2019arriv\u00e9e \u00e0 l\u2019auberge de Blancrupt. Les panoramas sont uniques et \u00e9poustouflants. Les sentiers &hellip; <\/p>\n<p class=\"link-more\"><a href=\"https:\/\/cgfm.fr\/cgfmwp\/les-cretes-vosgiennes-a-decouvrir\/\" class=\"more-link\">Lire la suite de<span class=\"screen-reader-text\">\u00ab\u00a0les Cr\u00eates Vosgiennes &#8230;a d\u00e9couvrir !\u00a0\u00bb<\/span><\/a><\/p>\n","protected":false},"author":5,"featured_media":0,"comment_status":"open","ping_status":"open","sticky":false,"template":"","format":"standard","meta":{"footnotes":""},"categories":[21],"tags":[],"class_list":["post-1641","post","type-post","status-publish","format-standard","hentry","category-reco-infos"],"_links":{"self":[{"href":"https:\/\/cgfm.fr\/cgfmwp\/wp-json\/wp\/v2\/posts\/1641","targetHints":{"allow":["GET"]}}],"collection":[{"href":"https:\/\/cgfm.fr\/cgfmwp\/wp-json\/wp\/v2\/posts"}],"about":[{"href":"https:\/\/cgfm.fr\/cgfmwp\/wp-json\/wp\/v2\/types\/post"}],"author":[{"embeddable":true,"href":"https:\/\/cgfm.fr\/cgfmwp\/wp-json\/wp\/v2\/users\/5"}],"replies":[{"embeddable":true,"href":"https:\/\/cgfm.fr\/cgfmwp\/wp-json\/wp\/v2\/comments?post=1641"}],"version-history":[{"count":0,"href":"https:\/\/cgfm.fr\/cgfmwp\/wp-json\/wp\/v2\/posts\/1641\/revisions"}],"wp:attachment":[{"href":"https:\/\/cgfm.fr\/cgfmwp\/wp-json\/wp\/v2\/media?parent=1641"}],"wp:term":[{"taxonomy":"category","embeddable":true,"href":"https:\/\/cgfm.fr\/cgfmwp\/wp-json\/wp\/v2\/categories?post=1641"},{"taxonomy":"post_tag","embeddable":true,"href":"https:\/\/cgfm.fr\/cgfmwp\/wp-json\/wp\/v2\/tags?post=1641"}],"curies":[{"name":"wp","href":"https:\/\/api.w.org\/{rel}","templated":true}]}}