{"id":1129,"date":"2018-12-19T22:12:14","date_gmt":"2018-12-19T21:12:14","guid":{"rendered":"http:\/\/cgfm.fr\/cgfmwp\/?p=1129"},"modified":"2018-12-19T22:12:14","modified_gmt":"2018-12-19T21:12:14","slug":"ronde-des-creches-2018-masevaux","status":"publish","type":"post","link":"https:\/\/cgfm.fr\/cgfmwp\/ronde-des-creches-2018-masevaux\/","title":{"rendered":"Ronde des Creches 2018 Masevaux"},"content":{"rendered":"<p>*******\u00a0 \u00a0<a href=\"https:\/\/cgfm.fr\/cgfmwp\/wp-content\/uploads\/2018\/12\/Ronde-des-cr\u00e8ches-2018-page-001.jpg\"><img loading=\"lazy\" decoding=\"async\" class=\"alignnone wp-image-1130\" src=\"https:\/\/cgfm.fr\/cgfmwp\/wp-content\/uploads\/2018\/12\/Ronde-des-cr\u00e8ches-2018-page-001-211x300.jpg\" alt=\"\" width=\"271\" height=\"386\" \/>\u00a0***********<\/a><\/p>\n<p>Pres de 450 arrivants<\/p>\n<p>a cette manifestation\u00a0nocturne\u00a0 d&rsquo;environ 9 km\u00a0 bien conviviale compos\u00e9e\u00a0 de plusieurs boucles\u00a0 en plein centre de Masevaux\u00a0 illumin\u00e9 pour l&rsquo;occasion des f\u00eates de fin d&rsquo;ann\u00e9e .<\/p>\n<p>ou vous ne serez pas surpris d&rsquo;y rencontrer<\/p>\n<p>le p\u00e8re Noel\u00a0 !!!\u00a0 \u00a0\u00a0<a href=\"https:\/\/cgfm.fr\/cgfmwp\/wp-content\/uploads\/2018\/12\/Capture.jpg\"><img loading=\"lazy\" decoding=\"async\" class=\"alignnone  wp-image-1139\" src=\"https:\/\/cgfm.fr\/cgfmwp\/wp-content\/uploads\/2018\/12\/Capture-300x240.jpg\" alt=\"\" width=\"183\" height=\"146\" srcset=\"https:\/\/cgfm.fr\/cgfmwp\/wp-content\/uploads\/2018\/12\/Capture-300x240.jpg 300w, https:\/\/cgfm.fr\/cgfmwp\/wp-content\/uploads\/2018\/12\/Capture.jpg 523w\" sizes=\"auto, (max-width: 183px) 100vw, 183px\" \/><\/a><\/p>\n<p>&nbsp;<\/p>\n<p>&nbsp;<\/p>\n<p><strong>\u00a0 \u00a08\u00a0 representants CGFM\u00a0 :<\/strong><\/p>\n<table class=\"MainTable tablesorter tablesorter-default sortable FilterCount2\" role=\"grid\">\n<tbody id=\"tb_1Data\" aria-live=\"polite\" aria-relevant=\"all\">\n<tr class=\"Hover LastRecordLine\">\n<td class=\"Comments0\"><\/td>\n<td>58 place<\/td>\n<td><\/td>\n<td>\u00a0Laurent<\/td>\n<td><\/td>\n<td><\/td>\n<td><\/td>\n<td><\/td>\n<td><\/td>\n<td>37:09<\/td>\n<\/tr>\n<\/tbody>\n<\/table>\n<table class=\"MainTable tablesorter tablesorter-default sortable FilterCount2\" role=\"grid\">\n<tbody id=\"tb_1Data\" aria-live=\"polite\" aria-relevant=\"all\">\n<tr class=\"Hover LastRecordLine\">\n<td class=\"Comments0\"><\/td>\n<td>61 place<\/td>\n<td><\/td>\n<td>\u00a0Fredo<\/td>\n<td><\/td>\n<td><\/td>\n<td><\/td>\n<td><\/td>\n<td><\/td>\n<td>37:15<\/td>\n<\/tr>\n<\/tbody>\n<\/table>\n<table class=\"MainTable tablesorter tablesorter-default sortable FilterCount2\" role=\"grid\">\n<tbody id=\"tb_1Data\" aria-live=\"polite\" aria-relevant=\"all\">\n<tr class=\"Hover LastRecordLine\">\n<td class=\"Comments0\"><\/td>\n<td>142\u00a0 place<\/td>\n<td><\/td>\n<td>\u00a0 Matthieu V<\/td>\n<td><\/td>\n<td><\/td>\n<td><\/td>\n<td><\/td>\n<td><\/td>\n<td>41:53<\/td>\n<\/tr>\n<\/tbody>\n<\/table>\n<table class=\"MainTable tablesorter tablesorter-default sortable FilterCount2\" role=\"grid\">\n<tbody id=\"tb_1Data\" aria-live=\"polite\" aria-relevant=\"all\">\n<tr class=\"Hover LastRecordLine\">\n<td class=\"Comments0\"><\/td>\n<td>152\u00a0place<\/td>\n<td><\/td>\n<td>\u00a0Michel<\/td>\n<td><\/td>\n<td><\/td>\n<td><\/td>\n<td><\/td>\n<td><\/td>\n<td>42:07<\/td>\n<\/tr>\n<\/tbody>\n<\/table>\n<p><em><span style=\"font-family: Times New Roman, Times, serif;\"> course sympa, plus difficile qu&rsquo;il n&rsquo;y parait en raison des nombreux virages en angle droit et donc des nombreuses relances; tr\u00e8s bons bredeles et pain d&rsquo;\u00e9pice \u00e0 l&rsquo;arriv\u00e9e !<\/span><\/em><\/p>\n<p><em>\u00a0Michel .<\/em><\/p>\n<table class=\"MainTable tablesorter tablesorter-default sortable FilterCount2\" role=\"grid\">\n<tbody id=\"tb_1Data\" aria-live=\"polite\" aria-relevant=\"all\">\n<tr class=\"Hover LastRecordLine\">\n<td class=\"Comments0\"><\/td>\n<td>156\u00a0place<\/td>\n<td><\/td>\n<td>\u00a0Chantal<\/td>\n<td><\/td>\n<td><\/td>\n<td><\/td>\n<td><\/td>\n<td><\/td>\n<td>42:14<\/td>\n<\/tr>\n<\/tbody>\n<\/table>\n<table class=\"MainTable tablesorter tablesorter-default sortable FilterCount2\" role=\"grid\">\n<tbody id=\"tb_1Data\" aria-live=\"polite\" aria-relevant=\"all\">\n<tr class=\"Hover LastRecordLine\">\n<td class=\"Comments0\"><\/td>\n<td>166\u00a0\u00a0place<\/td>\n<td><\/td>\n<td>\u00a0Marc-antoine<\/td>\n<td><\/td>\n<td><\/td>\n<td><\/td>\n<td><\/td>\n<td><\/td>\n<td>42:38<\/td>\n<\/tr>\n<\/tbody>\n<\/table>\n<table class=\"MainTable tablesorter tablesorter-default sortable FilterCount2\" role=\"grid\">\n<tbody id=\"tb_1Data\" aria-live=\"polite\" aria-relevant=\"all\">\n<tr class=\"Hover LastRecordLine\">\n<td class=\"Comments0\"><\/td>\n<td>186\u00a0place<\/td>\n<td><\/td>\n<td>\u00a0Daniel<\/td>\n<td><\/td>\n<td><\/td>\n<td><\/td>\n<td><\/td>\n<td><\/td>\n<td>43:47<\/td>\n<\/tr>\n<\/tbody>\n<\/table>\n<table class=\"MainTable tablesorter tablesorter-default sortable FilterCount2\" role=\"grid\">\n<tbody id=\"tb_1Data\" aria-live=\"polite\" aria-relevant=\"all\">\n<tr class=\"Hover LastRecordLine\">\n<td class=\"Comments0\"><\/td>\n<td>195\u00a0place<\/td>\n<td>102<\/td>\n<td>\u00a0Tristan<\/td>\n<td><\/td>\n<td><\/td>\n<td><\/td>\n<td><\/td>\n<td><\/td>\n<td>44:01<\/td>\n<\/tr>\n<\/tbody>\n<\/table>\n<p>&nbsp;<\/p>\n<p>***************<a href=\"https:\/\/cgfm.fr\/cgfmwp\/wp-content\/uploads\/2018\/12\/IMG_2732-1.jpg\"><img loading=\"lazy\" decoding=\"async\" class=\"alignnone size-medium wp-image-1133\" src=\"https:\/\/cgfm.fr\/cgfmwp\/wp-content\/uploads\/2018\/12\/IMG_2732-1-225x300.jpg\" alt=\"\" width=\"225\" height=\"300\" \/>********************<\/a><\/p>\n<p>Tristan\u00a0 ( nouveau membre CGFM saison 2018\/2019 )<\/p>\n<p>Ainsi que Matthieu Vedel .<\/p>\n<p>**************************Bravo a tous *********************************<\/p>\n<p>&nbsp;<\/p>\n<p><strong>\u00a0 EN VOUS SOUHAITANT A TOUTES ET A TOUS DE PASSER<\/strong><\/p>\n<p><strong>\u00a0 \u00a0 \u00a0 \u00a0 \u00a0 \u00a0 \u00a0 \u00a0DE TR\u00c8S BONNES\u00a0 F\u00caTES DE FIN D&rsquo; ANN\u00c9E !!!!!<\/strong><\/p>\n<p>&nbsp;<\/p>\n<p><a href=\"https:\/\/cgfm.fr\/cgfmwp\/wp-content\/uploads\/2018\/12\/index.jpg\">\u00a0**********\u00a0<img loading=\"lazy\" decoding=\"async\" class=\"alignnone size-full wp-image-1137\" src=\"https:\/\/cgfm.fr\/cgfmwp\/wp-content\/uploads\/2018\/12\/index.jpg\" alt=\"\" width=\"275\" height=\"183\" \/><strong>**********<\/strong><\/a><\/p>\n<p>&nbsp;<\/p>\n<p>&#8212;&#8212;&#8212;&#8212;&#8212;&#8212;&#8212; <strong>rdv\u00a0 le\u00a0 09 Janvier 2019 !<\/strong>&#8212;&#8212;&#8212;&#8212;&#8212;&#8212;&#8212;&#8211;<\/p>\n<p>Ou le mercredi 26 decembre 2018 et le\u00a0 mercredi 02 janvier 2019 pour ceux\u00a0 qui d\u00e9sire prolonger le plaisir de courir pendant cette tr\u00eave hivernale .<\/p>\n<p>( Voir article pr\u00e9c\u00e9dent )<\/p>\n<p>Eric .<\/p>\n","protected":false},"excerpt":{"rendered":"<p>*******\u00a0 \u00a0\u00a0*********** Pres de 450 arrivants a cette manifestation\u00a0nocturne\u00a0 d&rsquo;environ 9 km\u00a0 bien conviviale compos\u00e9e\u00a0 de plusieurs boucles\u00a0 en plein centre de Masevaux\u00a0 illumin\u00e9 pour l&rsquo;occasion des f\u00eates de fin d&rsquo;ann\u00e9e . ou vous ne serez pas surpris d&rsquo;y rencontrer le p\u00e8re Noel\u00a0 !!!\u00a0 \u00a0\u00a0 &nbsp; &nbsp; \u00a0 \u00a08\u00a0 representants CGFM\u00a0 : 58 place \u00a0Laurent &hellip; <\/p>\n<p class=\"link-more\"><a href=\"https:\/\/cgfm.fr\/cgfmwp\/ronde-des-creches-2018-masevaux\/\" class=\"more-link\">Lire la suite de<span class=\"screen-reader-text\">\u00ab\u00a0Ronde des Creches 2018 Masevaux\u00a0\u00bb<\/span><\/a><\/p>\n","protected":false},"author":5,"featured_media":0,"comment_status":"open","ping_status":"open","sticky":false,"template":"","format":"standard","meta":{"footnotes":""},"categories":[6],"tags":[],"class_list":["post-1129","post","type-post","status-publish","format-standard","hentry","category-les-resultats-des-cegefemienemiens"],"_links":{"self":[{"href":"https:\/\/cgfm.fr\/cgfmwp\/wp-json\/wp\/v2\/posts\/1129","targetHints":{"allow":["GET"]}}],"collection":[{"href":"https:\/\/cgfm.fr\/cgfmwp\/wp-json\/wp\/v2\/posts"}],"about":[{"href":"https:\/\/cgfm.fr\/cgfmwp\/wp-json\/wp\/v2\/types\/post"}],"author":[{"embeddable":true,"href":"https:\/\/cgfm.fr\/cgfmwp\/wp-json\/wp\/v2\/users\/5"}],"replies":[{"embeddable":true,"href":"https:\/\/cgfm.fr\/cgfmwp\/wp-json\/wp\/v2\/comments?post=1129"}],"version-history":[{"count":0,"href":"https:\/\/cgfm.fr\/cgfmwp\/wp-json\/wp\/v2\/posts\/1129\/revisions"}],"wp:attachment":[{"href":"https:\/\/cgfm.fr\/cgfmwp\/wp-json\/wp\/v2\/media?parent=1129"}],"wp:term":[{"taxonomy":"category","embeddable":true,"href":"https:\/\/cgfm.fr\/cgfmwp\/wp-json\/wp\/v2\/categories?post=1129"},{"taxonomy":"post_tag","embeddable":true,"href":"https:\/\/cgfm.fr\/cgfmwp\/wp-json\/wp\/v2\/tags?post=1129"}],"curies":[{"name":"wp","href":"https:\/\/api.w.org\/{rel}","templated":true}]}}